{"id":488,"date":"2008-07-19T13:34:11","date_gmt":"2008-07-19T18:34:11","guid":{"rendered":"http:\/\/albertochimal.wordpress.com\/?p=62"},"modified":"2016-10-26T10:23:54","modified_gmt":"2016-10-26T15:23:54","slug":"boletines","status":"publish","type":"post","link":"https:\/\/www.lashistorias.com.mx\/index.php\/boletines\/","title":{"rendered":"Boletines"},"content":{"rendered":"<p>Diversos y curiosos avisos, incluyendo tres sitios web y un concurso de cuento:<\/p>\n<p><img loading=\"lazy\" decoding=\"async\" class=\"aligncenter size-full wp-image-69\" src=\"https:\/\/www.lashistorias.com.mx\/wp-content\/uploads\/2008\/07\/ubu.jpg\" alt=\"\" width=\"236\" height=\"350\" \/><\/p>\n<p><!--more-->1. Sergio Gaut vel Hartman, escritor y editor argentino (activ\u00edsimo promotor de la ciencia ficci\u00f3n y creador de numerosas antolog\u00edas, entre otras actividades), mantiene un blog, <a href=\"http:\/\/quimicamenteimpuro.blogspot.com\"><em>Qu\u00edmicamente impuro<\/em><\/a>, dedicado a la minificci\u00f3n en espa\u00f1ol. Ya lleva m\u00e1s de mil cuentos publicados, entre los que se encuentran varios de autores mexicanos, de amigos y hasta uno que otro propio. Pero lo importante es la variedad y la simple abundancia de los textos, que Sergio coloca por decenas en cada actualizaci\u00f3n. Un proyecto loco y hermoso&#8230;<\/p>\n<p>2. &#8230; al igual que el de <a href=\"http:\/\/minificciones.com.ar\/\">Minificciones.com.ar<\/a>, del que Delf\u00edn me hizo saber y que tiene el siguiente proyecto: \u00abintenta convertirse en un punto de\u00a0referencia\u00a0para aqu\u00e9l lector que busca\u00a0intensidades,\u00a0la sorpresa\u00a0en el esp\u00edritu l\u00fadicro\u00a0de la brevedad y\u00a0disfrutar de\u00a0textos\u00a0concentrados que\u00a0proponen\u00a0un desaf\u00edo,\u00a0obligando\u00a0a quien\u00a0est\u00e1 del otro lado\u00a0de la pantalla a tomar un rol activo,\u00a0a\u00a0sumarse\u00a0al\u00a0juego\u00a0de imaginar\u00a0e interpretar seg\u00fan\u00a0la propia\u00a0mirada\u00bb. Recomiendo, adem\u00e1s de los textos en s\u00ed, su reuni\u00f3n de <a href=\"http:\/\/minificciones.com.ar\/?page_id=2\">comentarios sobre la minificci\u00f3n<\/a>. El sitio convocar\u00e1 a un <a href=\"http:\/\/minificciones.com.ar\/?page_id=84\">concurso<\/a> en el mes de agosto.<\/p>\n<p>3. Bego\u00f1a Urquidi me env\u00eda la convocatoria al concurso de cuento \u00abTinta y Whisky\u00bb, convocada por Whisky Dewar&#8217;s en colaboraci\u00f3n la FIL de Guadalajara y Ediciones Urano. Transcribo aqu\u00ed lo esencial del bolet\u00edn de prensa:<\/p>\n<blockquote>[fusion_builder_container hundred_percent=\u00bbyes\u00bb overflow=\u00bbvisible\u00bb][fusion_builder_row][fusion_builder_column type=\u00bb1_1&#8243; background_position=\u00bbleft top\u00bb background_color=\u00bb\u00bb border_size=\u00bb\u00bb border_color=\u00bb\u00bb border_style=\u00bbsolid\u00bb spacing=\u00bbyes\u00bb background_image=\u00bb\u00bb background_repeat=\u00bbno-repeat\u00bb padding=\u00bb\u00bb margin_top=\u00bb0px\u00bb margin_bottom=\u00bb0px\u00bb class=\u00bb\u00bb id=\u00bb\u00bb animation_type=\u00bb\u00bb animation_speed=\u00bb0.3&#8243; animation_direction=\u00bbleft\u00bb hide_on_mobile=\u00bbno\u00bb center_content=\u00bbno\u00bb min_height=\u00bbnone\u00bb][&#8230;] Dirigida a mexicanos  (hombres y mujeres) entre 18 y 35 a\u00f1os de edad, esta convocatoria se  lanz\u00f3 de forma oficial y abierta para que los interesados env\u00eden sus  propuestas orientadas en el g\u00e9nero literario del cuento en el que el  whisky sea el eje de su historia.<\/p>\n[Los interesados] deber\u00e1n enviar su propuesta  redactada en un m\u00e1ximo de dos cuartillas a partir del 11 de julio y  hasta el 30 de septiembre cuando [se har\u00e1] una  preselecci\u00f3n [&#8230;]\nEdiciones  Urano [&#8230;] reconocer\u00e1 el talento del mejor cuentista participante  con la publicaci\u00f3n de su obra con un tiraje de 5,000 ejemplares a distribuirse  no s\u00f3lo en M\u00e9xico sino a nivel Iberoam\u00e9rica. Adem\u00e1s de este reconocimiento,  Urano ofrecer\u00e1 un contrato al escritor m\u00e1s destacado con posibilidad  de dar seguimiento a su obra consecuente.<\/p>\n<p>La Feria del Libro  de Guadalajara [&#8230;] ser\u00e1  el escenario obligado para celebrar el foro \u201cTinta y Whisky\u201d, integrado  en su programa oficial. Este foro, a celebrarse  el 4 de diciembre en la ciudad de Guadalajara, tiene como finalidad  integrar a los 30 escritores preseleccionados [&#8230;] Ser\u00e1 hasta febrero  de 2009 cuando se den a conocer los cuentos que destaquen y que se catalogar\u00e1n  como<br \/>\n<strong><\/strong><\/p>\n<p><strong>1er lugar<\/strong><\/p>\n<ul type=\"disc\">\n<li>Dewar\u2019s le ofrecer\u00e1 un    viaje a Escocia por una semana con todos los gastos pagados y una dotaci\u00f3n del whisky escoc\u00e9s.<\/li>\n<li>Ediciones Urano publicar\u00e1 su cuento y ofrecer\u00e1 un contrato para sus consecuentes proyectos literarios.<\/li>\n<li> Asesor\u00eda personal durante    un a\u00f1o por parte del escritor Ignacio Padilla.<\/li>\n<\/ul>\n<p><strong>1\u00aa Menci\u00f3n honor\u00edfica<\/strong><\/p>\n<ul type=\"disc\">\n<li>Publicaci\u00f3n de su cuento    dentro de la edici\u00f3n ganadora.<\/li>\n<\/ul>\n<p><strong>2\u00aa Menci\u00f3n honor\u00edfica<\/strong><\/p>\n<ul type=\"disc\">\n<li>Publicaci\u00f3n de su cuento    dentro de la edici\u00f3n ganadora<\/li>\n<\/ul>\n<p><strong>BASES DE LA 1\u00aa  CONVOCATORIA TINTA Y WHISKY:<\/strong><\/p>\n<p>&#8211; Enviar una semblanza  personal o CV del participante, en la que se especifiquen todos los  datos personales y acad\u00e9micos y escuela y\/o taller literario al que  pertenece. No se admiten seud\u00f3nimos.<\/p>\n<p>&#8211; Enviar una sinopsis  del cuento cuya historia tenga como eje central el Whisky con una extensi\u00f3n  m\u00e1xima de dos cuartillas a doble espacio (los escritos que se excedan  no se leer\u00e1n).<\/p>\n<p>&#8211; Las sinopsis y semblanzas  personales se deber\u00e1n enviar al correo electr\u00f3nico <a href=\"mailto:tintaywhisky@saracuellar.com\" target=\"_blank\">tintaywhisky@saracuellar.com<\/a>, o bien, por env\u00edo postal con asunto: \u201cDewar\u2019s:  Tinta y Whisky\u201d a:  Calle Campeche N\u00b0 430-2\u00ba piso. Col. Hip\u00f3dromo  de la Condesa, Delegaci\u00f3n Cuauht\u00e9moc, M\u00e9xico, D.F. C.P. 06170.<\/p>\n<p>&#8211; Fecha l\u00edmite de  entrega: 30 de septiembre de 2008. En caso de env\u00edo postal se considerar\u00e1  como v\u00e1lida la fecha que indique el matasellos.<\/p>\n<p>&#8211; Podr\u00e1n participar  en este concurso escritores mexicanos, mayores de 18 a\u00f1os y hasta 35,  que presenten obras originales e in\u00e9ditas, en idioma espa\u00f1ol.<\/p>\n<p>&#8211; Cerrado el plazo  de entrega de las solicitudes, los miembros del foro, el escritor Ignacio  Padilla, el Sr. Benito Taibo, Larisa Curiel, Editora de Ediciones Urano,  la directiva del whisky Dewar\u2019s,  y la directora de la FIL, Nubia  Mac\u00edas, elegir\u00e1n a las 30 personas que podr\u00e1n viajar desde su lugar  de origen a la ciudad de Guadalajara, Jalisco, el 4 de diciembre de  2008 para participar en el Foro de inducci\u00f3n \u201cTinta y Whisky\u201d.<\/p>\n<p>&#8211; Aquellos preseleccionados  que residan fuera de la ciudad de Guadalajara, Jalisco, recibir\u00e1n el  apoyo del 50% de los gastos de transporte y hospedaje (por la noche  del 4 de diciembre), por parte de los organizadores para poder estar  presentes en el foro dentro del marco de la FIL.<\/p>\n<p>&#8211; El Foro literario  \u201cTinta y Whisky\u201d, coordinado por Benito Taibo y dirigido por el  escritor Ignacio Padilla, tiene como objetivo ofrecer apuntes b\u00e1sicos  sobre la elaboraci\u00f3n de un cuento profesional para que los 30 preseleccionados  inicien su creaci\u00f3n literaria de participaci\u00f3n final.<\/p>\n<p>&#8211; Tras la celebraci\u00f3n  del foro literario \u201cTinta y Whisky\u201d, los 30 preseleccionados deber\u00e1n  enviar su cuento (con una extensi\u00f3n m\u00ednima de 10 cuartillas y m\u00e1xima  de 20 en papel formato carta, seg\u00fan  norma DIN-A4, es decir, en p\u00e1ginas de 21 cm x 29,7 cm, claramente mecanografiadas  a doble espacio y en una sola de sus caras),\u00a0  al correo electr\u00f3nico <a href=\"mailto:tintaywhisky@saracuellar.com\" target=\"_blank\">tintaywhisky@saracuellar.com<\/a>, o bien, por env\u00edo postal con asunto: Convocatoria  literaria \u201cDewar\u2019s: Tinta y Whisky\u201d: Campeche N\u00b0 430 2\u00ba piso,  Col. Hip\u00f3dromo de la Condesa, Delegaci\u00f3n Cuauht\u00e9moc, M\u00e9xico, D.F.  C.P. 06170. En caso de env\u00edo postal se considerar\u00e1 como v\u00e1lida la  fecha que indique el matasellos.<\/p>\n<p>&#8211; La fecha l\u00edmite  de env\u00edo del material es hasta el 30 de enero de 2009.<\/p>\n<p>&#8211; Los integrantes del  foro evaluar\u00e1n el total del material recibido y seleccionar\u00e1n un solo  ganador de primer lugar as\u00ed como dos menciones honor\u00edficas.<\/p>\n<p>&#8211; El ganador de la  Convocatoria se har\u00e1 p\u00fablico a trav\u00e9s de en una conferencia de prensa  a celebrarse en febrero de 2009.<\/p>\n<p>&#8211; La Convocatoria NO  podr\u00e1 ser declarada desierta.<\/p><\/blockquote>\n<p>4. Muy amablemente, la <a href=\"http:\/\/www.leczinski.blogspot.com\/\">Casa Leczinski para las Artes del Siglo XXI<\/a> dej\u00f3 enlace para que sus lectores se enteraran del acopio de versos que propuse en la nota anterior (esa convocatoria <a href=\"http:\/\/albertochimal.wordpress.com\/2008\/07\/11\/este-es-el-verso\/\">sigue abierta<\/a>, por cierto) y ahora yo aprovecho para invitarlos a visitar aquel sitio, que es de lo m\u00e1s interesante: \u00abla coronaci\u00f3n\u00bb, dicen los patronos, \u00abde un movimiento espanziral-radiante que avanza desde la tradici\u00f3n pataf\u00edsica a su sabidur\u00eda (verdadero car\u00e1cter efectual de su ocultaci\u00f3n): no se trata ya de no adjetivar, mucho menos de no decir m\u00e1s &#8216;pataf\u00edsica&#8217;, sino de llegar al punto donde esa palabra (o su utilizaci\u00f3n) no posea m\u00e1s sentido.\u00bb Si van, todo esto les quedar\u00e1 clar\u00edsimo aun si no conocen al <a href=\"http:\/\/www.papelenblanco.com\/2007\/11\/06-centenario-de-la-muerte-de-alfred-jarry\">tremendo<\/a> <a href=\"http:\/\/pachin11.spaces.live.com\/blog\/cns!F7B1A9F38CB4C033!583.entry\">Ub\u00fa<\/a>, <a href=\"http:\/\/es.wikipedia.org\/wiki\/Ub%C3%BA_rey\">rey<\/a> de Polonia.<\/p>\n<p>Hasta ma\u00f1ana, que llega el cuento del mes.[\/fusion_builder_column][\/fusion_builder_row][\/fusion_builder_container]\n","protected":false},"excerpt":{"rendered":"<p>Diversos y curiosos avisos, incluyendo tres sitios web y un concurso de cuento:<\/p>\n","protected":false},"author":1,"featured_media":0,"comment_status":"open","ping_status":"open","sticky":false,"template":"","format":"standard","meta":{"advanced_seo_description":"","jetpack_seo_html_title":"","jetpack_seo_noindex":false,"jetpack_post_was_ever_published":false,"_jetpack_newsletter_access":"","_jetpack_dont_email_post_to_subs":true,"_jetpack_newsletter_tier_id":0,"_jetpack_memberships_contains_paywalled_content":false,"_jetpack_memberships_contains_paid_content":false,"footnotes":"","jetpack_publicize_message":"","jetpack_publicize_feature_enabled":true,"jetpack_social_post_already_shared":false,"jetpack_social_options":{"image_generator_settings":{"template":"highway","default_image_id":0,"font":"","enabled":false},"version":2}},"categories":[3],"tags":[54,605,18,619,21,22,633,284,8,2855,397,743,498,796,804],"class_list":["post-488","post","type-post","status-publish","format-standard","hentry","category-lo-nuevo","tag-antologias","tag-benito-taibo","tag-blogosfera","tag-casa-leczinski","tag-convocatorias","tag-cuento","tag-curiosidades","tag-ignacio-padilla","tag-internet","tag-literatura","tag-minificcion","tag-patafisica","tag-sergio-gaut-vel-hartman","tag-ubu","tag-whisky-dewars"],"jetpack_publicize_connections":[],"jetpack_featured_media_url":"","jetpack_shortlink":"https:\/\/wp.me\/pjEhq-7S","jetpack_sharing_enabled":true,"_links":{"self":[{"href":"https:\/\/www.lashistorias.com.mx\/index.php\/wp-json\/wp\/v2\/posts\/488","targetHints":{"allow":["GET"]}}],"collection":[{"href":"https:\/\/www.lashistorias.com.mx\/index.php\/wp-json\/wp\/v2\/posts"}],"about":[{"href":"https:\/\/www.lashistorias.com.mx\/index.php\/wp-json\/wp\/v2\/types\/post"}],"author":[{"embeddable":true,"href":"https:\/\/www.lashistorias.com.mx\/index.php\/wp-json\/wp\/v2\/users\/1"}],"replies":[{"embeddable":true,"href":"https:\/\/www.lashistorias.com.mx\/index.php\/wp-json\/wp\/v2\/comments?post=488"}],"version-history":[{"count":8,"href":"https:\/\/www.lashistorias.com.mx\/index.php\/wp-json\/wp\/v2\/posts\/488\/revisions"}],"predecessor-version":[{"id":12893,"href":"https:\/\/www.lashistorias.com.mx\/index.php\/wp-json\/wp\/v2\/posts\/488\/revisions\/12893"}],"wp:attachment":[{"href":"https:\/\/www.lashistorias.com.mx\/index.php\/wp-json\/wp\/v2\/media?parent=488"}],"wp:term":[{"taxonomy":"category","embeddable":true,"href":"https:\/\/www.lashistorias.com.mx\/index.php\/wp-json\/wp\/v2\/categories?post=488"},{"taxonomy":"post_tag","embeddable":true,"href":"https:\/\/www.lashistorias.com.mx\/index.php\/wp-json\/wp\/v2\/tags?post=488"}],"curies":[{"name":"wp","href":"https:\/\/api.w.org\/{rel}","templated":true}]}}