{"id":4839,"date":"2010-01-26T11:56:33","date_gmt":"2010-01-26T17:56:33","guid":{"rendered":"http:\/\/www.lashistorias.com.mx\/?p=4839"},"modified":"2016-10-26T10:22:32","modified_gmt":"2016-10-26T15:22:32","slug":"hoy-y-manana-dos-de-poesia","status":"publish","type":"post","link":"https:\/\/www.lashistorias.com.mx\/index.php\/hoy-y-manana-dos-de-poesia\/","title":{"rendered":"Hoy y ma\u00f1ana, dos de poes\u00eda"},"content":{"rendered":"<p>Dos invitaciones m\u00e1s. Y son especiales:<\/p>\n<p>1. Hoy martes 26 de enero, a las 19:00 horas, en la Sala Adamo Boari del Palacio de Bellas Artes, se llevar\u00e1 a cabo una lectura, titulada \u00abPoeta del ser\u00bb de la obra del poeta poblano Gilberto Castellanos. Alicia Reyes, C\u00e9sar Ar\u00edstides y Al\u00ed Calder\u00f3n comentar\u00e1n la obra del autor y \u00d3scar Humberto Rosas dar\u00e1 lectura a textos escogidos. La entrada ser\u00e1 libre.<\/p>\n<p>El Palacio de Bellas Artes est\u00e1 en Eje Central y Ju\u00e1rez, en el Centro Hist\u00f3rico, afuera de la estaci\u00f3n del metro Bellas Artes. \u00c9sta es una ocasi\u00f3n especial porque Castellanos, relativamente poco conocido, tiene no s\u00f3lo una obra muy estimable sino una larga carrera como promotor cultural, maestro y m\u00e1s. Si van se encontrar\u00e1n con una sorpresa: un escritor que realmente merece m\u00e1s reconocimiento del que tiene y est\u00e1 esperando ese momento.<\/p>\n<p>Copio del bolet\u00edn:<\/p>\n<blockquote><p>Due\u00f1o de una voz entra\u00f1able que encuentra su tono entre las fronteras de la tradici\u00f3n y la ruptura, Gilberto Castellanos (1945) se ha dado a conocer en distintos \u00e1mbitos del quehacer cultural. Alicia Reyes, poeta y cr\u00edtica, opina que la obra castellaniana se caracteriza por ser \u201cuna poes\u00eda original que juega con los colores, la luz, los sentimientos y la naturaleza. <em>Savia<\/em> es uno de sus libros que m\u00e1s admiro. Me encantan las palabras elegidas por \u00e9l en donde las \u2018erres\u2019 cobran una sonoridad inusitada\u201d.<\/p>\n<p>El tambi\u00e9n ensayista naci\u00f3 en Ajalpan, Puebla; desde muy joven destac\u00f3 en el \u00e1mbito acad\u00e9mico y form\u00f3 parte de distintos conglomerados culturales. Normalista, poeta y dibujante, as\u00ed como promotor cultural, su trayectoria se ha caracterizado por su sencillez y humildad. Por muchos es calificado como uno de los m\u00e1s destacados escritores de la actual poes\u00eda mexicana.<\/p>\n<p>Entre otros reconocimientos 1982 le fue otorgado el Premio Latinoamericano de Poes\u00eda INBA \/ Gobierno del Estado de Colima por su primer libro: <em>El mirar del artificio<\/em>.<\/p><\/blockquote>\n<div align=center><a ref=\"magnificPopup\" href=\"https:\/\/www.lashistorias.com.mx\/wp-content\/uploads\/2010\/01\/castellanos.jpg\"><img loading=\"lazy\" decoding=\"async\" data-attachment-id=\"4840\" data-permalink=\"https:\/\/www.lashistorias.com.mx\/index.php\/hoy-y-manana-dos-de-poesia\/castellanos\/\" data-orig-file=\"https:\/\/www.lashistorias.com.mx\/wp-content\/uploads\/2010\/01\/castellanos.jpg\" data-orig-size=\"644,563\" data-comments-opened=\"1\" data-image-meta=\"{&quot;aperture&quot;:&quot;0&quot;,&quot;credit&quot;:&quot;&quot;,&quot;camera&quot;:&quot;&quot;,&quot;caption&quot;:&quot;&quot;,&quot;created_timestamp&quot;:&quot;0&quot;,&quot;copyright&quot;:&quot;&quot;,&quot;focal_length&quot;:&quot;0&quot;,&quot;iso&quot;:&quot;0&quot;,&quot;shutter_speed&quot;:&quot;0&quot;,&quot;title&quot;:&quot;&quot;}\" data-image-title=\"Gilberto Castellanos\" data-image-description=\"\" data-image-caption=\"\" data-large-file=\"https:\/\/www.lashistorias.com.mx\/wp-content\/uploads\/2010\/01\/castellanos.jpg\" src=\"https:\/\/www.lashistorias.com.mx\/wp-content\/uploads\/2010\/01\/castellanos-300x262.jpg\" alt=\"Gilberto Castellanos\" title=\"Gilberto Castellanos\" width=\"300\" height=\"262\" class=\"alignnone size-medium wp-image-4840\" srcset=\"https:\/\/www.lashistorias.com.mx\/wp-content\/uploads\/2010\/01\/castellanos-300x262.jpg 300w, https:\/\/www.lashistorias.com.mx\/wp-content\/uploads\/2010\/01\/castellanos.jpg 644w\" sizes=\"auto, (max-width: 300px) 100vw, 300px\" \/><\/a><\/div>\n<p>2. De la poes\u00eda secreta a la reconocida: ma\u00f1ana, mi\u00e9rcoles 27, se presentar\u00e1 <em>Muerte en la r\u00faa Augusta<\/em> de Tedi L\u00f3pez Mills, el libro ganador del Premio Xavier Villaurrutia 2009. Publicado por Almad\u00eda, <em>Muerte en la r\u00faa Augusta<\/em> es un poema narrativo: escrito en verso, se puede leer como \u00abel diario de un personaje\u00bb, dice el bolet\u00edn, \u00abque se canibaliza a s\u00ed mismo (&#8230;) Tedi L\u00f3pez Mills ahonda magistralmente en la m\u00e1quina de la conciencia para exhibir sin recato d\u00f3nde reside ese fino hilo que nos mantiene atados al mundo\u00bb. Adem\u00e1s, es el primer premio Villaurrutia que gana un libro publicado por Almad\u00eda, una editorial que apenas va a cumplir cinco a\u00f1os de existencia&#8230; y que, curiosamente, en los \u00faltimos doce meses ha publicado otros dos poemas narrativos: <em>Poes\u00eda eras t\u00fa<\/em> de Francisco Hinojosa y <em>Oscuro bosque oscuro<\/em> de Jorge Volpi. Mientras se discute acerca de posibles tendencias y las rarezas que animan, de vez en cuando, la literatura mexicana, el libro de L\u00f3pez Mills ser\u00e1 presentado por Luis Felipe Fabre, Hern\u00e1n Bravo Varela y la autora, en el bar \u00abLas hormigas\u00bb en la planta alta de la Casa del Poeta L\u00f3pez Velarde (\u00c1lvaro Obreg\u00f3n 73, entre C\u00f3rdoba y M\u00e9rida, colonia Roma). La entrada ser\u00e1 libre.<\/p>\n<div align=center><a ref=\"magnificPopup\" href=\"https:\/\/www.lashistorias.com.mx\/wp-content\/uploads\/2010\/01\/PRESENTACI\u00d3N-MUERTE-EN-LA-R\u00daA-AUGUSTA.jpg\"><img loading=\"lazy\" decoding=\"async\" data-attachment-id=\"4842\" data-permalink=\"https:\/\/www.lashistorias.com.mx\/index.php\/hoy-y-manana-dos-de-poesia\/presentacion-muerte-en-la-rua-augusta\/\" data-orig-file=\"https:\/\/www.lashistorias.com.mx\/wp-content\/uploads\/2010\/01\/PRESENTACI\u00d3N-MUERTE-EN-LA-R\u00daA-AUGUSTA.jpg\" data-orig-size=\"1575,2330\" data-comments-opened=\"1\" data-image-meta=\"{&quot;aperture&quot;:&quot;0&quot;,&quot;credit&quot;:&quot;&quot;,&quot;camera&quot;:&quot;&quot;,&quot;caption&quot;:&quot;&quot;,&quot;created_timestamp&quot;:&quot;0&quot;,&quot;copyright&quot;:&quot;&quot;,&quot;focal_length&quot;:&quot;0&quot;,&quot;iso&quot;:&quot;0&quot;,&quot;shutter_speed&quot;:&quot;0&quot;,&quot;title&quot;:&quot;&quot;}\" data-image-title=\"PRESENTACI\u00d3N MUERTE EN LA R\u00daA AUGUSTA\" data-image-description=\"\" data-image-caption=\"\" data-large-file=\"https:\/\/www.lashistorias.com.mx\/wp-content\/uploads\/2010\/01\/PRESENTACI\u00d3N-MUERTE-EN-LA-R\u00daA-AUGUSTA-692x1024.jpg\" src=\"https:\/\/www.lashistorias.com.mx\/wp-content\/uploads\/2010\/01\/PRESENTACI\u00d3N-MUERTE-EN-LA-R\u00daA-AUGUSTA-202x300.jpg\" alt=\"PRESENTACI\u00d3N MUERTE EN LA R\u00daA AUGUSTA\" title=\"PRESENTACI\u00d3N MUERTE EN LA R\u00daA AUGUSTA\" width=\"202\" height=\"300\" class=\"alignnone size-medium wp-image-4842\" srcset=\"https:\/\/www.lashistorias.com.mx\/wp-content\/uploads\/2010\/01\/PRESENTACI\u00d3N-MUERTE-EN-LA-R\u00daA-AUGUSTA-202x300.jpg 202w, https:\/\/www.lashistorias.com.mx\/wp-content\/uploads\/2010\/01\/PRESENTACI\u00d3N-MUERTE-EN-LA-R\u00daA-AUGUSTA-692x1024.jpg 692w, https:\/\/www.lashistorias.com.mx\/wp-content\/uploads\/2010\/01\/PRESENTACI\u00d3N-MUERTE-EN-LA-R\u00daA-AUGUSTA.jpg 1575w\" sizes=\"auto, (max-width: 202px) 100vw, 202px\" \/><\/a><\/div>\n<p>Para terminar, editorial Almad\u00eda convoca a la siguiente<\/p>\n<p><strong>T R I V I A<\/strong> <\/p>\n<p>Las primeras 5 personas que lleven el d\u00eda de la presentaci\u00f3n la respuesta a las siguientes preguntas, ganar\u00e1n un libro firmado por la autora:<\/p>\n<p>1.- \u00bfCu\u00e1l es la formaci\u00f3n acad\u00e9mica de Tedi L\u00f3pez Mills?<br \/>\n2.- \u00bfCu\u00e1l es el nombre del libro que escribi\u00f3 con la Beca Octavio Paz?<br \/>\n3.- Menciona a un poeta que est\u00e9 presente en <em>Parafrasear<\/em><br \/>\n4.- \u00bfQui\u00e9nes integraron el jurado del Premio Xavier Villaurrutia 2009?<\/p>\n","protected":false},"excerpt":{"rendered":"<p>Un homenaje a un poeta secreto y la presentaci\u00f3n de un libro premiado. Adem\u00e1s, una trivia para ganar libros gratis.<\/p>\n","protected":false},"author":1,"featured_media":0,"comment_status":"open","ping_status":"open","sticky":false,"template":"","format":"standard","meta":{"advanced_seo_description":"","jetpack_seo_html_title":"","jetpack_seo_noindex":false,"jetpack_post_was_ever_published":false,"_jetpack_newsletter_access":"","_jetpack_dont_email_post_to_subs":true,"_jetpack_newsletter_tier_id":0,"_jetpack_memberships_contains_paywalled_content":false,"_jetpack_memberships_contains_paid_content":false,"footnotes":"","jetpack_publicize_message":"","jetpack_publicize_feature_enabled":true,"jetpack_social_post_already_shared":false,"jetpack_social_options":{"image_generator_settings":{"template":"highway","default_image_id":0,"font":"","enabled":false},"version":2}},"categories":[3],"tags":[43,25,234,1698,1264,320,2855,1702,939,1703,440,1701,1700,12,1699],"class_list":["post-4839","post","type-post","status-publish","format-standard","hentry","category-lo-nuevo","tag-almadia","tag-escritores","tag-francisco-hinojosa","tag-gilberto-castellanos","tag-homenajes","tag-jorge-volpi","tag-literatura","tag-muerte-en-la-rua-augusta","tag-palacio-de-bellas-artes","tag-poemas-narrativos","tag-poesia","tag-poeta-del-ser","tag-premio-xavier-villaurrutia","tag-presentaciones","tag-tedi-lopez-mills"],"jetpack_publicize_connections":[],"jetpack_featured_media_url":"","jetpack_shortlink":"https:\/\/wp.me\/pjEhq-1g3","jetpack_sharing_enabled":true,"_links":{"self":[{"href":"https:\/\/www.lashistorias.com.mx\/index.php\/wp-json\/wp\/v2\/posts\/4839","targetHints":{"allow":["GET"]}}],"collection":[{"href":"https:\/\/www.lashistorias.com.mx\/index.php\/wp-json\/wp\/v2\/posts"}],"about":[{"href":"https:\/\/www.lashistorias.com.mx\/index.php\/wp-json\/wp\/v2\/types\/post"}],"author":[{"embeddable":true,"href":"https:\/\/www.lashistorias.com.mx\/index.php\/wp-json\/wp\/v2\/users\/1"}],"replies":[{"embeddable":true,"href":"https:\/\/www.lashistorias.com.mx\/index.php\/wp-json\/wp\/v2\/comments?post=4839"}],"version-history":[{"count":8,"href":"https:\/\/www.lashistorias.com.mx\/index.php\/wp-json\/wp\/v2\/posts\/4839\/revisions"}],"predecessor-version":[{"id":5668,"href":"https:\/\/www.lashistorias.com.mx\/index.php\/wp-json\/wp\/v2\/posts\/4839\/revisions\/5668"}],"wp:attachment":[{"href":"https:\/\/www.lashistorias.com.mx\/index.php\/wp-json\/wp\/v2\/media?parent=4839"}],"wp:term":[{"taxonomy":"category","embeddable":true,"href":"https:\/\/www.lashistorias.com.mx\/index.php\/wp-json\/wp\/v2\/categories?post=4839"},{"taxonomy":"post_tag","embeddable":true,"href":"https:\/\/www.lashistorias.com.mx\/index.php\/wp-json\/wp\/v2\/tags?post=4839"}],"curies":[{"name":"wp","href":"https:\/\/api.w.org\/{rel}","templated":true}]}}