{"id":4824,"date":"2010-01-25T09:54:57","date_gmt":"2010-01-25T15:54:57","guid":{"rendered":"http:\/\/www.lashistorias.com.mx\/?p=4824"},"modified":"2016-10-26T10:22:33","modified_gmt":"2016-10-26T15:22:33","slug":"dos-presentaciones-2","status":"publish","type":"post","link":"https:\/\/www.lashistorias.com.mx\/index.php\/dos-presentaciones-2\/","title":{"rendered":"Dos presentaciones"},"content":{"rendered":"<p>Dos presentaciones para estos d\u00edas:<\/p>\n<p>1. <em>Diarios del fin del mundo<\/em> es una antolog\u00eda de cuentos publicada por Recolectivo. Sus autores trabajaron en veinte cuentos cortos bajo la misma premisa: narrar el fin del mundo desde diferentes perspectivas y estilos, y yo tuve el gusto de escribir el pr\u00f3logo. Es la presentaci\u00f3n de una buena cantidad de nuevos autores y contiene varios textos sorprendentes.<\/p>\n<p>La cita es el martes 26 de enero a las 19:00 horas en el caf\u00e9 bar Las Hormigas, dentro de la Casa del Poeta Ram\u00f3n L\u00f3pez Velarde (\u00c1lvaro Obreg\u00f3n 73, entre C\u00f3rdoba y M\u00e9rida, colonia Roma).<\/p>\n<div align=center><img loading=\"lazy\" decoding=\"async\" data-attachment-id=\"4825\" data-permalink=\"https:\/\/www.lashistorias.com.mx\/index.php\/dos-presentaciones-2\/flyer\/\" data-orig-file=\"https:\/\/www.lashistorias.com.mx\/wp-content\/uploads\/2010\/01\/flyer.jpg\" data-orig-size=\"480,329\" data-comments-opened=\"1\" data-image-meta=\"{&quot;aperture&quot;:&quot;0&quot;,&quot;credit&quot;:&quot;&quot;,&quot;camera&quot;:&quot;&quot;,&quot;caption&quot;:&quot;&quot;,&quot;created_timestamp&quot;:&quot;0&quot;,&quot;copyright&quot;:&quot;&quot;,&quot;focal_length&quot;:&quot;0&quot;,&quot;iso&quot;:&quot;0&quot;,&quot;shutter_speed&quot;:&quot;0&quot;,&quot;title&quot;:&quot;&quot;}\" data-image-title=\"volante de Diarios del Fin del Mundo\" data-image-description=\"\" data-image-caption=\"\" data-large-file=\"https:\/\/www.lashistorias.com.mx\/wp-content\/uploads\/2010\/01\/flyer.jpg\" src=\"https:\/\/www.lashistorias.com.mx\/wp-content\/uploads\/2010\/01\/flyer.jpg\" alt=\"volante de Diarios del Fin del Mundo\" title=\"volante de Diarios del Fin del Mundo\" width=\"480\" height=\"329\" class=\"alignnone size-full wp-image-4825\" srcset=\"https:\/\/www.lashistorias.com.mx\/wp-content\/uploads\/2010\/01\/flyer.jpg 480w, https:\/\/www.lashistorias.com.mx\/wp-content\/uploads\/2010\/01\/flyer-300x205.jpg 300w\" sizes=\"auto, (max-width: 480px) 100vw, 480px\" \/><\/div>\n<p>2. Al d\u00eda siguiente, el mi\u00e9rcoles 27 de enero, tambi\u00e9n a las 19:00, se presentar\u00e1 la novela 41 de Rogelio Guedea, publicada por Random House Mondadori. La presentaci\u00f3n ser\u00e1 en la Casa Refugio (Ciltlat\u00e9petl No. 25, colonia Hip\u00f3dromo Condesa) y los comentaristas ser\u00e1n Carlos L\u00f3pez y Yuri Herrera.<\/p>\n<p>Esta novela basada en hechos reales sucedidos en M\u00e9xico (y segunda parte de una trilog\u00eda a la vez de narrativa negra y socialmente comprometida, a decir de su autor) gira alrededor de un esc\u00e1ndalo relacionado con pornograf\u00eda infantil, del asesino en serie que asesin\u00f3 al hermano homosexual de un candidato pol\u00edtico.<\/p>\n<div align=center><img loading=\"lazy\" decoding=\"async\" data-attachment-id=\"4828\" data-permalink=\"https:\/\/www.lashistorias.com.mx\/index.php\/dos-presentaciones-2\/attachment\/41\/\" data-orig-file=\"https:\/\/www.lashistorias.com.mx\/wp-content\/uploads\/2010\/01\/41.jpg\" data-orig-size=\"390,604\" data-comments-opened=\"1\" data-image-meta=\"{&quot;aperture&quot;:&quot;0&quot;,&quot;credit&quot;:&quot;&quot;,&quot;camera&quot;:&quot;&quot;,&quot;caption&quot;:&quot;&quot;,&quot;created_timestamp&quot;:&quot;0&quot;,&quot;copyright&quot;:&quot;&quot;,&quot;focal_length&quot;:&quot;0&quot;,&quot;iso&quot;:&quot;0&quot;,&quot;shutter_speed&quot;:&quot;0&quot;,&quot;title&quot;:&quot;&quot;}\" data-image-title=\"41\" data-image-description=\"\" data-image-caption=\"\" data-large-file=\"https:\/\/www.lashistorias.com.mx\/wp-content\/uploads\/2010\/01\/41.jpg\" src=\"https:\/\/www.lashistorias.com.mx\/wp-content\/uploads\/2010\/01\/41.jpg\" alt=\"41\" title=\"41\" width=\"390\" height=\"604\" border=1 class=\"alignnone size-full wp-image-4828\" srcset=\"https:\/\/www.lashistorias.com.mx\/wp-content\/uploads\/2010\/01\/41.jpg 390w, https:\/\/www.lashistorias.com.mx\/wp-content\/uploads\/2010\/01\/41-193x300.jpg 193w\" sizes=\"auto, (max-width: 390px) 100vw, 390px\" \/><\/div>\n<p>Ya saben d\u00f3nde encontrar dos lecturas interesantes para estos d\u00edas&#8230;<\/p>\n","protected":false},"excerpt":{"rendered":"<p>Una antolog\u00eda apocal\u00edptica y una novela de Rogelio Guedea se presentan esta semana.<\/p>\n","protected":false},"author":1,"featured_media":0,"comment_status":"open","ping_status":"open","sticky":false,"template":"","format":"standard","meta":{"advanced_seo_description":"","jetpack_seo_html_title":"","jetpack_seo_noindex":false,"jetpack_post_was_ever_published":false,"_jetpack_newsletter_access":"","_jetpack_dont_email_post_to_subs":true,"_jetpack_newsletter_tier_id":0,"_jetpack_memberships_contains_paywalled_content":false,"_jetpack_memberships_contains_paid_content":false,"footnotes":"","jetpack_publicize_message":"","jetpack_publicize_feature_enabled":true,"jetpack_social_post_already_shared":false,"jetpack_social_options":{"image_generator_settings":{"template":"highway","default_image_id":0,"font":"","enabled":false},"version":2}},"categories":[3],"tags":[22,1696,25,26,2855,10,12,1697,1523],"class_list":["post-4824","post","type-post","status-publish","format-standard","hentry","category-lo-nuevo","tag-cuento","tag-diarios-del-fin-del-mundo","tag-escritores","tag-historia-y-testimonio","tag-literatura","tag-novela","tag-presentaciones","tag-recolectivo","tag-rogelio-guedea"],"jetpack_publicize_connections":[],"jetpack_featured_media_url":"","jetpack_shortlink":"https:\/\/wp.me\/pjEhq-1fO","jetpack_sharing_enabled":true,"_links":{"self":[{"href":"https:\/\/www.lashistorias.com.mx\/index.php\/wp-json\/wp\/v2\/posts\/4824","targetHints":{"allow":["GET"]}}],"collection":[{"href":"https:\/\/www.lashistorias.com.mx\/index.php\/wp-json\/wp\/v2\/posts"}],"about":[{"href":"https:\/\/www.lashistorias.com.mx\/index.php\/wp-json\/wp\/v2\/types\/post"}],"author":[{"embeddable":true,"href":"https:\/\/www.lashistorias.com.mx\/index.php\/wp-json\/wp\/v2\/users\/1"}],"replies":[{"embeddable":true,"href":"https:\/\/www.lashistorias.com.mx\/index.php\/wp-json\/wp\/v2\/comments?post=4824"}],"version-history":[{"count":10,"href":"https:\/\/www.lashistorias.com.mx\/index.php\/wp-json\/wp\/v2\/posts\/4824\/revisions"}],"predecessor-version":[{"id":5871,"href":"https:\/\/www.lashistorias.com.mx\/index.php\/wp-json\/wp\/v2\/posts\/4824\/revisions\/5871"}],"wp:attachment":[{"href":"https:\/\/www.lashistorias.com.mx\/index.php\/wp-json\/wp\/v2\/media?parent=4824"}],"wp:term":[{"taxonomy":"category","embeddable":true,"href":"https:\/\/www.lashistorias.com.mx\/index.php\/wp-json\/wp\/v2\/categories?post=4824"},{"taxonomy":"post_tag","embeddable":true,"href":"https:\/\/www.lashistorias.com.mx\/index.php\/wp-json\/wp\/v2\/tags?post=4824"}],"curies":[{"name":"wp","href":"https:\/\/api.w.org\/{rel}","templated":true}]}}