{"id":481,"date":"2008-11-22T10:29:02","date_gmt":"2008-11-22T16:29:02","guid":{"rendered":"http:\/\/albertochimal.wordpress.com\/?p=56"},"modified":"2016-10-26T10:23:34","modified_gmt":"2016-10-26T15:23:34","slug":"este-es-el-verso","status":"publish","type":"post","link":"https:\/\/www.lashistorias.com.mx\/index.php\/este-es-el-verso\/","title":{"rendered":"\u00ab\u00c9ste es el verso&#8230;\u00bb"},"content":{"rendered":"<p><span style=\"background: #ffee90 none repeat scroll 0% 0%; color: black;\">[fusion_builder_container hundred_percent=\u00bbyes\u00bb overflow=\u00bbvisible\u00bb][fusion_builder_row][fusion_builder_column type=\u00bb1_1&#8243; background_position=\u00bbleft top\u00bb background_color=\u00bb\u00bb border_size=\u00bb\u00bb border_color=\u00bb\u00bb border_style=\u00bbsolid\u00bb spacing=\u00bbyes\u00bb background_image=\u00bb\u00bb background_repeat=\u00bbno-repeat\u00bb padding=\u00bb\u00bb margin_top=\u00bb0px\u00bb margin_bottom=\u00bb0px\u00bb class=\u00bb\u00bb id=\u00bb\u00bb animation_type=\u00bb\u00bb animation_speed=\u00bb0.3&#8243; animation_direction=\u00bbleft\u00bb hide_on_mobile=\u00bbno\u00bb center_content=\u00bbno\u00bb min_height=\u00bbnone\u00bb][Actualizaci\u00f3n del 22 de noviembre de 2008: cinco meses despu\u00e9s de su publicaci\u00f3n inicial (que fue el 11 de julio), coloco en la secci\u00f3n de \u00abespeciales\u00bb esta nota. La raz\u00f3n: el proyecto al que se refiere comienza (\u00a1por fin!) a ganar velocidad. Muchas gracias a todos los que han dejado sus propuestas hasta el momento. Pronto, m\u00e1s noticias&#8230; Y si tienen todav\u00eda un verso favorito que sugerir, se los agradecer\u00e9 enormemente.]<\/span><\/p>\n<p>Un mensaje para todos los lectores de esta(s) bit\u00e1cora(s): solicito su ayuda.<\/p>\n<p>Para un proyecto literario del que por el momento no puedo decir mucho (pero es gordo, interesante, y se revelar\u00e1 cuando est\u00e9 listo) necesito versos: versos sueltos de poemas. Pueden ser de cualquier \u00e9poca, de cualquier lugar y tradici\u00f3n, de poetas consagrados o desconocidos; pueden ser frases completas o bien partes de una frase mayor que abarque varios versos. Lo importante es que sean del inter\u00e9s de ustedes, ya sea por bellos o por desconcertantes.<\/p>\n<p>Si les interesa la poes\u00eda, si tienen alg\u00fan poema favorito, si de pronto se encontraron con uno por casualidad en un libro o en la red y un solo verso les llam\u00f3 la atenci\u00f3n (si dijeron: \u00ab\u00c9ste es el verso, \u00e9ste\u00bb), en todos estos casos agradecer\u00e9 que dejen dicho verso en los comentarios de esta nota, incluyendo adem\u00e1s el t\u00edtulo del poema del que procede, su autor y (de preferencia) el lugar (libro, revista, sitio web) en el que el poema apareci\u00f3.<\/p>\n<p>He aqu\u00ed algunos ejemplos:<\/p>\n<blockquote><p><strong>voy por tu cuerpo como por el mundo<br \/>\n<\/strong>Octavio Paz, <em>Piedra de sol<\/em><\/p><\/blockquote>\n<blockquote><p><strong>De tener tiempo y mundo suficientes<\/strong><br \/>\nAndrew Marvell, \u00abA su esquiva amada\u00bb<\/p><\/blockquote>\n<blockquote><p><strong>no m\u00e1s las dulces metamorfosis de una ni\u00f1a de seda<\/strong><br \/>\nAlejandra Pizarnik, poema 12 de <em>El \u00e1rbol de Diana<\/em><strong><br \/>\n<\/strong><\/p><\/blockquote>\n<blockquote><p><strong>durante la sospecha de la gran visita, mientras las costras sagradas se desprenden<\/strong><br \/>\nJos\u00e9 Carlos Becerra, \u00abBatman\u00bb (de <em>El oto\u00f1o recorre las islas<\/em>)<\/p><\/blockquote>\n<blockquote><p><strong>y abandonar mi mano sobre tu hombro izquierdo, y nada m\u00e1s<\/strong><br \/>\nMarina Tsviet\u00e1ieva, \u00abA Rainer Maria Rilke\u00bb. Publicado en <a href=\"http:\/\/amediavoz.com\/tsvetaieva.htm\">http:\/\/amediavoz.com\/tsvetaieva.htm<\/a><\/p><\/blockquote>\n<p>S\u00f3lo hay dos restricciones: no puedo usar versos originales ni material sin atribuci\u00f3n (debe tratarse de textos que pueda citar en un contexto ajeno a ellos de manera legal y justa), y tampoco puedo usar letras de canciones, himnos y otros por el estilo.<\/p>\n<p>Quienes me sugieran versos que pueda utilizar ver\u00e1n sus nombres en los agradecimientos del proyecto, y estar\u00e1n invitados a la fiesta inaugural cuando llegue el momento. \ud83d\ude42<\/p>\n<p>Por \u00faltimo, les estar\u00eda muy agradecido si pudieran poner enlaces a esta convocatoria desde sus propios blogs o bien hacerla llegar a quien pudiera estar interesado. Es m\u00e1s: les agradezco desde ya.<\/p>\n<p>Y ahora, para fines de simple entretenimiento, dejo un cortometraje animado en dos partes: <em>La casa de fuego<\/em> (1979), del cineasta japon\u00e9s Kihachiro Kawamoto, cortes\u00eda de <a href=\"http:\/\/www.youtube.com\/user\/TheMotionBrigades\">The Motion Brigades<\/a>. (Viene en japon\u00e9s subtitulado en ingl\u00e9s.)<\/p>\n<p>Buenos d\u00edas y saludos a todos.<\/p>\n<p>Parte 1<\/p>\n<p><object width=\"425\" height=\"344\"><param name=\"movie\" value=\"http:\/\/www.youtube.com\/v\/Np6w1yGQCZo&#038;hl=es&#038;fs=1\"><\/param><param name=\"allowFullScreen\" value=\"true\"><\/param><param name=\"allowscriptaccess\" value=\"always\"><\/param><\/object><\/p>\n<p>Parte 2<\/p>\n<p><object width=\"425\" height=\"344\"><param name=\"movie\" value=\"http:\/\/www.youtube.com\/v\/qdzfzHIilNA&#038;hl=es&#038;fs=1\"><\/param><param name=\"allowFullScreen\" value=\"true\"><\/param><param name=\"allowscriptaccess\" value=\"always\"><\/param><\/object>[\/fusion_builder_column][\/fusion_builder_row][\/fusion_builder_container]\n","protected":false},"excerpt":{"rendered":"<p>[fusion_builder_container hundred_percent=\u00bbyes\u00bb overflow=\u00bbvisible\u00bb][fusion_builder_row][fusion_builder_column type=\u00bb1_1&#8243; background_position=\u00bbleft top\u00bb background_color=\u00bb\u00bb border_size=\u00bb\u00bb border_color=\u00bb\u00bb border_style=\u00bbsolid\u00bb spacing=\u00bbyes\u00bb background_image=\u00bb\u00bb background_repeat=\u00bbno-repeat\u00bb padding=\u00bb\u00bb margin_top=\u00bb0px\u00bb margin_bottom=\u00bb0px\u00bb class=\u00bb\u00bb id=\u00bb\u00bb animation_type=\u00bb\u00bb animation_speed=\u00bb0.3&#8243; animation_direction=\u00bbleft\u00bb hide_on_mobile=\u00bbno\u00bb center_content=\u00bbno\u00bb min_height=\u00bbnone\u00bb][Actualizaci\u00f3n del 22 de noviembre de 2008: cinco meses despu\u00e9s de su publicaci\u00f3n inicial (que fue el 11 de julio), coloco en la secci\u00f3n de \u00abespeciales\u00bb esta nota. La raz\u00f3n: el proyecto&#8230;<\/p>\n","protected":false},"author":1,"featured_media":0,"comment_status":"open","ping_status":"open","sticky":false,"template":"","format":"standard","meta":{"advanced_seo_description":"","jetpack_seo_html_title":"","jetpack_seo_noindex":false,"jetpack_post_was_ever_published":false,"_jetpack_newsletter_access":"","_jetpack_dont_email_post_to_subs":true,"_jetpack_newsletter_tier_id":0,"_jetpack_memberships_contains_paywalled_content":false,"_jetpack_memberships_contains_paid_content":false,"footnotes":"","jetpack_publicize_message":"","jetpack_publicize_feature_enabled":true,"jetpack_social_post_already_shared":false,"jetpack_social_options":{"image_generator_settings":{"template":"highway","default_image_id":0,"font":"","enabled":false},"version":2}},"categories":[1520],"tags":[52,18,21,111,560,701,703,2855,970,440,752,775,785],"class_list":["post-481","post","type-post","status-publish","format-standard","hentry","category-cuaderno","tag-animacion","tag-blogosfera","tag-convocatorias","tag-cortometraje","tag-especiales","tag-kihachiro-kawamoto","tag-la-casa-de-fuego","tag-literatura","tag-notas-recomendadas","tag-poesia","tag-proyectos","tag-se-solicitan-versos","tag-textos-citables"],"jetpack_publicize_connections":[],"jetpack_featured_media_url":"","jetpack_shortlink":"https:\/\/wp.me\/pjEhq-7L","jetpack_sharing_enabled":true,"_links":{"self":[{"href":"https:\/\/www.lashistorias.com.mx\/index.php\/wp-json\/wp\/v2\/posts\/481","targetHints":{"allow":["GET"]}}],"collection":[{"href":"https:\/\/www.lashistorias.com.mx\/index.php\/wp-json\/wp\/v2\/posts"}],"about":[{"href":"https:\/\/www.lashistorias.com.mx\/index.php\/wp-json\/wp\/v2\/types\/post"}],"author":[{"embeddable":true,"href":"https:\/\/www.lashistorias.com.mx\/index.php\/wp-json\/wp\/v2\/users\/1"}],"replies":[{"embeddable":true,"href":"https:\/\/www.lashistorias.com.mx\/index.php\/wp-json\/wp\/v2\/comments?post=481"}],"version-history":[{"count":12,"href":"https:\/\/www.lashistorias.com.mx\/index.php\/wp-json\/wp\/v2\/posts\/481\/revisions"}],"predecessor-version":[{"id":12873,"href":"https:\/\/www.lashistorias.com.mx\/index.php\/wp-json\/wp\/v2\/posts\/481\/revisions\/12873"}],"wp:attachment":[{"href":"https:\/\/www.lashistorias.com.mx\/index.php\/wp-json\/wp\/v2\/media?parent=481"}],"wp:term":[{"taxonomy":"category","embeddable":true,"href":"https:\/\/www.lashistorias.com.mx\/index.php\/wp-json\/wp\/v2\/categories?post=481"},{"taxonomy":"post_tag","embeddable":true,"href":"https:\/\/www.lashistorias.com.mx\/index.php\/wp-json\/wp\/v2\/tags?post=481"}],"curies":[{"name":"wp","href":"https:\/\/api.w.org\/{rel}","templated":true}]}}