{"id":4712,"date":"2010-01-07T11:52:52","date_gmt":"2010-01-07T17:52:52","guid":{"rendered":"http:\/\/www.lashistorias.com.mx\/?p=4712"},"modified":"2016-10-26T10:22:36","modified_gmt":"2016-10-26T15:22:36","slug":"taller-de-cuento-2010","status":"publish","type":"post","link":"https:\/\/www.lashistorias.com.mx\/index.php\/taller-de-cuento-2010\/","title":{"rendered":"Taller de cuento 2010"},"content":{"rendered":"<p><strong>[fusion_builder_container hundred_percent=\u00bbyes\u00bb overflow=\u00bbvisible\u00bb][fusion_builder_row][fusion_builder_column type=\u00bb1_1&#8243; background_position=\u00bbleft top\u00bb background_color=\u00bb\u00bb border_size=\u00bb\u00bb border_color=\u00bb\u00bb border_style=\u00bbsolid\u00bb spacing=\u00bbyes\u00bb background_image=\u00bb\u00bb background_repeat=\u00bbno-repeat\u00bb padding=\u00bb\u00bb margin_top=\u00bb0px\u00bb margin_bottom=\u00bb0px\u00bb class=\u00bb\u00bb id=\u00bb\u00bb animation_type=\u00bb\u00bb animation_speed=\u00bb0.3&#8243; animation_direction=\u00bbleft\u00bb hide_on_mobile=\u00bbno\u00bb center_content=\u00bbno\u00bb min_height=\u00bbnone\u00bb][Nota del 7 de octubre: las sesiones del mes de octubre del taller comenzar\u00e1n el s\u00e1bado 9 de octubre.]<\/strong><\/p>\n<p>En 2010, el Taller Integral de Cuento reanuda sus actividades a partir del s\u00e1bado 9 de enero. Como el taller es permanente, las inscripciones estar\u00e1n abiertas el primer s\u00e1bado de cada mes.<br \/>\n&nbsp;&nbsp;&nbsp;&nbsp;&nbsp;&nbsp;Las sesiones se llevar\u00e1n a cabo los s\u00e1bados de 10:00 a 12:00 horas en nueva sede a partir de octubre: el Centro Internacional de Guionismo de Cine y Televisi\u00f3n (Cigcite), localizado en Jos\u00e9 Vasconcelos #86, colonia Condesa, casi en la esquina con Juan Escutia, a medio camino entre las estaciones Chapultepec y Juanacatl\u00e1n de la l\u00ednea 1 del Metro. <\/p>\n<div align=center><a ref=\"magnificPopup\" href=\"https:\/\/www.lashistorias.com.mx\/wp-content\/uploads\/2010\/01\/luxeed_keyboard.jpg\"><img loading=\"lazy\" decoding=\"async\" data-attachment-id=\"4713\" data-permalink=\"https:\/\/www.lashistorias.com.mx\/index.php\/taller-de-cuento-2010\/luxeed_keyboard\/\" data-orig-file=\"https:\/\/www.lashistorias.com.mx\/wp-content\/uploads\/2010\/01\/luxeed_keyboard.jpg\" data-orig-size=\"520,427\" data-comments-opened=\"1\" data-image-meta=\"{&quot;aperture&quot;:&quot;0&quot;,&quot;credit&quot;:&quot;&quot;,&quot;camera&quot;:&quot;&quot;,&quot;caption&quot;:&quot;&quot;,&quot;created_timestamp&quot;:&quot;0&quot;,&quot;copyright&quot;:&quot;&quot;,&quot;focal_length&quot;:&quot;0&quot;,&quot;iso&quot;:&quot;0&quot;,&quot;shutter_speed&quot;:&quot;0&quot;,&quot;title&quot;:&quot;&quot;}\" data-image-title=\"Teclado de la empresa Luxeed\" data-image-description=\"\" data-image-caption=\"\" data-large-file=\"https:\/\/www.lashistorias.com.mx\/wp-content\/uploads\/2010\/01\/luxeed_keyboard.jpg\" src=\"https:\/\/www.lashistorias.com.mx\/wp-content\/uploads\/2010\/01\/luxeed_keyboard-300x246.jpg\" alt=\"\" title=\"Teclado de la empresa Luxeed\" width=\"300\" height=\"246\" class=\"alignnone size-medium wp-image-4713\" srcset=\"https:\/\/www.lashistorias.com.mx\/wp-content\/uploads\/2010\/01\/luxeed_keyboard-300x246.jpg 300w, https:\/\/www.lashistorias.com.mx\/wp-content\/uploads\/2010\/01\/luxeed_keyboard.jpg 520w\" sizes=\"auto, (max-width: 300px) 100vw, 300px\" \/><\/a><\/div>\n<p>El taller se abre para cualquier persona interesada; no hay requisitos previos que cumplir y tampoco una duraci\u00f3n preestablecida: los asistentes pueden quedarse tanto o tan poco tiempo como lo deseen. Las sesiones se centran en la lectura de los textos que los asistentes deseen llevar, que se comentan con miras a discutir sus fortalezas y debilidades, reforzar su t\u00e9cnica, etc\u00e9tera. Al t\u00e9rmino de la discusi\u00f3n se ofrecen lecturas y, ocasionalmente, ejercicios adicionales pensados con base en los textos que se van presentando. En una lista de correo del taller es posible que los asistentes entablen comunicaci\u00f3n entre ellos o bien que utilicen gratuitamente una serie de textos te\u00f3ricos y de apoyo almacenados all\u00ed.<\/p>\n<p>El costo por mes del taller no se eleva y sigue en $500 por persona. Los interesados pueden solicitar m\u00e1s informaci\u00f3n en <a href=\"https:\/\/www.lashistorias.com.mx\/index.php\/contacto\/\">esta p\u00e1gina de contacto<\/a>.[\/fusion_builder_column][\/fusion_builder_row][\/fusion_builder_container]\n","protected":false},"excerpt":{"rendered":"<p>El Taller Integral de Cuento reanuda sus sesiones en 2010.<\/p>\n","protected":false},"author":1,"featured_media":0,"comment_status":"open","ping_status":"open","sticky":false,"template":"","format":"standard","meta":{"advanced_seo_description":"","jetpack_seo_html_title":"","jetpack_seo_noindex":false,"jetpack_post_was_ever_published":false,"_jetpack_newsletter_access":"","_jetpack_dont_email_post_to_subs":true,"_jetpack_newsletter_tier_id":0,"_jetpack_memberships_contains_paywalled_content":false,"_jetpack_memberships_contains_paid_content":false,"footnotes":"","jetpack_publicize_message":"","jetpack_publicize_feature_enabled":true,"jetpack_social_post_already_shared":false,"jetpack_social_options":{"image_generator_settings":{"template":"highway","default_image_id":0,"font":"","enabled":false},"version":2}},"categories":[23,3],"tags":[570,1346,22,560,2855,782,816,516],"class_list":["post-4712","post","type-post","status-publish","format-standard","hentry","category-cursos-y-talleres","category-lo-nuevo","tag-breves","tag-cigcite","tag-cuento","tag-especiales","tag-literatura","tag-taller-de-cuento","tag-taller-integral-de-cuento","tag-talleres-literarios"],"jetpack_publicize_connections":[],"jetpack_featured_media_url":"","jetpack_shortlink":"https:\/\/wp.me\/pjEhq-1e0","jetpack_sharing_enabled":true,"_links":{"self":[{"href":"https:\/\/www.lashistorias.com.mx\/index.php\/wp-json\/wp\/v2\/posts\/4712","targetHints":{"allow":["GET"]}}],"collection":[{"href":"https:\/\/www.lashistorias.com.mx\/index.php\/wp-json\/wp\/v2\/posts"}],"about":[{"href":"https:\/\/www.lashistorias.com.mx\/index.php\/wp-json\/wp\/v2\/types\/post"}],"author":[{"embeddable":true,"href":"https:\/\/www.lashistorias.com.mx\/index.php\/wp-json\/wp\/v2\/users\/1"}],"replies":[{"embeddable":true,"href":"https:\/\/www.lashistorias.com.mx\/index.php\/wp-json\/wp\/v2\/comments?post=4712"}],"version-history":[{"count":19,"href":"https:\/\/www.lashistorias.com.mx\/index.php\/wp-json\/wp\/v2\/posts\/4712\/revisions"}],"predecessor-version":[{"id":12806,"href":"https:\/\/www.lashistorias.com.mx\/index.php\/wp-json\/wp\/v2\/posts\/4712\/revisions\/12806"}],"wp:attachment":[{"href":"https:\/\/www.lashistorias.com.mx\/index.php\/wp-json\/wp\/v2\/media?parent=4712"}],"wp:term":[{"taxonomy":"category","embeddable":true,"href":"https:\/\/www.lashistorias.com.mx\/index.php\/wp-json\/wp\/v2\/categories?post=4712"},{"taxonomy":"post_tag","embeddable":true,"href":"https:\/\/www.lashistorias.com.mx\/index.php\/wp-json\/wp\/v2\/tags?post=4712"}],"curies":[{"name":"wp","href":"https:\/\/api.w.org\/{rel}","templated":true}]}}