{"id":468,"date":"2008-06-30T23:07:25","date_gmt":"2008-07-01T04:07:25","guid":{"rendered":"http:\/\/albertochimal.wordpress.com\/?p=39"},"modified":"2016-10-26T10:23:59","modified_gmt":"2016-10-26T15:23:59","slug":"el-regreso-de-la-gente-y-el-arca","status":"publish","type":"post","link":"https:\/\/www.lashistorias.com.mx\/index.php\/el-regreso-de-la-gente-y-el-arca\/","title":{"rendered":"El regreso de la gente y del arca"},"content":{"rendered":"<p><span style=\"background:#D0FFFF;\">[fusion_builder_container hundred_percent=\u00bbyes\u00bb overflow=\u00bbvisible\u00bb][fusion_builder_row][fusion_builder_column type=\u00bb1_1&#8243; background_position=\u00bbleft top\u00bb background_color=\u00bb\u00bb border_size=\u00bb\u00bb border_color=\u00bb\u00bb border_style=\u00bbsolid\u00bb spacing=\u00bbyes\u00bb background_image=\u00bb\u00bb background_repeat=\u00bbno-repeat\u00bb padding=\u00bb\u00bb margin_top=\u00bb0px\u00bb margin_bottom=\u00bb0px\u00bb class=\u00bb\u00bb id=\u00bb\u00bb animation_type=\u00bb\u00bb animation_speed=\u00bb0.3&#8243; animation_direction=\u00bbleft\u00bb hide_on_mobile=\u00bbno\u00bb center_content=\u00bbno\u00bb min_height=\u00bbnone\u00bb][20 de julio: Agrego detalles que faltaban sobre la antolog\u00eda <em>El arca,<\/em> al final de la nota.]<\/span><\/p>\n<p>Dos avisos breves y alegres:<\/p>\n<p>1. Ya est\u00e1 anunciado, por fin, uno de los proyectos que anticipaba cr\u00edpticamente desde hace a\u00f1os: la nueva edici\u00f3n de mi libro <em>Gente del mundo<\/em>, que cumple diez a\u00f1os este 2008, <a href=\"http:\/\/www.ociojoven.com\/article\/articleview\/992925\/1\/247\/\">aparecer\u00e1 publicada<\/a> (y corregida, y aumentada, y con ilustraciones de Joaqu\u00edn Rosado) por la editorial espa\u00f1ola <a href=\"http:\/\/webs.ono.com\/melmek\/index.html\">Grupo AJEC<\/a>. Desde aqu\u00ed mando saludos y gracias al editor Ra\u00fal Gonz\u00e1lvez, quien se interes\u00f3 desde el comienzo en la posibilidad de que <a href=\"https:\/\/www.lashistorias.com.mx\/index.php\/alberto-chimal\/gente-del-mundo-fragmentos\/\">esas historias<\/a> vieran de nuevo la luz. (Y a Bernardo Fern\u00e1ndez, quien me facilit\u00f3 el contacto con Ra\u00fal; un gran abrazo, Bef.)<\/p>\n<p>2. Redactando lo que antecede, recib\u00ed un segundo anuncio: <a href=\"http:\/\/notasmoleskine.blogspot.com\/2008\/06\/arca-en-el-per.html\">ya apareci\u00f3<\/a> la edici\u00f3n peruana (de la editorial Labuenavida) de <em>El arca<\/em>, la antolog\u00eda\/bestiario de Salvador Luis y Cecilia Eudave; la portada puede verse a continuaci\u00f3n:<\/p>\n<p><img loading=\"lazy\" decoding=\"async\" class=\"aligncenter size-full wp-image-41\" src=\"https:\/\/www.lashistorias.com.mx\/wp-content\/uploads\/2008\/06\/elarcaperu.jpg\" alt=\"\" width=\"265\" height=\"400\" \/><\/p>\n<p>Y he aqu\u00ed algunos datos m\u00e1s sobre la antolog\u00eda; transcribo la nota del blog <a href=\"http:\/\/notasmoleskine.blogspot.com\/2008\/01\/el-arca.html\">Moleskine literario<\/a>, que es uno de los varios que se ha ocupado de la antolog\u00eda hasta hoy:<\/p>\n<blockquote><p>Dice la nota de Salvador: \u00abLa primera version de El arca (version chilena) esta ya en el almacen de la distribuidora y en las siguientes librerias a partir del 4 de enero: Takk, Ulises, Qu\u00e9 Leo, Altamira, Pr\u00f3logo y Metales Pesados. Sangria Editora, de Chile, dirigida por los escritores Monica Rios y CarlosLabbe, empezara la difusion a partir de la proxima semana. [&#8230;] El libro incluye textos de los peruanos Ricardo Sumalavia, Claudia Ulloa Donoso y M\u00f3nica Belevan, y un <a href=\"http:\/\/www.lasiega.org\/index.php?title=El_Arca._Bestiario_y_ficciones_de_treintai%C3%BAn_narradores_hispanoamericanos.\">pr\u00f3logo<\/a> de Diego Trelles Paz.<\/p>\n<p>Los autores antologados son: Carlos Labb\u00e9 (Chile) Norberto Luis Romero (Argentina) Rosalba Campra (Argentina) Eva Cabo (Espa\u00f1a) Leonardo Valencia (Ecuador) Ricardo Sumalavia (Per\u00fa)V\u00edctor Montoya (Bolivia) Efraim Medina Reyes (Colombia) \u00c1lvaro Bisama (Chile) Vizania Amezcua (M\u00e9xico)I gnacio Alcuri (Uruguay) Carmen Camacho (Espa\u00f1a) Mayra Santos-Febres (Puerto Rico) Alberto Chimal (M\u00e9xico) Viviana Paletta (Argentina) Mara Aguirre (Argentina)Claudia Ulloa Donoso (Per\u00fa) Cecilia Eudave (M\u00e9xico) Pedro Cabiya (Puerto Rico) Claudia Apablaza (Chile) Ricardo Silva Romero (Colombia) Carlos Bustos (M\u00e9xico) Jacinta Escudos (El Salvador) Rosa Elvira Pel\u00e1ez (Cuba) M\u00f3nica Belevan (Per\u00fa) Marcial Fern\u00e1ndez (M\u00e9xico) Edmundo Paz Sold\u00e1n (Bolivia) Salvador Luis (Per\u00fa) Elena Medel (Espa\u00f1a) Alejandro Zambra (Chile) Maurice Echeverr\u00eda (Guatemala)<\/p><\/blockquote>\n[\/fusion_builder_column][\/fusion_builder_row][\/fusion_builder_container]\n","protected":false},"excerpt":{"rendered":"<p>[fusion_builder_container hundred_percent=\u00bbyes\u00bb overflow=\u00bbvisible\u00bb][fusion_builder_row][fusion_builder_column type=\u00bb1_1&#8243; background_position=\u00bbleft top\u00bb background_color=\u00bb\u00bb border_size=\u00bb\u00bb border_color=\u00bb\u00bb border_style=\u00bbsolid\u00bb spacing=\u00bbyes\u00bb background_image=\u00bb\u00bb background_repeat=\u00bbno-repeat\u00bb padding=\u00bb\u00bb margin_top=\u00bb0px\u00bb margin_bottom=\u00bb0px\u00bb class=\u00bb\u00bb id=\u00bb\u00bb animation_type=\u00bb\u00bb animation_speed=\u00bb0.3&#8243; animation_direction=\u00bbleft\u00bb hide_on_mobile=\u00bbno\u00bb center_content=\u00bbno\u00bb min_height=\u00bbnone\u00bb][20 de julio: Agrego detalles que faltaban sobre la antolog\u00eda El arca, al final de la nota.] Dos avisos breves y alegres: 1. Ya est\u00e1 anunciado, por fin, uno de los proyectos&#8230;<\/p>\n","protected":false},"author":1,"featured_media":0,"comment_status":"open","ping_status":"open","sticky":false,"template":"","format":"standard","meta":{"advanced_seo_description":"","jetpack_seo_html_title":"","jetpack_seo_noindex":false,"jetpack_post_was_ever_published":false,"_jetpack_newsletter_access":"","_jetpack_dont_email_post_to_subs":true,"_jetpack_newsletter_tier_id":0,"_jetpack_memberships_contains_paywalled_content":false,"_jetpack_memberships_contains_paid_content":false,"footnotes":"","jetpack_publicize_message":"","jetpack_publicize_feature_enabled":true,"jetpack_social_post_already_shared":false,"jetpack_social_options":{"image_generator_settings":{"template":"highway","default_image_id":0,"font":"","enabled":false},"version":2}},"categories":[3],"tags":[582,591,77,606,623,22,133,151,665,6,677,692,710,2855,718,731,433,2856,754,760,769],"class_list":["post-468","post","type-post","status-publish","format-standard","hentry","category-lo-nuevo","tag-ajec","tag-antologia","tag-bef","tag-bestiario","tag-cecilia-eudave","tag-cuento","tag-diego-trelles-paz","tag-el-arca","tag-espana","tag-general","tag-gente-del-mundo","tag-joaquin-rosado","tag-labuenavida","tag-literatura","tag-los-noveles","tag-moleskine-literario","tag-peru","tag-publicaciones","tag-raul-gonzalvez","tag-reedicion","tag-salvador-luis"],"jetpack_publicize_connections":[],"jetpack_featured_media_url":"","jetpack_shortlink":"https:\/\/wp.me\/pjEhq-7y","jetpack_sharing_enabled":true,"_links":{"self":[{"href":"https:\/\/www.lashistorias.com.mx\/index.php\/wp-json\/wp\/v2\/posts\/468","targetHints":{"allow":["GET"]}}],"collection":[{"href":"https:\/\/www.lashistorias.com.mx\/index.php\/wp-json\/wp\/v2\/posts"}],"about":[{"href":"https:\/\/www.lashistorias.com.mx\/index.php\/wp-json\/wp\/v2\/types\/post"}],"author":[{"embeddable":true,"href":"https:\/\/www.lashistorias.com.mx\/index.php\/wp-json\/wp\/v2\/users\/1"}],"replies":[{"embeddable":true,"href":"https:\/\/www.lashistorias.com.mx\/index.php\/wp-json\/wp\/v2\/comments?post=468"}],"version-history":[{"count":9,"href":"https:\/\/www.lashistorias.com.mx\/index.php\/wp-json\/wp\/v2\/posts\/468\/revisions"}],"predecessor-version":[{"id":12896,"href":"https:\/\/www.lashistorias.com.mx\/index.php\/wp-json\/wp\/v2\/posts\/468\/revisions\/12896"}],"wp:attachment":[{"href":"https:\/\/www.lashistorias.com.mx\/index.php\/wp-json\/wp\/v2\/media?parent=468"}],"wp:term":[{"taxonomy":"category","embeddable":true,"href":"https:\/\/www.lashistorias.com.mx\/index.php\/wp-json\/wp\/v2\/categories?post=468"},{"taxonomy":"post_tag","embeddable":true,"href":"https:\/\/www.lashistorias.com.mx\/index.php\/wp-json\/wp\/v2\/tags?post=468"}],"curies":[{"name":"wp","href":"https:\/\/api.w.org\/{rel}","templated":true}]}}