{"id":4520,"date":"2009-12-06T18:38:09","date_gmt":"2009-12-07T00:38:09","guid":{"rendered":"http:\/\/www.lashistorias.com.mx\/?p=4520"},"modified":"2016-10-26T10:22:40","modified_gmt":"2016-10-26T15:22:40","slug":"presentacion-de-la-noche-sera-negra-y-blanca","status":"publish","type":"post","link":"https:\/\/www.lashistorias.com.mx\/index.php\/presentacion-de-la-noche-sera-negra-y-blanca\/","title":{"rendered":"Presentaci\u00f3n de <em>La noche ser\u00e1 negra y blanca<\/em>"},"content":{"rendered":"<p>Ediciones Era y la Direcci\u00f3n de Literatura de la UNAM, as\u00ed como La Casa del Poeta \u00abRam\u00f3n L\u00f3pez Velarde\u00bb, invitan a la presentaci\u00f3n del libro <em>La noche ser\u00e1 blanca y negra<\/em> de Socorro Venegas, que se llevar\u00e1 a cabo el mi\u00e9rcoles 9 de diciembre a las 19:30 hrs. en el Caf\u00e9-Bar \u00abLas Hormigas\u00bb de la Casa (\u00c1lvaro Obreg\u00f3n 73, colonia Roma, en la ciudad de M\u00e9xico).<\/p>\n<p>\u00c9sta es la primera novela de Socorro, quien es una amiga querida de mucho tiempo atr\u00e1s y, creo, uno de los secretos mejor guardados (hasta ahora) de la literatura mexicana. Ganadora de diversos premios, becaria del venerable Centro Mexicano de Escritores y autora de varios libros muy interesantes, Socorro se ha mantenido relativamente lejos de la \u00abvida literaria\u00bb&#8230;, pero estoy seguro de que con esta novela &#8211;que presentaremos Eduardo Antonio Parra y yo&#8211; su obra empezar\u00e1 a recibir la atenci\u00f3n que merece. No dejen de acompa\u00f1arnos.<\/p>\n<p>(M\u00e1s informes en la Casa del Poeta, en los tel\u00e9fonos 55-33-54-56 y 52-07-93-36.)<\/p>\n<div align=center><img loading=\"lazy\" decoding=\"async\" data-attachment-id=\"4521\" data-permalink=\"https:\/\/www.lashistorias.com.mx\/index.php\/presentacion-de-la-noche-sera-negra-y-blanca\/invitacion-la-noche-1\/\" data-orig-file=\"https:\/\/www.lashistorias.com.mx\/wp-content\/uploads\/2009\/12\/invitacion-la-noche-1.jpg\" data-orig-size=\"450,450\" data-comments-opened=\"1\" data-image-meta=\"{&quot;aperture&quot;:&quot;0&quot;,&quot;credit&quot;:&quot;&quot;,&quot;camera&quot;:&quot;&quot;,&quot;caption&quot;:&quot;&quot;,&quot;created_timestamp&quot;:&quot;0&quot;,&quot;copyright&quot;:&quot;&quot;,&quot;focal_length&quot;:&quot;0&quot;,&quot;iso&quot;:&quot;0&quot;,&quot;shutter_speed&quot;:&quot;0&quot;,&quot;title&quot;:&quot;&quot;}\" data-image-title=\"Invitaci\u00f3n: La noche ser\u00e1 negra y blanca\" data-image-description=\"\" data-image-caption=\"\" data-large-file=\"https:\/\/www.lashistorias.com.mx\/wp-content\/uploads\/2009\/12\/invitacion-la-noche-1.jpg\" src=\"https:\/\/www.lashistorias.com.mx\/wp-content\/uploads\/2009\/12\/invitacion-la-noche-1.jpg\" alt=\"Invitaci\u00f3n: La noche ser\u00e1 negra y blanca\" title=\"Invitaci\u00f3n: La noche ser\u00e1 negra y blanca\" width=\"450\" height=\"450\" class=\"alignnone size-full wp-image-4521\" srcset=\"https:\/\/www.lashistorias.com.mx\/wp-content\/uploads\/2009\/12\/invitacion-la-noche-1.jpg 450w, https:\/\/www.lashistorias.com.mx\/wp-content\/uploads\/2009\/12\/invitacion-la-noche-1-150x150.jpg 150w, https:\/\/www.lashistorias.com.mx\/wp-content\/uploads\/2009\/12\/invitacion-la-noche-1-300x300.jpg 300w\" sizes=\"auto, (max-width: 450px) 100vw, 450px\" \/><\/div>\n","protected":false},"excerpt":{"rendered":"<p>Este 9 de diciembre a las 19:00, la primera novela de Socorro Venegas.<\/p>\n","protected":false},"author":1,"featured_media":0,"comment_status":"open","ping_status":"open","sticky":false,"template":"","format":"standard","meta":{"advanced_seo_description":"","jetpack_seo_html_title":"","jetpack_seo_noindex":false,"jetpack_post_was_ever_published":false,"_jetpack_newsletter_access":"","_jetpack_dont_email_post_to_subs":true,"_jetpack_newsletter_tier_id":0,"_jetpack_memberships_contains_paywalled_content":false,"_jetpack_memberships_contains_paid_content":false,"footnotes":"","jetpack_publicize_message":"","jetpack_publicize_feature_enabled":true,"jetpack_social_post_already_shared":false,"jetpack_social_options":{"image_generator_settings":{"template":"highway","default_image_id":0,"font":"","enabled":false},"version":2}},"categories":[3],"tags":[17,1040,1643,145,25,1642,2855,10,12,1641],"class_list":["post-4520","post","type-post","status-publish","format-standard","hentry","category-lo-nuevo","tag-amistades","tag-casa-del-poeta","tag-ediciones-era","tag-eduardo-antonio-parra","tag-escritores","tag-la-noche-sera-negra-y-blanca","tag-literatura","tag-novela","tag-presentaciones","tag-socorro-venegas"],"jetpack_publicize_connections":[],"jetpack_featured_media_url":"","jetpack_shortlink":"https:\/\/wp.me\/pjEhq-1aU","jetpack_sharing_enabled":true,"_links":{"self":[{"href":"https:\/\/www.lashistorias.com.mx\/index.php\/wp-json\/wp\/v2\/posts\/4520","targetHints":{"allow":["GET"]}}],"collection":[{"href":"https:\/\/www.lashistorias.com.mx\/index.php\/wp-json\/wp\/v2\/posts"}],"about":[{"href":"https:\/\/www.lashistorias.com.mx\/index.php\/wp-json\/wp\/v2\/types\/post"}],"author":[{"embeddable":true,"href":"https:\/\/www.lashistorias.com.mx\/index.php\/wp-json\/wp\/v2\/users\/1"}],"replies":[{"embeddable":true,"href":"https:\/\/www.lashistorias.com.mx\/index.php\/wp-json\/wp\/v2\/comments?post=4520"}],"version-history":[{"count":8,"href":"https:\/\/www.lashistorias.com.mx\/index.php\/wp-json\/wp\/v2\/posts\/4520\/revisions"}],"predecessor-version":[{"id":5872,"href":"https:\/\/www.lashistorias.com.mx\/index.php\/wp-json\/wp\/v2\/posts\/4520\/revisions\/5872"}],"wp:attachment":[{"href":"https:\/\/www.lashistorias.com.mx\/index.php\/wp-json\/wp\/v2\/media?parent=4520"}],"wp:term":[{"taxonomy":"category","embeddable":true,"href":"https:\/\/www.lashistorias.com.mx\/index.php\/wp-json\/wp\/v2\/categories?post=4520"},{"taxonomy":"post_tag","embeddable":true,"href":"https:\/\/www.lashistorias.com.mx\/index.php\/wp-json\/wp\/v2\/tags?post=4520"}],"curies":[{"name":"wp","href":"https:\/\/api.w.org\/{rel}","templated":true}]}}