{"id":4423,"date":"2009-11-28T17:44:01","date_gmt":"2009-11-28T23:44:01","guid":{"rendered":"http:\/\/www.lashistorias.com.mx\/?p=4423"},"modified":"2016-10-26T10:22:40","modified_gmt":"2016-10-26T15:22:40","slug":"cuatro-presentaciones-en-la-fil","status":"publish","type":"post","link":"https:\/\/www.lashistorias.com.mx\/index.php\/cuatro-presentaciones-en-la-fil\/","title":{"rendered":"Cuatro presentaciones en la FIL"},"content":{"rendered":"<p>Aviso: de manera un poco imprevista (pero con gusto), estar\u00e9 involucrado en cuatro presentaciones durante la FIL de Guadalajara. Los datos son los siguientes por si quieren y pueden asistir:<\/p>\n<p>1. La <a href=\"https:\/\/www.lashistorias.com.mx\/index.php\/archivo\/los-esclavos-en-la-fil\/\">presentaci\u00f3n<\/a> de mi novela <em>Los esclavos<\/em>, que ser\u00e1 una charla con Bernardo Fern\u00e1ndez (Bef), sigue firme para este domingo (29 de noviembre), a las 19:00 horas, en el sal\u00f3n Agust\u00edn Y\u00e1\u00f1ez.<\/p>\n<div align=center>*   *   *<\/p>\n<p><a ref=\"magnificPopup\" href=\"https:\/\/www.lashistorias.com.mx\/wp-content\/uploads\/2009\/11\/cazadeletras.jpg\"><img loading=\"lazy\" decoding=\"async\" data-attachment-id=\"4426\" data-permalink=\"https:\/\/www.lashistorias.com.mx\/index.php\/cuatro-presentaciones-en-la-fil\/cazadeletras\/\" data-orig-file=\"https:\/\/www.lashistorias.com.mx\/wp-content\/uploads\/2009\/11\/cazadeletras.jpg\" data-orig-size=\"476,500\" data-comments-opened=\"1\" data-image-meta=\"{&quot;aperture&quot;:&quot;0&quot;,&quot;credit&quot;:&quot;&quot;,&quot;camera&quot;:&quot;&quot;,&quot;caption&quot;:&quot;&quot;,&quot;created_timestamp&quot;:&quot;0&quot;,&quot;copyright&quot;:&quot;&quot;,&quot;focal_length&quot;:&quot;0&quot;,&quot;iso&quot;:&quot;0&quot;,&quot;shutter_speed&quot;:&quot;0&quot;,&quot;title&quot;:&quot;&quot;}\" data-image-title=\"Caza de Letras 2009\" data-image-description=\"\" data-image-caption=\"\" data-large-file=\"https:\/\/www.lashistorias.com.mx\/wp-content\/uploads\/2009\/11\/cazadeletras.jpg\" src=\"https:\/\/www.lashistorias.com.mx\/wp-content\/uploads\/2009\/11\/cazadeletras-285x300.jpg\" alt=\"Caza de Letras 2009\" title=\"Caza de Letras 2009\" width=\"285\" height=\"300\" class=\"alignnone size-medium wp-image-4426\" srcset=\"https:\/\/www.lashistorias.com.mx\/wp-content\/uploads\/2009\/11\/cazadeletras-285x300.jpg 285w, https:\/\/www.lashistorias.com.mx\/wp-content\/uploads\/2009\/11\/cazadeletras.jpg 476w\" sizes=\"auto, (max-width: 285px) 100vw, 285px\" \/><\/a><\/div>\n<p>2. Casi al mismo tiempo, empezando a las 19:30, en el sal\u00f3n Antonio Alatorre (a dos puertas de distancia), ser\u00e1 la premiaci\u00f3n del concurso virtual Caza de Letras (en su tercera vuelta) y la presentaci\u00f3n de la novela <em>No tengo tiempo<\/em>, de Arturo Vallejo, ganadora de la segunda edici\u00f3n del concurso el a\u00f1o pasado. Yo estar\u00e9 en la segunda parte de este evento, saliendo de <em>Los esclavos<\/em>. S\u00e9 que suena un poco raro, pero (aunque los horarios quedaron ligeramente superpuestos) no pod\u00eda dejar de estar aunque fuera brevemente: el libro de Arturo es muy bueno y adem\u00e1s se anunciar\u00e1 la publicaci\u00f3n del nuevo ganador: el chileno Benjam\u00edn Labatut. Si se animan, entre \u00e9sta y la anterior tendr\u00e1n dos presentaciones casi simult\u00e1neas por el mismo boleto.<\/p>\n<div align=center>*   *   *<\/p>\n<p><img loading=\"lazy\" decoding=\"async\" data-attachment-id=\"4425\" data-permalink=\"https:\/\/www.lashistorias.com.mx\/index.php\/cuatro-presentaciones-en-la-fil\/interrupciones\/\" data-orig-file=\"https:\/\/www.lashistorias.com.mx\/wp-content\/uploads\/2009\/11\/interrupciones.jpg\" data-orig-size=\"200,258\" data-comments-opened=\"1\" data-image-meta=\"{&quot;aperture&quot;:&quot;0&quot;,&quot;credit&quot;:&quot;&quot;,&quot;camera&quot;:&quot;&quot;,&quot;caption&quot;:&quot;&quot;,&quot;created_timestamp&quot;:&quot;0&quot;,&quot;copyright&quot;:&quot;&quot;,&quot;focal_length&quot;:&quot;0&quot;,&quot;iso&quot;:&quot;0&quot;,&quot;shutter_speed&quot;:&quot;0&quot;,&quot;title&quot;:&quot;&quot;}\" data-image-title=\"Interrupciones\" data-image-description=\"\" data-image-caption=\"\" data-large-file=\"https:\/\/www.lashistorias.com.mx\/wp-content\/uploads\/2009\/11\/interrupciones.jpg\" src=\"https:\/\/www.lashistorias.com.mx\/wp-content\/uploads\/2009\/11\/interrupciones.jpg\" alt=\"Interrupciones\" title=\"Interrupciones\" width=\"200\" height=\"258\" class=\"alignnone size-full wp-image-4425\" \/><\/div>\n<p>3. Al d\u00eda siguiente, el lunes 30, presentar\u00e9 &#8211;de nuevo con Bef&#8211; el libro <em>I nte rrupciones<\/em> de Pepe Rojo, primera publicaci\u00f3n de la editorial tijuanense Nortestaci\u00f3n, en el sal\u00f3n A del \u00e1rea internacional de la Feria a las 20:00 horas. Pepe ha aparecido en un par de notas recientes en esta bit\u00e1cora; este libro suyo es el primero despu\u00e9s de algunos a\u00f1os y se agrega a una bibliograf\u00eda que deber\u00eda ser m\u00e1s extensa (y tal vez lo ser\u00e1: esperemos).<\/p>\n<div align=center>*   *   *<\/p>\n<p><a ref=\"magnificPopup\" href=\"https:\/\/www.lashistorias.com.mx\/wp-content\/uploads\/2009\/11\/Ira-del-filosofo.jpg\"><img loading=\"lazy\" decoding=\"async\" data-attachment-id=\"4429\" data-permalink=\"https:\/\/www.lashistorias.com.mx\/index.php\/cuatro-presentaciones-en-la-fil\/ira-del-filosofo\/\" data-orig-file=\"https:\/\/www.lashistorias.com.mx\/wp-content\/uploads\/2009\/11\/Ira-del-filosofo.jpg\" data-orig-size=\"325,453\" data-comments-opened=\"1\" data-image-meta=\"{&quot;aperture&quot;:&quot;0&quot;,&quot;credit&quot;:&quot;&quot;,&quot;camera&quot;:&quot;HP Scanjet djf4100&quot;,&quot;caption&quot;:&quot;&quot;,&quot;created_timestamp&quot;:&quot;0&quot;,&quot;copyright&quot;:&quot;&quot;,&quot;focal_length&quot;:&quot;0&quot;,&quot;iso&quot;:&quot;0&quot;,&quot;shutter_speed&quot;:&quot;0&quot;,&quot;title&quot;:&quot;&quot;}\" data-image-title=\"La ira del fil\u00f3sofo\" data-image-description=\"\" data-image-caption=\"\" data-large-file=\"https:\/\/www.lashistorias.com.mx\/wp-content\/uploads\/2009\/11\/Ira-del-filosofo.jpg\" src=\"https:\/\/www.lashistorias.com.mx\/wp-content\/uploads\/2009\/11\/Ira-del-filosofo-215x300.jpg\" alt=\"La ira del fil\u00f3sofo\" title=\"La ira del fil\u00f3sofo\" width=\"215\" height=\"300\" class=\"alignnone size-medium wp-image-4429\" srcset=\"https:\/\/www.lashistorias.com.mx\/wp-content\/uploads\/2009\/11\/Ira-del-filosofo-215x300.jpg 215w, https:\/\/www.lashistorias.com.mx\/wp-content\/uploads\/2009\/11\/Ira-del-filosofo.jpg 325w\" sizes=\"auto, (max-width: 215px) 100vw, 215px\" \/><\/a><\/div>\n<p>4. Por \u00faltimo, el martes primero de diciembre, a las 18:00 horas en el sal\u00f3n B del \u00e1rea internacional, se presentar\u00e1 la novela <em>La ira del fil\u00f3sofo<\/em> de Eduardo Parra Ram\u00edrez, ganador del Premio Juan Rulfo de primera novela el a\u00f1o pasado. No estar\u00e9 presente f\u00edsicamente pero dejar\u00e9 un texto con mis comentarios, que acompa\u00f1ar\u00e1n los de Marcial Fern\u00e1ndez. La novela es realmente muy interesante y, desde luego, no necesita lo que yo pueda decir, como ver\u00e1n si la leen&#8230;<\/p>\n<p>Dicho est\u00e1. Saludos y hasta luego.<\/p>\n","protected":false},"excerpt":{"rendered":"<p>&#8230;y los datos pertinentes. Las fechas: del 29\/11 al 1\/12.<\/p>\n","protected":false},"author":1,"featured_media":0,"comment_status":"open","ping_status":"open","sticky":false,"template":"","format":"standard","meta":{"advanced_seo_description":"","jetpack_seo_html_title":"","jetpack_seo_noindex":false,"jetpack_post_was_ever_published":false,"_jetpack_newsletter_access":"","_jetpack_dont_email_post_to_subs":true,"_jetpack_newsletter_tier_id":0,"_jetpack_memberships_contains_paywalled_content":false,"_jetpack_memberships_contains_paid_content":false,"footnotes":"","jetpack_publicize_message":"","jetpack_publicize_feature_enabled":true,"jetpack_social_post_already_shared":false,"jetpack_social_options":{"image_generator_settings":{"template":"highway","default_image_id":0,"font":"","enabled":false},"version":2}},"categories":[3],"tags":[17,1630,77,1631,570,91,22,1627,24,25,1614,1613,1628,1629,2855,1055,10,432,12],"class_list":["post-4423","post","type-post","status-publish","format-standard","hentry","category-lo-nuevo","tag-amistades","tag-arturo-vallejo","tag-bef","tag-benjamin-labatut","tag-breves","tag-caza-de-letras","tag-cuento","tag-eduardo-parra-ramirez","tag-ensayo","tag-escritores","tag-feria-internacional-del-libro-de-guadalajara","tag-fil","tag-i-nte-rrupciones","tag-la-ira-del-filosofo","tag-literatura","tag-los-esclavos","tag-novela","tag-pepe-rojo","tag-presentaciones"],"jetpack_publicize_connections":[],"jetpack_featured_media_url":"","jetpack_shortlink":"https:\/\/wp.me\/pjEhq-19l","jetpack_sharing_enabled":true,"_links":{"self":[{"href":"https:\/\/www.lashistorias.com.mx\/index.php\/wp-json\/wp\/v2\/posts\/4423","targetHints":{"allow":["GET"]}}],"collection":[{"href":"https:\/\/www.lashistorias.com.mx\/index.php\/wp-json\/wp\/v2\/posts"}],"about":[{"href":"https:\/\/www.lashistorias.com.mx\/index.php\/wp-json\/wp\/v2\/types\/post"}],"author":[{"embeddable":true,"href":"https:\/\/www.lashistorias.com.mx\/index.php\/wp-json\/wp\/v2\/users\/1"}],"replies":[{"embeddable":true,"href":"https:\/\/www.lashistorias.com.mx\/index.php\/wp-json\/wp\/v2\/comments?post=4423"}],"version-history":[{"count":11,"href":"https:\/\/www.lashistorias.com.mx\/index.php\/wp-json\/wp\/v2\/posts\/4423\/revisions"}],"predecessor-version":[{"id":6073,"href":"https:\/\/www.lashistorias.com.mx\/index.php\/wp-json\/wp\/v2\/posts\/4423\/revisions\/6073"}],"wp:attachment":[{"href":"https:\/\/www.lashistorias.com.mx\/index.php\/wp-json\/wp\/v2\/media?parent=4423"}],"wp:term":[{"taxonomy":"category","embeddable":true,"href":"https:\/\/www.lashistorias.com.mx\/index.php\/wp-json\/wp\/v2\/categories?post=4423"},{"taxonomy":"post_tag","embeddable":true,"href":"https:\/\/www.lashistorias.com.mx\/index.php\/wp-json\/wp\/v2\/tags?post=4423"}],"curies":[{"name":"wp","href":"https:\/\/api.w.org\/{rel}","templated":true}]}}