{"id":4400,"date":"2009-11-23T09:55:36","date_gmt":"2009-11-23T15:55:36","guid":{"rendered":"http:\/\/www.lashistorias.com.mx\/?p=4400"},"modified":"2016-10-26T10:22:41","modified_gmt":"2016-10-26T15:22:41","slug":"los-esclavos-en-la-fil","status":"publish","type":"post","link":"https:\/\/www.lashistorias.com.mx\/index.php\/los-esclavos-en-la-fil\/","title":{"rendered":"<em>Los esclavos<\/em> en la FIL"},"content":{"rendered":"<p>Este domingo 29 de noviembre, a las 19:00 horas, tendr\u00e9 el gusto de <a href=\"http:\/\/www.fil.com.mx\/prog\/prog_resul01.asp?r=0&#038;f=0&#038;an=Alberto&#038;aa=Chimal&#038;e=2009&#038;lan=1\">presentar<\/a> por primera vez un libro en la <a href=\"http:\/\/www.fil.com.mx\/\">Feria Internacional del Libro de Guadalajara<\/a>. Ser\u00e1 mi novela <em>Los esclavos<\/em> y la cita es en el Sal\u00f3n Agust\u00edn Y\u00e1\u00f1ez, en la planta alta del recinto ferial en Expo Guadalajara (avenida Mariano Otero 1499, colonia Verde Valle).<\/p>\n<p>Me acompa\u00f1ar\u00e1, como en la presentaci\u00f3n de la ciudad de M\u00e9xico, el querido Bernardo Fern\u00e1ndez (Bef). Ojal\u00e1, si van a ir o ya est\u00e1n en Guadalajara, se animen a acompa\u00f1arnos.<\/p>\n<p><em>(Nota: el Sal\u00f3n Y\u00e1\u00f1ez es f\u00e1cil de localizar en <a href=\"http:\/\/www.fil.com.mx\/pla_gen\/pla_gen.html\">este plano<\/a> interactivo; hay que buscar los salones de eventos en la planta alta, que est\u00e1n a la izquierda en el dibujo.)<\/em><\/p>\n<div align=center>+ + +<\/div>\n<p>Y ahora, aprovechando:<\/p>\n<p>1. Si van a la FIL, adem\u00e1s de los planes que ya tengan, no olviden buscar el nuevo n\u00famero de la revista <em>Luvina<\/em>, que estar\u00e1 dedicado a los escritores de Los \u00c1ngeles &#8211;ciudad invitada de honor a la Feria&#8211; y tendr\u00e1, entre muchos otros textos, mi traducci\u00f3n de \u00abEl verano de la piedad\u00bb, un cuento in\u00e9dito de Ray Bradbury.<\/p>\n<p>2. Tampoco olviden buscar su ejemplar de <a href=\"https:\/\/www.lashistorias.com.mx\/index.php\/archivo\/asamblea-portatil\/\"><em>Asamblea port\u00e1til<\/em><\/a> (m\u00e1s detalles en el enlace: vale la pena), y&#8230;<\/p>\n<p>3. As\u00f3mense a la <a href=\"http:\/\/manuelfons.blogspot.com\/2009\/11\/presentacion-fil-2009-manuscrito.html\">presentaci\u00f3n <\/a>de <em>Manuscrito hallado en un manuscrito<\/em>, primer libro del escritor y artista Manuel Fons.<\/p>\n<p>Gracias y saludos a todos.<\/p>\n<div align=center>[fusion_builder_container hundred_percent=\u00bbyes\u00bb overflow=\u00bbvisible\u00bb][fusion_builder_row][fusion_builder_column type=\u00bb1_1&#8243; background_position=\u00bbleft top\u00bb background_color=\u00bb\u00bb border_size=\u00bb\u00bb border_color=\u00bb\u00bb border_style=\u00bbsolid\u00bb spacing=\u00bbyes\u00bb background_image=\u00bb\u00bb background_repeat=\u00bbno-repeat\u00bb padding=\u00bb\u00bb margin_top=\u00bb0px\u00bb margin_bottom=\u00bb0px\u00bb class=\u00bb\u00bb id=\u00bb\u00bb animation_type=\u00bb\u00bb animation_speed=\u00bb0.3&#8243; animation_direction=\u00bbleft\u00bb hide_on_mobile=\u00bbno\u00bb center_content=\u00bbno\u00bb min_height=\u00bbnone\u00bb]<figure id=\"attachment_2449\" aria-describedby=\"caption-attachment-2449\" style=\"width: 350px\" class=\"wp-caption alignnone\"><img loading=\"lazy\" decoding=\"async\" src=\"https:\/\/www.lashistorias.com.mx\/wp-content\/uploads\/2009\/02\/los-esclavos-portada.gif\" alt=\"Portada de Los esclavos\" title=\"Portada de Los esclavos\" width=\"350\" height=\"541\" class=\"size-full wp-image-2449\" \/><figcaption id=\"caption-attachment-2449\" class=\"wp-caption-text\">Portada de Los esclavos<\/figcaption><\/figure><\/div>\n[\/fusion_builder_column][\/fusion_builder_row][\/fusion_builder_container]\n","protected":false},"excerpt":{"rendered":"<p>La cita es el 29 de noviembre, a las 19:00. Adem\u00e1s, un par de avisos adicionales.<\/p>\n","protected":false},"author":1,"featured_media":0,"comment_status":"open","ping_status":"open","sticky":false,"template":"","format":"standard","meta":{"advanced_seo_description":"","jetpack_seo_html_title":"","jetpack_seo_noindex":false,"jetpack_post_was_ever_published":false,"_jetpack_newsletter_access":"","_jetpack_dont_email_post_to_subs":true,"_jetpack_newsletter_tier_id":0,"_jetpack_memberships_contains_paywalled_content":false,"_jetpack_memberships_contains_paid_content":false,"footnotes":"","jetpack_publicize_message":"","jetpack_publicize_feature_enabled":true,"jetpack_social_post_already_shared":false,"jetpack_social_options":{"image_generator_settings":{"template":"highway","default_image_id":0,"font":"","enabled":false},"version":2}},"categories":[3],"tags":[43,17,1612,77,570,1622,1614,1613,2855,1055,1623,1625,1624,12,2856,463,769],"class_list":["post-4400","post","type-post","status-publish","format-standard","hentry","category-lo-nuevo","tag-almadia","tag-amistades","tag-asamblea-portatil","tag-bef","tag-breves","tag-feria-interna","tag-feria-internacional-del-libro-de-guadalajara","tag-fil","tag-literatura","tag-los-esclavos","tag-luvina","tag-manuel-fons","tag-manuscrito-hallado-en-un-manuscrito","tag-presentaciones","tag-publicaciones","tag-ray-bradbury","tag-salvador-luis"],"jetpack_publicize_connections":[],"jetpack_featured_media_url":"","jetpack_shortlink":"https:\/\/wp.me\/pjEhq-18Y","jetpack_sharing_enabled":true,"_links":{"self":[{"href":"https:\/\/www.lashistorias.com.mx\/index.php\/wp-json\/wp\/v2\/posts\/4400","targetHints":{"allow":["GET"]}}],"collection":[{"href":"https:\/\/www.lashistorias.com.mx\/index.php\/wp-json\/wp\/v2\/posts"}],"about":[{"href":"https:\/\/www.lashistorias.com.mx\/index.php\/wp-json\/wp\/v2\/types\/post"}],"author":[{"embeddable":true,"href":"https:\/\/www.lashistorias.com.mx\/index.php\/wp-json\/wp\/v2\/users\/1"}],"replies":[{"embeddable":true,"href":"https:\/\/www.lashistorias.com.mx\/index.php\/wp-json\/wp\/v2\/comments?post=4400"}],"version-history":[{"count":12,"href":"https:\/\/www.lashistorias.com.mx\/index.php\/wp-json\/wp\/v2\/posts\/4400\/revisions"}],"predecessor-version":[{"id":12812,"href":"https:\/\/www.lashistorias.com.mx\/index.php\/wp-json\/wp\/v2\/posts\/4400\/revisions\/12812"}],"wp:attachment":[{"href":"https:\/\/www.lashistorias.com.mx\/index.php\/wp-json\/wp\/v2\/media?parent=4400"}],"wp:term":[{"taxonomy":"category","embeddable":true,"href":"https:\/\/www.lashistorias.com.mx\/index.php\/wp-json\/wp\/v2\/categories?post=4400"},{"taxonomy":"post_tag","embeddable":true,"href":"https:\/\/www.lashistorias.com.mx\/index.php\/wp-json\/wp\/v2\/tags?post=4400"}],"curies":[{"name":"wp","href":"https:\/\/api.w.org\/{rel}","templated":true}]}}