{"id":4248,"date":"2009-10-27T12:04:04","date_gmt":"2009-10-27T18:04:04","guid":{"rendered":"http:\/\/www.lashistorias.com.mx\/?p=4248"},"modified":"2016-10-26T10:22:42","modified_gmt":"2016-10-26T15:22:42","slug":"apuntes-de-un-escritor-malo-en-xteresa","status":"publish","type":"post","link":"https:\/\/www.lashistorias.com.mx\/index.php\/apuntes-de-un-escritor-malo-en-xteresa\/","title":{"rendered":"<em>Apuntes de un escritor malo<\/em> en XTeresa"},"content":{"rendered":"<p>Para aliviarse un poco de la solemnidad, la estrechez de miras y la falta de imaginaci\u00f3n, recomiendo acudir a la presentaci\u00f3n que sigue, con los queridos Mauricio Bares y Bernardo Fern\u00e1ndez. Reproduzco el bolet\u00edn:<\/p>\n<blockquote><p><strong>La editorial Nitro\/Press tiene el gran placer de invitarlos a la exquisita presentaci\u00f3n del libro <em>Apuntes de un escritor malo<\/em> de Mauricio Bares.<br \/>\n<\/strong><\/p>\n<ul>\n<li>Jueves 29 de Octubre, 8:00-10:30 pm, en el majestuoso ExTeresa Arte Actual, calle Lic. Verdad # 8, a un costado del Palacio Nacional y la Catedral Metropolitana<\/li>\n<li>Presentan: Mauricio Bares y los enormes Alberto Chimal y Bernardo Fern\u00e1ndez (BEF)<\/li>\n<li>M\u00fasica ambiental: Peach Melba<\/li>\n<li>Visuales Nitro\/Press<\/li>\n<\/ul>\n<p><em><br \/>\nEl libro re\u00fane versiones mejoradas de lo m\u00e1s granado del blog de An\u00f3nimo Hern\u00e1ndez, as\u00ed como joyas in\u00e9ditas que har\u00e1n las delicias del respetable, como <strong>Escribator 3, Un escritor y su hijo 2, Malas influenzas, Malnacido, Pesadilla en Sesame Street <\/strong>y<strong> Un escritor con recursos,<\/strong> as\u00ed como comentarios de sus lectores m\u00e1s queridos. <\/em>\n<\/p><\/blockquote>\n<p>En caso de no poder acudir, se recomienda conseguir el libro:<\/p>\n<div align=center>[fusion_builder_container hundred_percent=\u00bbyes\u00bb overflow=\u00bbvisible\u00bb][fusion_builder_row][fusion_builder_column type=\u00bb1_1&#8243; background_position=\u00bbleft top\u00bb background_color=\u00bb\u00bb border_size=\u00bb\u00bb border_color=\u00bb\u00bb border_style=\u00bbsolid\u00bb spacing=\u00bbyes\u00bb background_image=\u00bb\u00bb background_repeat=\u00bbno-repeat\u00bb padding=\u00bb\u00bb margin_top=\u00bb0px\u00bb margin_bottom=\u00bb0px\u00bb class=\u00bb\u00bb id=\u00bb\u00bb animation_type=\u00bb\u00bb animation_speed=\u00bb0.3&#8243; animation_direction=\u00bbleft\u00bb hide_on_mobile=\u00bbno\u00bb center_content=\u00bbno\u00bb min_height=\u00bbnone\u00bb]<figure id=\"attachment_4249\" aria-describedby=\"caption-attachment-4249\" style=\"width: 210px\" class=\"wp-caption alignnone\"><a ref=\"magnificPopup\" href=\"https:\/\/www.lashistorias.com.mx\/wp-content\/uploads\/2009\/10\/Apuntes000.jpg\"><img loading=\"lazy\" decoding=\"async\" data-attachment-id=\"4249\" data-permalink=\"https:\/\/www.lashistorias.com.mx\/index.php\/apuntes-de-un-escritor-malo-en-xteresa\/adum-portada-indd\/\" data-orig-file=\"https:\/\/www.lashistorias.com.mx\/wp-content\/uploads\/2009\/10\/Apuntes000.jpg\" data-orig-size=\"1000,1422\" data-comments-opened=\"1\" data-image-meta=\"{&quot;aperture&quot;:&quot;0&quot;,&quot;credit&quot;:&quot;lilia&quot;,&quot;camera&quot;:&quot;&quot;,&quot;caption&quot;:&quot;&quot;,&quot;created_timestamp&quot;:&quot;0&quot;,&quot;copyright&quot;:&quot;&quot;,&quot;focal_length&quot;:&quot;0&quot;,&quot;iso&quot;:&quot;0&quot;,&quot;shutter_speed&quot;:&quot;0&quot;,&quot;title&quot;:&quot;ADUM portada.indd&quot;}\" data-image-title=\"Apuntes de un escritor malo\" data-image-description=\"\" data-image-caption=\"&lt;p&gt;Apuntes de un escritor malo (clic para ampliar)&lt;\/p&gt;\n\" data-large-file=\"https:\/\/www.lashistorias.com.mx\/wp-content\/uploads\/2009\/10\/Apuntes000-720x1024.jpg\" src=\"https:\/\/www.lashistorias.com.mx\/wp-content\/uploads\/2009\/10\/Apuntes000-210x300.jpg\" alt=\"Apuntes de un escritor malo (clic para ampliar)\" title=\"Apuntes de un escritor malo\" width=\"210\" height=\"300\" class=\"size-medium wp-image-4249\" srcset=\"https:\/\/www.lashistorias.com.mx\/wp-content\/uploads\/2009\/10\/Apuntes000-210x300.jpg 210w, https:\/\/www.lashistorias.com.mx\/wp-content\/uploads\/2009\/10\/Apuntes000-720x1024.jpg 720w, https:\/\/www.lashistorias.com.mx\/wp-content\/uploads\/2009\/10\/Apuntes000.jpg 1000w\" sizes=\"auto, (max-width: 210px) 100vw, 210px\" \/><\/a><figcaption id=\"caption-attachment-4249\" class=\"wp-caption-text\"><em>Apuntes de un escritor malo<\/em><br \/>(clic para ampliar)<\/figcaption><\/figure><\/div>\n<p>&#8230;y en caso de no poderlo conseguir ahora, hacer lo posible por conseguirlo luego y entretanto leer <a href=\"http:\/\/unescritormalo.blogspot.com\/\">esto<\/a> (que es el blog de An\u00f3nimo Hern\u00e1ndez, de las mejores plumas de la blog\u00f3sfera).[\/fusion_builder_column][\/fusion_builder_row][\/fusion_builder_container]\n","protected":false},"excerpt":{"rendered":"<p>Este jueves 29 se presenta el misterioso An\u00f3nimo Hern\u00e1ndez&#8230;<\/p>\n","protected":false},"author":1,"featured_media":0,"comment_status":"open","ping_status":"open","sticky":false,"template":"","format":"standard","meta":{"advanced_seo_description":"","jetpack_seo_html_title":"","jetpack_seo_noindex":false,"jetpack_post_was_ever_published":false,"_jetpack_newsletter_access":"","_jetpack_dont_email_post_to_subs":true,"_jetpack_newsletter_tier_id":0,"_jetpack_memberships_contains_paywalled_content":false,"_jetpack_memberships_contains_paid_content":false,"footnotes":"","jetpack_publicize_message":"","jetpack_publicize_feature_enabled":true,"jetpack_social_post_already_shared":false,"jetpack_social_options":{"image_generator_settings":{"template":"highway","default_image_id":0,"font":"","enabled":false},"version":2}},"categories":[3],"tags":[17,1579,1580,77,18,570,22,2855,385,1582,12,1581],"class_list":["post-4248","post","type-post","status-publish","format-standard","hentry","category-lo-nuevo","tag-amistades","tag-anonimo-hernandez","tag-apuntes-de-un-escritor-malo","tag-bef","tag-blogosfera","tag-breves","tag-cuento","tag-literatura","tag-mauricio-bares","tag-nitro-press","tag-presentaciones","tag-xteresa-arte-actual"],"jetpack_publicize_connections":[],"jetpack_featured_media_url":"","jetpack_shortlink":"https:\/\/wp.me\/pjEhq-16w","jetpack_sharing_enabled":true,"_links":{"self":[{"href":"https:\/\/www.lashistorias.com.mx\/index.php\/wp-json\/wp\/v2\/posts\/4248","targetHints":{"allow":["GET"]}}],"collection":[{"href":"https:\/\/www.lashistorias.com.mx\/index.php\/wp-json\/wp\/v2\/posts"}],"about":[{"href":"https:\/\/www.lashistorias.com.mx\/index.php\/wp-json\/wp\/v2\/types\/post"}],"author":[{"embeddable":true,"href":"https:\/\/www.lashistorias.com.mx\/index.php\/wp-json\/wp\/v2\/users\/1"}],"replies":[{"embeddable":true,"href":"https:\/\/www.lashistorias.com.mx\/index.php\/wp-json\/wp\/v2\/comments?post=4248"}],"version-history":[{"count":8,"href":"https:\/\/www.lashistorias.com.mx\/index.php\/wp-json\/wp\/v2\/posts\/4248\/revisions"}],"predecessor-version":[{"id":12817,"href":"https:\/\/www.lashistorias.com.mx\/index.php\/wp-json\/wp\/v2\/posts\/4248\/revisions\/12817"}],"wp:attachment":[{"href":"https:\/\/www.lashistorias.com.mx\/index.php\/wp-json\/wp\/v2\/media?parent=4248"}],"wp:term":[{"taxonomy":"category","embeddable":true,"href":"https:\/\/www.lashistorias.com.mx\/index.php\/wp-json\/wp\/v2\/categories?post=4248"},{"taxonomy":"post_tag","embeddable":true,"href":"https:\/\/www.lashistorias.com.mx\/index.php\/wp-json\/wp\/v2\/tags?post=4248"}],"curies":[{"name":"wp","href":"https:\/\/api.w.org\/{rel}","templated":true}]}}