{"id":4204,"date":"2009-10-25T22:55:03","date_gmt":"2009-10-26T03:55:03","guid":{"rendered":"http:\/\/www.lashistorias.com.mx\/?p=4204"},"modified":"2016-10-26T10:22:42","modified_gmt":"2016-10-26T15:22:42","slug":"retazos-del-25-de-octubre","status":"publish","type":"post","link":"https:\/\/www.lashistorias.com.mx\/index.php\/retazos-del-25-de-octubre\/","title":{"rendered":"Retazos del 25 de octubre"},"content":{"rendered":"<p>&nbsp;<\/p>\n<div align=center>\n<a ref=\"magnificPopup\" href=\"https:\/\/www.lashistorias.com.mx\/wp-content\/uploads\/2009\/10\/sehaperdido.jpg\"><img loading=\"lazy\" decoding=\"async\" data-attachment-id=\"4205\" data-permalink=\"https:\/\/www.lashistorias.com.mx\/index.php\/retazos-del-25-de-octubre\/sehaperdido\/\" data-orig-file=\"https:\/\/www.lashistorias.com.mx\/wp-content\/uploads\/2009\/10\/sehaperdido.jpg\" data-orig-size=\"1336,1744\" data-comments-opened=\"1\" data-image-meta=\"{&quot;aperture&quot;:&quot;0&quot;,&quot;credit&quot;:&quot;&quot;,&quot;camera&quot;:&quot;HP ScanJet 4070&quot;,&quot;caption&quot;:&quot;&quot;,&quot;created_timestamp&quot;:&quot;0&quot;,&quot;copyright&quot;:&quot;&quot;,&quot;focal_length&quot;:&quot;0&quot;,&quot;iso&quot;:&quot;0&quot;,&quot;shutter_speed&quot;:&quot;0&quot;,&quot;title&quot;:&quot;&quot;}\" data-image-title=\"Se ha perdido una ni\u00f1a\" data-image-description=\"&lt;p&gt;Se ha perdido una ni\u00f1a (clic para ampliar)&lt;\/p&gt;\n\" data-image-caption=\"\" data-large-file=\"https:\/\/www.lashistorias.com.mx\/wp-content\/uploads\/2009\/10\/sehaperdido-784x1024.jpg\" src=\"https:\/\/www.lashistorias.com.mx\/wp-content\/uploads\/2009\/10\/sehaperdido-229x300.jpg\" alt=\"Se ha perdido una ni\u00f1a\" title=\"Se ha perdido una ni\u00f1a\" width=\"229\" height=\"300\" class=\"alignnone size-medium wp-image-4205\" srcset=\"https:\/\/www.lashistorias.com.mx\/wp-content\/uploads\/2009\/10\/sehaperdido-229x300.jpg 229w, https:\/\/www.lashistorias.com.mx\/wp-content\/uploads\/2009\/10\/sehaperdido-784x1024.jpg 784w, https:\/\/www.lashistorias.com.mx\/wp-content\/uploads\/2009\/10\/sehaperdido.jpg 1336w\" sizes=\"auto, (max-width: 229px) 100vw, 229px\" \/><\/a>\n<\/div>\n<p>\u00c9sta es la portada de <em>Se ha perdido una ni\u00f1a<\/em> de Galina Demikina (1982), traducci\u00f3n del original ruso (1977) publicada por la Editorial Progreso de la URSS. Haciendo clic en la imagen se ampliar\u00e1. \u00c9ste es el libro que Roberto regala a Ilse en <a href=\"http:\/\/callejondelacarne.blogspot.com\/2009\/07\/se-ha-perdido-una-nina.html\">\u00abSe ha perdido una ni\u00f1a\u00bb<\/a>.<\/p>\n<div align=center>* * *<\/div>\n<p>Reviso el texto sobre Garc\u00eda M\u00e1rquez. Su centro va a ser la idea siguiente: aquel clich\u00e9 de que \u00abla realidad siempre supera a la ficci\u00f3n\u00bb (al igual que la versi\u00f3n de G. G. M.: \u00abla realidad siempre rebasa a la imaginaci\u00f3n\u00bb) es de hecho una idea fant\u00e1stica. No tiene sentido sino como met\u00e1fora. La vieja historia del balazo en el pie&#8230;, aunque tantas personas repitan y repitan las frases como si fueran prueba de algo.<\/p>\n<div align=center>* * *<\/div>\n<p>Ayer, en Metepec, me dijeron que el extracto de <em>Los esclavos<\/em> que apareci\u00f3 en la antolog\u00eda <em>Grandes Hits<\/em> no se lee tan bien como lo que aparece en la novela. Es verdad, dije, porque es una versi\u00f3n previa. Pero luego deb\u00ed ser sincero y lo ser\u00e9 ahora: esa versi\u00f3n inicial realmente no estaba tan bien. Un a\u00f1o de revisiones y los consejos de varias personas (entre ellas varios amigos, y uno que parec\u00eda serlo) median entre ella y lo que apareci\u00f3 en el libro. No es la primera vez que esto me sucede cuando me piden textos para una antolog\u00eda. Tal vez debo dejar por completo de publicar textos tan deprisa: aceptar que a m\u00ed me salen m\u00e1s o menos bien con mucha m\u00e1s lentitud de lo habitual (eso s\u00ed, los \u00abgenios instant\u00e1neos\u00bb me siguen pareciendo pat\u00e9ticos).<\/p>\n<div align=center>* * *<\/div>\n<p>Ayer, en Metepec, tambi\u00e9n, tuve mi primera lectura de cuentos en a\u00f1os. \u00bfC\u00f3mo pude dejar pasar tanto tiempo? Puedo decirlo: los escuchas, que llenaron el bar 2 de abril, se la pasaron muy bien, y yo igualmente.<br \/>\n&nbsp;&nbsp;&nbsp;&nbsp;&nbsp;&nbsp;De verdad, \u00bfc\u00f3mo pude dejar pasar tanto tiempo? En parte es que no ten\u00eda textos nuevos para presentar&#8230; y que <em>Los esclavos<\/em> no es tan divertido para leer en voz alta (es una novela, despu\u00e9s de todo, y las novelas est\u00e1n hechas para leerse en silencio, individualmente). Pero ahora habr\u00e1 ocasi\u00f3n de retomar aquella buena costumbre.<\/p>\n<div align=center>* * *<\/div>\n<p>Una mala costumbre: hasta el momento, he tenido el gusto de que todas las rese\u00f1as totalmente desfavorables que he le\u00eddo sobre <em>Los esclavos<\/em> son tambi\u00e9n <em>a)<\/em> o despreciativas o mal\u00e9volas y <em>b)<\/em> escritas por personas que no entendieron nada: que ignoraron por completo diversos aspectos del libro que otros, incluso para hacer reparos, no pasaron por alto.<br \/>\n&nbsp;&nbsp;&nbsp;&nbsp;&nbsp;&nbsp;Ahora, me entero, hay un par m\u00e1s de esas rese\u00f1as que no he le\u00eddo a\u00fan&#8230;, pero como el gusto ya mencionado decrece con el tiempo (tampoco es para tanto), probablemente no las leer\u00e9. De todas maneras, una vez publicado el libro ya no pertenece a quien lo hizo, como se dice con frecuencia.<\/p>\n<div align=center>* * *<\/div>\n<p>Esto no es un intento de escribir un diario. Para empezar, no suceder\u00e1 todos los d\u00edas, ni mucho menos. Pero tal vez sirva para que esta bit\u00e1cora se vuelva m\u00e1s flexible. Adem\u00e1s, tal vez as\u00ed quede m\u00e1s clara aquella idea de la c\u00e1mara de maravillas&#8230; Sobre la que habr\u00e1 m\u00e1s, pero m\u00e1s tarde.<\/p>\n<div align=center>* * *<\/div>\n<p><em>Fantasmagorie<\/em> (1908), de \u00c9mile Cohl (hallado por Aurelio Asiain):<\/p>\n<div align=center><object classid=\"clsid:d27cdb6e-ae6d-11cf-96b8-444553540000\" width=\"500\" height=\"405\" codebase=\"http:\/\/download.macromedia.com\/pub\/shockwave\/cabs\/flash\/swflash.cab#version=6,0,40,0\"><param name=\"allowFullScreen\" value=\"true\" \/><param name=\"allowscriptaccess\" value=\"always\" \/><param name=\"src\" value=\"http:\/\/www.youtube.com\/v\/aEAObel8yIE&amp;hl=es&amp;fs=1&amp;color1=0x3a3a3a&amp;color2=0x999999&amp;border=1\" \/><param name=\"allowfullscreen\" value=\"true\" \/><\/object><\/div>\n","protected":false},"excerpt":{"rendered":"<p>Esto no es un intento de escribir un diario. Para empezar, no suceder\u00e1 todos los d\u00edas, ni mucho menos.<\/p>\n","protected":false},"author":1,"featured_media":0,"comment_status":"open","ping_status":"open","sticky":false,"template":"","format":"standard","meta":{"advanced_seo_description":"","jetpack_seo_html_title":"","jetpack_seo_noindex":false,"jetpack_post_was_ever_published":false,"_jetpack_newsletter_access":"","_jetpack_dont_email_post_to_subs":true,"_jetpack_newsletter_tier_id":0,"_jetpack_memberships_contains_paywalled_content":false,"_jetpack_memberships_contains_paid_content":false,"footnotes":"","jetpack_publicize_message":"","jetpack_publicize_feature_enabled":true,"jetpack_social_post_already_shared":false,"jetpack_social_options":{"image_generator_settings":{"template":"highway","default_image_id":0,"font":"","enabled":false},"version":2}},"categories":[1520],"tags":[17,54,1058,570,22,1573,1570,25,205,242,1572,353,2855,360,1055,374,1571,11,12,2856,1568,1569,1575,1574],"class_list":["post-4204","post","type-post","status-publish","format-standard","hentry","category-cuaderno","tag-amistades","tag-antologias","tag-apuntes-del-natural","tag-breves","tag-cuento","tag-editorial-progreso","tag-el-blog-como-camara-de-maravillas","tag-escritores","tag-escritura-y-vida","tag-gabriel-garcia-marquez","tag-galina-demikina","tag-lecturas","tag-literatura","tag-literatura-fantastica","tag-los-esclavos","tag-lugares-comunes","tag-metepec","tag-opiniones","tag-presentaciones","tag-publicaciones","tag-resenistas","tag-se-ha-perdido-una-nina","tag-tesoros","tag-urss"],"jetpack_publicize_connections":[],"jetpack_featured_media_url":"","jetpack_shortlink":"https:\/\/wp.me\/pjEhq-15O","jetpack_sharing_enabled":true,"_links":{"self":[{"href":"https:\/\/www.lashistorias.com.mx\/index.php\/wp-json\/wp\/v2\/posts\/4204","targetHints":{"allow":["GET"]}}],"collection":[{"href":"https:\/\/www.lashistorias.com.mx\/index.php\/wp-json\/wp\/v2\/posts"}],"about":[{"href":"https:\/\/www.lashistorias.com.mx\/index.php\/wp-json\/wp\/v2\/types\/post"}],"author":[{"embeddable":true,"href":"https:\/\/www.lashistorias.com.mx\/index.php\/wp-json\/wp\/v2\/users\/1"}],"replies":[{"embeddable":true,"href":"https:\/\/www.lashistorias.com.mx\/index.php\/wp-json\/wp\/v2\/comments?post=4204"}],"version-history":[{"count":12,"href":"https:\/\/www.lashistorias.com.mx\/index.php\/wp-json\/wp\/v2\/posts\/4204\/revisions"}],"predecessor-version":[{"id":6008,"href":"https:\/\/www.lashistorias.com.mx\/index.php\/wp-json\/wp\/v2\/posts\/4204\/revisions\/6008"}],"wp:attachment":[{"href":"https:\/\/www.lashistorias.com.mx\/index.php\/wp-json\/wp\/v2\/media?parent=4204"}],"wp:term":[{"taxonomy":"category","embeddable":true,"href":"https:\/\/www.lashistorias.com.mx\/index.php\/wp-json\/wp\/v2\/categories?post=4204"},{"taxonomy":"post_tag","embeddable":true,"href":"https:\/\/www.lashistorias.com.mx\/index.php\/wp-json\/wp\/v2\/tags?post=4204"}],"curies":[{"name":"wp","href":"https:\/\/api.w.org\/{rel}","templated":true}]}}