{"id":4151,"date":"2009-10-21T10:21:27","date_gmt":"2009-10-21T15:21:27","guid":{"rendered":"http:\/\/www.lashistorias.com.mx\/?p=4151"},"modified":"2016-10-26T10:22:42","modified_gmt":"2016-10-26T15:22:42","slug":"mesa-redonda-en-leon-lectura-en-metepec","status":"publish","type":"post","link":"https:\/\/www.lashistorias.com.mx\/index.php\/mesa-redonda-en-leon-lectura-en-metepec\/","title":{"rendered":"Mesa redonda en Le\u00f3n, lectura en Metepec"},"content":{"rendered":"<p>De nuevo un fin de semana movido, con dos invitaciones en una nota:<\/p>\n<p>1. Este viernes 23, a las 19:00 horas, participar\u00e9 en una mesa redonda: \u00abLa literatura y otros medios\u00bb, en compa\u00f1\u00eda de escritores del estado de Guanajuato. Hablaremos, por supuesto, de nuevas tecnolog\u00edas, blogs, la red 2.0 y todos esos temas aleda\u00f1os en relaci\u00f3n con la escritura. La cita es en la sala Jos\u00e9 Vasconcelos de la de la Biblioteca Central Estatal de Guanajuato \u00abWigberto Jim\u00e9nez Moreno\u00bb (Prolongaci\u00f3n Calzada de los H\u00e9roes #308, colonia La Martinica, en Le\u00f3n, Guanajuato). La entrada ser\u00e1 libre.<\/p>\n<p>2. La primera lectura de cuentos de <em>La ciudad imaginada<\/em> ser\u00e1 en Metepec, estado de M\u00e9xico, dentro del <a href=\"http:\/\/www.quimerametepec.org\/noticias.item.62\/quimera-sabado-24-de-octubre-2009..html\">Festival Quimera 2009<\/a>. En este caso la cita es el s\u00e1bado 24, a las 17:00 horas, en el <a href=\"http:\/\/metepec.info\/index.php?option=com_content&#038;task=view&#038;id=1&#038;Itemid=1\">Bar 2 de Abril<\/a>, en el centro de la ciudad de Metepec (la direcci\u00f3n es Hidalgo y Paseo San Isidro, pero en caso de duda se puede preguntar a cualquiera; as\u00ed de tradicional es el lugar). La entrada tambi\u00e9n ser\u00e1 libre.<\/p>\n<div align=center><a ref=\"magnificPopup\" href=\"https:\/\/www.lashistorias.com.mx\/wp-content\/uploads\/2009\/08\/LaCiudadImaginada.jpg\"><img loading=\"lazy\" decoding=\"async\" data-attachment-id=\"3747\" data-permalink=\"https:\/\/www.lashistorias.com.mx\/laciudadimaginada\/\" data-orig-file=\"https:\/\/www.lashistorias.com.mx\/wp-content\/uploads\/2009\/08\/LaCiudadImaginada.jpg\" data-orig-size=\"973,1480\" data-comments-opened=\"1\" data-image-meta=\"{&quot;aperture&quot;:&quot;0&quot;,&quot;credit&quot;:&quot;&quot;,&quot;camera&quot;:&quot;&quot;,&quot;caption&quot;:&quot;&quot;,&quot;created_timestamp&quot;:&quot;0&quot;,&quot;copyright&quot;:&quot;&quot;,&quot;focal_length&quot;:&quot;0&quot;,&quot;iso&quot;:&quot;0&quot;,&quot;shutter_speed&quot;:&quot;0&quot;,&quot;title&quot;:&quot;&quot;}\" data-image-title=\"La ciudad imaginada\" data-image-description=\"&lt;p&gt;La ciudad imaginada&lt;\/p&gt;\n\" data-image-caption=\"&lt;p&gt;La ciudad imaginada (clic para ampliar)&lt;\/p&gt;\n\" data-large-file=\"https:\/\/www.lashistorias.com.mx\/wp-content\/uploads\/2009\/08\/LaCiudadImaginada-673x1024.jpg\" src=\"https:\/\/www.lashistorias.com.mx\/wp-content\/uploads\/2009\/08\/LaCiudadImaginada-197x300.jpg\" alt=\"La ciudad imaginada (clic para ampliar)\" title=\"La ciudad imaginada\" width=\"197\" height=\"300\" class=\"size-medium wp-image-3747\" srcset=\"https:\/\/www.lashistorias.com.mx\/wp-content\/uploads\/2009\/08\/LaCiudadImaginada-197x300.jpg 197w, https:\/\/www.lashistorias.com.mx\/wp-content\/uploads\/2009\/08\/LaCiudadImaginada-673x1024.jpg 673w, https:\/\/www.lashistorias.com.mx\/wp-content\/uploads\/2009\/08\/LaCiudadImaginada.jpg 973w\" sizes=\"auto, (max-width: 197px) 100vw, 197px\" \/><\/a><\/div>\n<p>Quedan invitados&#8230;<\/p>\n","protected":false},"excerpt":{"rendered":"<p>Invitaciones para el viernes 23 de octubre y el s\u00e1bado 24.<\/p>\n","protected":false},"author":1,"featured_media":0,"comment_status":"open","ping_status":"open","sticky":false,"template":"","format":"standard","meta":{"advanced_seo_description":"","jetpack_seo_html_title":"","jetpack_seo_noindex":false,"jetpack_post_was_ever_published":false,"_jetpack_newsletter_access":"","_jetpack_dont_email_post_to_subs":true,"_jetpack_newsletter_tier_id":0,"_jetpack_memberships_contains_paywalled_content":false,"_jetpack_memberships_contains_paid_content":false,"footnotes":"","jetpack_publicize_message":"","jetpack_publicize_feature_enabled":true,"jetpack_social_post_already_shared":false,"jetpack_social_options":{"image_generator_settings":{"template":"highway","default_image_id":0,"font":"","enabled":false},"version":2}},"categories":[3],"tags":[1561,1564,570,22,1563,1559,8,1491,353,1560,2855,1562,12,2856],"class_list":["post-4151","post","type-post","status-publish","format-standard","hentry","category-lo-nuevo","tag-bar-2-de-abril","tag-biblioteca-central-estatal-de-guanajuato","tag-breves","tag-cuento","tag-escritura-y-tecnologia","tag-festival-quimera-2009","tag-internet","tag-la-ciudad-imaginada","tag-lecturas","tag-libros-magenta","tag-literatura","tag-mesas-redondas","tag-presentaciones","tag-publicaciones"],"jetpack_publicize_connections":[],"jetpack_featured_media_url":"","jetpack_shortlink":"https:\/\/wp.me\/pjEhq-14X","jetpack_sharing_enabled":true,"_links":{"self":[{"href":"https:\/\/www.lashistorias.com.mx\/index.php\/wp-json\/wp\/v2\/posts\/4151","targetHints":{"allow":["GET"]}}],"collection":[{"href":"https:\/\/www.lashistorias.com.mx\/index.php\/wp-json\/wp\/v2\/posts"}],"about":[{"href":"https:\/\/www.lashistorias.com.mx\/index.php\/wp-json\/wp\/v2\/types\/post"}],"author":[{"embeddable":true,"href":"https:\/\/www.lashistorias.com.mx\/index.php\/wp-json\/wp\/v2\/users\/1"}],"replies":[{"embeddable":true,"href":"https:\/\/www.lashistorias.com.mx\/index.php\/wp-json\/wp\/v2\/comments?post=4151"}],"version-history":[{"count":6,"href":"https:\/\/www.lashistorias.com.mx\/index.php\/wp-json\/wp\/v2\/posts\/4151\/revisions"}],"predecessor-version":[{"id":5544,"href":"https:\/\/www.lashistorias.com.mx\/index.php\/wp-json\/wp\/v2\/posts\/4151\/revisions\/5544"}],"wp:attachment":[{"href":"https:\/\/www.lashistorias.com.mx\/index.php\/wp-json\/wp\/v2\/media?parent=4151"}],"wp:term":[{"taxonomy":"category","embeddable":true,"href":"https:\/\/www.lashistorias.com.mx\/index.php\/wp-json\/wp\/v2\/categories?post=4151"},{"taxonomy":"post_tag","embeddable":true,"href":"https:\/\/www.lashistorias.com.mx\/index.php\/wp-json\/wp\/v2\/tags?post=4151"}],"curies":[{"name":"wp","href":"https:\/\/api.w.org\/{rel}","templated":true}]}}