{"id":4122,"date":"2009-10-18T15:45:04","date_gmt":"2009-10-18T20:45:04","guid":{"rendered":"http:\/\/www.lashistorias.com.mx\/?p=4122"},"modified":"2016-10-26T10:22:43","modified_gmt":"2016-10-26T15:22:43","slug":"presentacion-de-la-piel-dorada","status":"publish","type":"post","link":"https:\/\/www.lashistorias.com.mx\/index.php\/presentacion-de-la-piel-dorada\/","title":{"rendered":"Presentaci\u00f3n de <em>La piel dorada<\/em>"},"content":{"rendered":"<p>Este mi\u00e9rcoles 21, por la tarde, comentar\u00e9 un libro de mi querida amiga Erika Mergruen: <em>La piel dorada y otros animalitos<\/em>, dentro de la presentaci\u00f3n de un par de novedades de editoriales independientes. Los invito a ir y conocer estos libros. Aqu\u00ed los datos de la invitaci\u00f3n:<\/p>\n<blockquote><p>Juan Carlos Vera Editor \/ Ra\u00edz del Agua<br \/>\ninvitan a la presentaci\u00f3n de los libros:<\/p>\n<p><em>La piel dorada y otros animalitos<\/em> de Erika Mergruen<br \/>\n<em>Anatom\u00eda de una despedida<\/em> de Juan Carlos H. Vera         <\/p>\n<p>presentan<br \/>\nBenjam\u00edn Barajas \/ Alberto Chimal<\/p>\n<p>mi\u00e9rcoles 21 de octubre de 2009<br \/>\n19:00 horas<br \/>\nCentro de Lectura Condesa<br \/>\nNuevo Le\u00f3n 91<br \/>\nCol. Condesa, Ciudad de M\u00e9xico<br \/>\nTels. (55) 5553 5268, 5553 5269<\/p><\/blockquote>\n<div align=center>[fusion_builder_container hundred_percent=\u00bbyes\u00bb overflow=\u00bbvisible\u00bb][fusion_builder_row][fusion_builder_column type=\u00bb1_1&#8243; background_position=\u00bbleft top\u00bb background_color=\u00bb\u00bb border_size=\u00bb\u00bb border_color=\u00bb\u00bb border_style=\u00bbsolid\u00bb spacing=\u00bbyes\u00bb background_image=\u00bb\u00bb background_repeat=\u00bbno-repeat\u00bb padding=\u00bb\u00bb margin_top=\u00bb0px\u00bb margin_bottom=\u00bb0px\u00bb class=\u00bb\u00bb id=\u00bb\u00bb animation_type=\u00bb\u00bb animation_speed=\u00bb0.3&#8243; animation_direction=\u00bbleft\u00bb hide_on_mobile=\u00bbno\u00bb center_content=\u00bbno\u00bb min_height=\u00bbnone\u00bb]<figure id=\"attachment_4123\" aria-describedby=\"caption-attachment-4123\" style=\"width: 290px\" class=\"wp-caption alignnone\"><a ref=\"magnificPopup\" href=\"https:\/\/www.lashistorias.com.mx\/wp-content\/uploads\/2009\/10\/presentan.jpg\"><img loading=\"lazy\" decoding=\"async\" data-attachment-id=\"4123\" data-permalink=\"https:\/\/www.lashistorias.com.mx\/index.php\/presentacion-de-la-piel-dorada\/presentan\/\" data-orig-file=\"https:\/\/www.lashistorias.com.mx\/wp-content\/uploads\/2009\/10\/presentan.jpg\" data-orig-size=\"570,588\" data-comments-opened=\"1\" data-image-meta=\"{&quot;aperture&quot;:&quot;0&quot;,&quot;credit&quot;:&quot;&quot;,&quot;camera&quot;:&quot;&quot;,&quot;caption&quot;:&quot;&quot;,&quot;created_timestamp&quot;:&quot;0&quot;,&quot;copyright&quot;:&quot;&quot;,&quot;focal_length&quot;:&quot;0&quot;,&quot;iso&quot;:&quot;0&quot;,&quot;shutter_speed&quot;:&quot;0&quot;,&quot;title&quot;:&quot;&quot;}\" data-image-title=\"Volante de la presentaci\u00f3n\" data-image-description=\"\" data-image-caption=\"&lt;p&gt;Volante de la presentaci\u00f3n (clic para ampliar)&lt;\/p&gt;\n\" data-large-file=\"https:\/\/www.lashistorias.com.mx\/wp-content\/uploads\/2009\/10\/presentan.jpg\" src=\"https:\/\/www.lashistorias.com.mx\/wp-content\/uploads\/2009\/10\/presentan-290x300.jpg\" alt=\"Volante de la presentaci\u00f3n (clic para ampliar)\" title=\"Volante de la presentaci\u00f3n\" width=\"290\" height=\"300\" class=\"size-medium wp-image-4123\" srcset=\"https:\/\/www.lashistorias.com.mx\/wp-content\/uploads\/2009\/10\/presentan-290x300.jpg 290w, https:\/\/www.lashistorias.com.mx\/wp-content\/uploads\/2009\/10\/presentan.jpg 570w\" sizes=\"auto, (max-width: 290px) 100vw, 290px\" \/><\/a><figcaption id=\"caption-attachment-4123\" class=\"wp-caption-text\">Volante de la presentaci\u00f3n (clic para ampliar)<\/figcaption><\/figure><\/div>\n[\/fusion_builder_column][\/fusion_builder_row][\/fusion_builder_container]\n","protected":false},"excerpt":{"rendered":"<p>Para el mi\u00e9rcoles 21, la presentaci\u00f3n de dos libros de editoras independientes.<\/p>\n","protected":false},"author":1,"featured_media":0,"comment_status":"open","ping_status":"open","sticky":false,"template":"","format":"standard","meta":{"advanced_seo_description":"","jetpack_seo_html_title":"","jetpack_seo_noindex":false,"jetpack_post_was_ever_published":false,"_jetpack_newsletter_access":"","_jetpack_dont_email_post_to_subs":true,"_jetpack_newsletter_tier_id":0,"_jetpack_memberships_contains_paywalled_content":false,"_jetpack_memberships_contains_paid_content":false,"footnotes":"","jetpack_publicize_message":"","jetpack_publicize_feature_enabled":true,"jetpack_social_post_already_shared":false,"jetpack_social_options":{"image_generator_settings":{"template":"highway","default_image_id":0,"font":"","enabled":false},"version":2}},"categories":[3],"tags":[17,570,22,182,25,1552,2855],"class_list":["post-4122","post","type-post","status-publish","format-standard","hentry","category-lo-nuevo","tag-amistades","tag-breves","tag-cuento","tag-erika-mergruen","tag-escritores","tag-la-piel-dorada-y-otros-animalitos","tag-literatura"],"jetpack_publicize_connections":[],"jetpack_featured_media_url":"","jetpack_shortlink":"https:\/\/wp.me\/pjEhq-14u","jetpack_sharing_enabled":true,"_links":{"self":[{"href":"https:\/\/www.lashistorias.com.mx\/index.php\/wp-json\/wp\/v2\/posts\/4122","targetHints":{"allow":["GET"]}}],"collection":[{"href":"https:\/\/www.lashistorias.com.mx\/index.php\/wp-json\/wp\/v2\/posts"}],"about":[{"href":"https:\/\/www.lashistorias.com.mx\/index.php\/wp-json\/wp\/v2\/types\/post"}],"author":[{"embeddable":true,"href":"https:\/\/www.lashistorias.com.mx\/index.php\/wp-json\/wp\/v2\/users\/1"}],"replies":[{"embeddable":true,"href":"https:\/\/www.lashistorias.com.mx\/index.php\/wp-json\/wp\/v2\/comments?post=4122"}],"version-history":[{"count":9,"href":"https:\/\/www.lashistorias.com.mx\/index.php\/wp-json\/wp\/v2\/posts\/4122\/revisions"}],"predecessor-version":[{"id":12820,"href":"https:\/\/www.lashistorias.com.mx\/index.php\/wp-json\/wp\/v2\/posts\/4122\/revisions\/12820"}],"wp:attachment":[{"href":"https:\/\/www.lashistorias.com.mx\/index.php\/wp-json\/wp\/v2\/media?parent=4122"}],"wp:term":[{"taxonomy":"category","embeddable":true,"href":"https:\/\/www.lashistorias.com.mx\/index.php\/wp-json\/wp\/v2\/categories?post=4122"},{"taxonomy":"post_tag","embeddable":true,"href":"https:\/\/www.lashistorias.com.mx\/index.php\/wp-json\/wp\/v2\/tags?post=4122"}],"curies":[{"name":"wp","href":"https:\/\/api.w.org\/{rel}","templated":true}]}}