{"id":4107,"date":"2009-10-14T16:53:20","date_gmt":"2009-10-14T21:53:20","guid":{"rendered":"http:\/\/www.lashistorias.com.mx\/?p=4107"},"modified":"2016-10-26T10:22:43","modified_gmt":"2016-10-26T15:22:43","slug":"gabo-en-bellas-artes-los-esclavos-en-monterrey","status":"publish","type":"post","link":"https:\/\/www.lashistorias.com.mx\/index.php\/gabo-en-bellas-artes-los-esclavos-en-monterrey\/","title":{"rendered":"<em>Gabo<\/em> en Bellas Artes, <em>Los esclavos<\/em> en Monterrey"},"content":{"rendered":"<p>Dos invitaciones para d\u00edas consecutivos: una mesa redonda sobre Gabriel Garc\u00eda M\u00e1rquez el s\u00e1bado en la ciudad de M\u00e9xico, y una presentaci\u00f3n de mi novela <em>Los esclavos<\/em> el domingo, en Monterrey. Van los detalles:<\/p>\n<p>1. La <a href=\"http:\/\/www.literatura.bellasartes.gob.mx\/\">Coordinaci\u00f3n de Literatura<\/a> del Instituto Nacional de Bellas Artes, dentro de una serie de homenajes a Gabriel Garc\u00eda M\u00e1rquez, ha organizado una mesa redonda: \u00abEl oto\u00f1o del Patriarca. Conversaciones sobre Garc\u00eda M\u00e1rquez\u00bb, en la que tendr\u00e9 el gusto de participar junto con Ana Clavel, \u00c1lvaro Enrigue y Fabrizio Mej\u00eda Madrid; moderar\u00e1 Gast\u00f3n Garc\u00eda Marinozzi y hablaremos no s\u00f3lo sobre los libros del autor de <em>Cien a\u00f1os de soledad<\/em>, sino sobre su legado: la influencia que ejerce en la literatura actual. La cita es en la Sala Adamo Boari del Palacio de Bellas Artes (Eje Central y Ju\u00e1rez, Centro Hist\u00f3rico de la ciudad de M\u00e9xico) este s\u00e1bado 17 a las 12:00 horas.<\/p>\n<div align=center><img loading=\"lazy\" decoding=\"async\" data-attachment-id=\"4108\" data-permalink=\"https:\/\/www.lashistorias.com.mx\/index.php\/gabo-en-bellas-artes-los-esclavos-en-monterrey\/gabriel_garcia_marquez_1\/\" data-orig-file=\"https:\/\/www.lashistorias.com.mx\/wp-content\/uploads\/2009\/10\/gabriel_garcia_marquez_1.jpg\" data-orig-size=\"320,307\" data-comments-opened=\"1\" data-image-meta=\"{&quot;aperture&quot;:&quot;0&quot;,&quot;credit&quot;:&quot;&quot;,&quot;camera&quot;:&quot;&quot;,&quot;caption&quot;:&quot;&quot;,&quot;created_timestamp&quot;:&quot;0&quot;,&quot;copyright&quot;:&quot;&quot;,&quot;focal_length&quot;:&quot;0&quot;,&quot;iso&quot;:&quot;0&quot;,&quot;shutter_speed&quot;:&quot;0&quot;,&quot;title&quot;:&quot;&quot;}\" data-image-title=\"Gabriel Garc\u00eda M\u00e1rquez\" data-image-description=\"\" data-image-caption=\"\" data-large-file=\"https:\/\/www.lashistorias.com.mx\/wp-content\/uploads\/2009\/10\/gabriel_garcia_marquez_1.jpg\" src=\"https:\/\/www.lashistorias.com.mx\/wp-content\/uploads\/2009\/10\/gabriel_garcia_marquez_1.jpg\" alt=\"Gabriel Garc\u00eda M\u00e1rquez\" title=\"Gabriel Garc\u00eda M\u00e1rquez\" width=\"320\" height=\"307\" class=\"alignnone size-full wp-image-4108\" srcset=\"https:\/\/www.lashistorias.com.mx\/wp-content\/uploads\/2009\/10\/gabriel_garcia_marquez_1.jpg 320w, https:\/\/www.lashistorias.com.mx\/wp-content\/uploads\/2009\/10\/gabriel_garcia_marquez_1-300x287.jpg 300w\" sizes=\"auto, (max-width: 320px) 100vw, 320px\" \/><\/div>\n<p>2. Unas veintisiete horas despu\u00e9s, es decir, a las 15:00 horas del domingo 18, estar\u00e9 presentando mi novela <em>Los esclavos<\/em> en la <a href=\"http:\/\/fil.mty.itesm.mx\/mty\/ferialibro\/search\/calendario_one.php?id=4542&#038;busqueda=\">Feria Internacional del Libro<\/a> de Monterrey, Nuevo Le\u00f3n. La cita es en la Sala A de la Feria, que se encuentra en elCentro Internacional de Negocios de Monterrey \/ CINTERMEX (avenida Fundidora #501, colonia Obrera, Parque Fundidora, Monterrey). Si se animan, nos vemos en cualquiera de estas ocasiones.<\/p>\n<div align=center><img loading=\"lazy\" decoding=\"async\" src=\"https:\/\/www.lashistorias.com.mx\/wp-content\/uploads\/2009\/02\/los-esclavos-portada.gif\" alt=\"Portada de Los esclavos\" title=\"Portada de Los esclavos\" width=\"350\" height=\"541\" class=\"size-full wp-image-2449\" \/><\/div>\n","protected":false},"excerpt":{"rendered":"<p>Todos invitados el s\u00e1bado a Bellas Artes y el domingo a la Feria del Libro de Monterrey.<\/p>\n","protected":false},"author":1,"featured_media":0,"comment_status":"open","ping_status":"open","sticky":false,"template":"","format":"standard","meta":{"advanced_seo_description":"","jetpack_seo_html_title":"","jetpack_seo_noindex":false,"jetpack_post_was_ever_published":false,"_jetpack_newsletter_access":"","_jetpack_dont_email_post_to_subs":true,"_jetpack_newsletter_tier_id":0,"_jetpack_memberships_contains_paywalled_content":false,"_jetpack_memberships_contains_paid_content":false,"footnotes":"","jetpack_publicize_message":"","jetpack_publicize_feature_enabled":true,"jetpack_social_post_already_shared":false,"jetpack_social_options":{"image_generator_settings":{"template":"highway","default_image_id":0,"font":"","enabled":false},"version":2}},"categories":[3],"tags":[43,71,1545,25,1544,1548,242,26,2855,1055,1546,10,939,12,2856,1547],"class_list":["post-4107","post","type-post","status-publish","format-standard","hentry","category-lo-nuevo","tag-almadia","tag-alvaro-enrigue","tag-ana-clavel","tag-escritores","tag-fabrizio-mejia-madrid","tag-feria-internacional-del-libro-de-monterrey","tag-gabriel-garcia-marquez","tag-historia-y-testimonio","tag-literatura","tag-los-esclavos","tag-mesa-redonda","tag-novela","tag-palacio-de-bellas-artes","tag-presentaciones","tag-publicaciones","tag-realismo-magico"],"jetpack_publicize_connections":[],"jetpack_featured_media_url":"","jetpack_shortlink":"https:\/\/wp.me\/pjEhq-14f","jetpack_sharing_enabled":true,"_links":{"self":[{"href":"https:\/\/www.lashistorias.com.mx\/index.php\/wp-json\/wp\/v2\/posts\/4107","targetHints":{"allow":["GET"]}}],"collection":[{"href":"https:\/\/www.lashistorias.com.mx\/index.php\/wp-json\/wp\/v2\/posts"}],"about":[{"href":"https:\/\/www.lashistorias.com.mx\/index.php\/wp-json\/wp\/v2\/types\/post"}],"author":[{"embeddable":true,"href":"https:\/\/www.lashistorias.com.mx\/index.php\/wp-json\/wp\/v2\/users\/1"}],"replies":[{"embeddable":true,"href":"https:\/\/www.lashistorias.com.mx\/index.php\/wp-json\/wp\/v2\/comments?post=4107"}],"version-history":[{"count":7,"href":"https:\/\/www.lashistorias.com.mx\/index.php\/wp-json\/wp\/v2\/posts\/4107\/revisions"}],"predecessor-version":[{"id":5876,"href":"https:\/\/www.lashistorias.com.mx\/index.php\/wp-json\/wp\/v2\/posts\/4107\/revisions\/5876"}],"wp:attachment":[{"href":"https:\/\/www.lashistorias.com.mx\/index.php\/wp-json\/wp\/v2\/media?parent=4107"}],"wp:term":[{"taxonomy":"category","embeddable":true,"href":"https:\/\/www.lashistorias.com.mx\/index.php\/wp-json\/wp\/v2\/categories?post=4107"},{"taxonomy":"post_tag","embeddable":true,"href":"https:\/\/www.lashistorias.com.mx\/index.php\/wp-json\/wp\/v2\/tags?post=4107"}],"curies":[{"name":"wp","href":"https:\/\/api.w.org\/{rel}","templated":true}]}}