{"id":4095,"date":"2009-10-12T20:32:58","date_gmt":"2009-10-13T01:32:58","guid":{"rendered":"http:\/\/www.lashistorias.com.mx\/?p=4095"},"modified":"2016-10-26T10:22:44","modified_gmt":"2016-10-26T15:22:44","slug":"al-zocalo-posiblemente","status":"publish","type":"post","link":"https:\/\/www.lashistorias.com.mx\/index.php\/al-zocalo-posiblemente\/","title":{"rendered":"Al Z\u00f3calo (posiblemente)"},"content":{"rendered":"<p>Mi nombre aparece otro d\u00eda en el programa que hall\u00e9 en la red, pero supongo que se trata de un error y les dejo aviso de todas formas: ma\u00f1ana, martes 13, a las 16:00 horas, estar\u00e9 (espero) en una tertulia literaria, titulada \u00abNuestras ciudades\u00bb, dentro de la <a href=\"http:\/\/www.feriadellibro.cultura.df.gob.mx\">Feria Internacional del Libro del Z\u00f3calo<\/a>. Esto ser\u00e1 en el caf\u00e9 literario \u00abJulio Cort\u00e1zar\u00bb, dentro de las instalaciones de la Feria, que est\u00e1n todas en la muy localizable plancha del Z\u00f3calo de la ciudad de M\u00e9xico; el mero centro, pues.<\/p>\n<p>La idea ser\u00e1 conversar sobre la ciudad, las experiencias de vivir en ella y escribir sobre ella&#8230; Si van, y si en efecto me toca (espero que s\u00ed, claro), nos vemos all\u00e1. Si no, en cualquier caso no se debe olvidar que la mesa, sin importar qui\u00e9n est\u00e9, estar\u00e1 sin duda interesante, y que siempre se podr\u00e1n hallar algunos buenos libros en la Feria&#8230;<\/p>\n[fusion_builder_container hundred_percent=\u00bbyes\u00bb overflow=\u00bbvisible\u00bb][fusion_builder_row][fusion_builder_column type=\u00bb1_1&#8243; background_position=\u00bbleft top\u00bb background_color=\u00bb\u00bb border_size=\u00bb\u00bb border_color=\u00bb\u00bb border_style=\u00bbsolid\u00bb spacing=\u00bbyes\u00bb background_image=\u00bb\u00bb background_repeat=\u00bbno-repeat\u00bb padding=\u00bb\u00bb margin_top=\u00bb0px\u00bb margin_bottom=\u00bb0px\u00bb class=\u00bb\u00bb id=\u00bb\u00bb animation_type=\u00bb\u00bb animation_speed=\u00bb0.3&#8243; animation_direction=\u00bbleft\u00bb hide_on_mobile=\u00bbno\u00bb center_content=\u00bbno\u00bb min_height=\u00bbnone\u00bb]<figure id=\"attachment_4097\" aria-describedby=\"caption-attachment-4097\" style=\"width: 400px\" class=\"wp-caption alignnone\"><img loading=\"lazy\" decoding=\"async\" data-attachment-id=\"4097\" data-permalink=\"https:\/\/www.lashistorias.com.mx\/index.php\/al-zocalo-posiblemente\/feriamini\/\" data-orig-file=\"https:\/\/www.lashistorias.com.mx\/wp-content\/uploads\/2009\/10\/feriamini.jpg\" data-orig-size=\"400,267\" data-comments-opened=\"1\" data-image-meta=\"{&quot;aperture&quot;:&quot;0&quot;,&quot;credit&quot;:&quot;&quot;,&quot;camera&quot;:&quot;&quot;,&quot;caption&quot;:&quot;&quot;,&quot;created_timestamp&quot;:&quot;0&quot;,&quot;copyright&quot;:&quot;&quot;,&quot;focal_length&quot;:&quot;0&quot;,&quot;iso&quot;:&quot;0&quot;,&quot;shutter_speed&quot;:&quot;0&quot;,&quot;title&quot;:&quot;&quot;}\" data-image-title=\"La Feria\" data-image-description=\"\" data-image-caption=\"&lt;p&gt;foto: La Jornada&lt;\/p&gt;\n\" data-large-file=\"https:\/\/www.lashistorias.com.mx\/wp-content\/uploads\/2009\/10\/feriamini.jpg\" src=\"https:\/\/www.lashistorias.com.mx\/wp-content\/uploads\/2009\/10\/feriamini.jpg\" alt=\"foto: La Jornada\" title=\"La Feria\" width=\"400\" height=\"267\" class=\"size-full wp-image-4097\" srcset=\"https:\/\/www.lashistorias.com.mx\/wp-content\/uploads\/2009\/10\/feriamini.jpg 400w, https:\/\/www.lashistorias.com.mx\/wp-content\/uploads\/2009\/10\/feriamini-300x200.jpg 300w\" sizes=\"auto, (max-width: 400px) 100vw, 400px\" \/><figcaption id=\"caption-attachment-4097\" class=\"wp-caption-text\">foto: <em>La Jornada<\/em><\/figcaption><\/figure>[\/fusion_builder_column][\/fusion_builder_row][\/fusion_builder_container]\n","protected":false},"excerpt":{"rendered":"<p>Si nada lo impide, este martes 13; a las 16:00&#8230;<\/p>\n","protected":false},"author":1,"featured_media":0,"comment_status":"open","ping_status":"open","sticky":false,"template":"","format":"standard","meta":{"advanced_seo_description":"","jetpack_seo_html_title":"","jetpack_seo_noindex":false,"jetpack_post_was_ever_published":false,"_jetpack_newsletter_access":"","_jetpack_dont_email_post_to_subs":true,"_jetpack_newsletter_tier_id":0,"_jetpack_memberships_contains_paywalled_content":false,"_jetpack_memberships_contains_paid_content":false,"footnotes":"","jetpack_publicize_message":"","jetpack_publicize_feature_enabled":true,"jetpack_social_post_already_shared":false,"jetpack_social_options":{"image_generator_settings":{"template":"highway","default_image_id":0,"font":"","enabled":false},"version":2}},"categories":[3],"tags":[570,25,1543,26,2855],"class_list":["post-4095","post","type-post","status-publish","format-standard","hentry","category-lo-nuevo","tag-breves","tag-escritores","tag-feria-internacional-del-libro-del-zocalo","tag-historia-y-testimonio","tag-literatura"],"jetpack_publicize_connections":[],"jetpack_featured_media_url":"","jetpack_shortlink":"https:\/\/wp.me\/pjEhq-143","jetpack_sharing_enabled":true,"_links":{"self":[{"href":"https:\/\/www.lashistorias.com.mx\/index.php\/wp-json\/wp\/v2\/posts\/4095","targetHints":{"allow":["GET"]}}],"collection":[{"href":"https:\/\/www.lashistorias.com.mx\/index.php\/wp-json\/wp\/v2\/posts"}],"about":[{"href":"https:\/\/www.lashistorias.com.mx\/index.php\/wp-json\/wp\/v2\/types\/post"}],"author":[{"embeddable":true,"href":"https:\/\/www.lashistorias.com.mx\/index.php\/wp-json\/wp\/v2\/users\/1"}],"replies":[{"embeddable":true,"href":"https:\/\/www.lashistorias.com.mx\/index.php\/wp-json\/wp\/v2\/comments?post=4095"}],"version-history":[{"count":8,"href":"https:\/\/www.lashistorias.com.mx\/index.php\/wp-json\/wp\/v2\/posts\/4095\/revisions"}],"predecessor-version":[{"id":12821,"href":"https:\/\/www.lashistorias.com.mx\/index.php\/wp-json\/wp\/v2\/posts\/4095\/revisions\/12821"}],"wp:attachment":[{"href":"https:\/\/www.lashistorias.com.mx\/index.php\/wp-json\/wp\/v2\/media?parent=4095"}],"wp:term":[{"taxonomy":"category","embeddable":true,"href":"https:\/\/www.lashistorias.com.mx\/index.php\/wp-json\/wp\/v2\/categories?post=4095"},{"taxonomy":"post_tag","embeddable":true,"href":"https:\/\/www.lashistorias.com.mx\/index.php\/wp-json\/wp\/v2\/tags?post=4095"}],"curies":[{"name":"wp","href":"https:\/\/api.w.org\/{rel}","templated":true}]}}