{"id":3959,"date":"2009-09-28T09:05:42","date_gmt":"2009-09-28T14:05:42","guid":{"rendered":"http:\/\/www.lashistorias.com.mx\/?p=3959"},"modified":"2019-12-29T16:20:26","modified_gmt":"2019-12-29T22:20:26","slug":"intelectuales","status":"publish","type":"post","link":"https:\/\/www.lashistorias.com.mx\/index.php\/intelectuales\/","title":{"rendered":"Intelectuales"},"content":{"rendered":"<p><em>Nota del 19 de octubre: hay m\u00e1s sobre los temas de esta nota &#8211;incluyendo comentarios y aclaraciones diversas&#8211; en <a href=\"https:\/\/www.lashistorias.com.mx\/index.php\/archivo\/intelectuales-generaciones-etcetera\/\">esta otra nota<\/a>.<\/em><\/p>\n<p>Hubo una discusi\u00f3n, durante buena parte del a\u00f1o pasado, alrededor de los m\u00e9ritos (o m\u00e1s bien la falta de ellos) de los escritores mexicanos de mi generaci\u00f3n, la de los nacidos en los a\u00f1os setenta. La pol\u00e9mica nunca fue muy elevada y pronto se convirti\u00f3 en una serie de bravatas; cuando sali\u00f3 a relucir la met\u00e1fora de los <em>huevos<\/em> (es decir, los test\u00edculos) y la cuesti\u00f3n de qui\u00e9n escrib\u00eda con ellos y qui\u00e9n no, no s\u00f3lo fue imposible seguir las diversas opiniones sin re\u00edrse: quienes segu\u00edan prestando alguna atenci\u00f3n pudieron ver que, si la presencia o la falta de talento eran dif\u00edciles de determinar, en cambio estaba muy claro que a la generaci\u00f3n, como conjunto, le interesa mucho menos la literatura que la notoriedad.<br \/>\n&nbsp;&nbsp;&nbsp;&nbsp;&nbsp;&nbsp;Una de las preguntas m\u00e1s repetidas en aquel tiempo era \u00e9sta: \u00bfd\u00f3nde est\u00e1 la gran obra, la novela extraordinaria de un autor de los setenta? (Habitualmente se planteaba as\u00ed, con ese desprecio impl\u00edcito a todos los otros g\u00e9neros literarios, del mismo modo que la palabra <em>huevos<\/em> exclu\u00eda &#8211;magias del machismo mexicano&#8211; a todas las escritoras de la generaci\u00f3n.)<br \/>\n&nbsp;&nbsp;&nbsp;&nbsp;&nbsp;&nbsp;Tal vez sea aventurado decirlo, pero es posible que la pregunta tenga ya una respuesta y hoy, en 2009, tengamos las primeras obras cruciales, los primeros trabajos que colocan definitivamente a autores de la generaci\u00f3n en el mapa y en la historia de la literatura nacional.<br \/>\n&nbsp;&nbsp;&nbsp;&nbsp;&nbsp;&nbsp;Por otra parte, si no me equivoco, esos trabajos se\u00f1eros no son novelas, no son en absoluto libros, sino entrevistas y art\u00edculos de opini\u00f3n. Pienso sobre todo en una entrevista (que ya hab\u00eda mencionado en una nota previa) entre <a href=\"http:\/\/hyepez.blogspot.com\">Heriberto Y\u00e9pez<\/a> y Rogelio Villarreal publicada hace poco en la revista <em>Milenio<\/em>, y en una serie de art\u00edculos breves pero punzantes, de denuncia, de <a href=\"http:\/\/www.rogelioguedea.com\/blog\/al-vuelos\/la-verdad-de-la-ficcion\/\">Rogelio Guedea<\/a>. En especial la entrevista de Y\u00e9pez  fue promovida como una declaraci\u00f3n importante de una figura p\u00fablica, con lo que se convirti\u00f3 (hasta donde s\u00e9) en la primera menci\u00f3n de un autor de los setenta en los mismos t\u00e9rminos en que se habla, en la prensa nacional, de Carlos Monsiv\u00e1is o Juan Villoro; pero la recepci\u00f3n de uno y de otro (y de varios escritores m\u00e1s) ha sido igualmente entusiasta: se ha subrayado la inteligencia de sus juicios, su cr\u00edtica certera a la corrupci\u00f3n del sistema pol\u00edtico nacional y, en general, la novedad de su inter\u00e9s por la realidad y la <em>agenda<\/em> nacionales.<br \/>\n&nbsp;&nbsp;&nbsp;&nbsp;&nbsp;&nbsp;Con esto, tal vez, la generaci\u00f3n de los setenta est\u00e1 continuando la tradici\u00f3n del intelectual mexicano: del \u00abescritor, artista o cient\u00edfico que opina en cosas de inter\u00e9s p\u00fablico con autoridad moral entre las \u00e9lites\u00bb, como escribi\u00f3 <a href=\"http:\/\/www.lainsignia.org\/2004\/septiembre\/cul_033.htm\">Gabriel Zaid<\/a>. Con la llegada del PAN a la presidencia de M\u00e9xico en 2000, la estrecha relaci\u00f3n entre la literatura y el poder que marc\u00f3 el car\u00e1cter de las artes nacionales durante casi setenta a\u00f1os se debilit\u00f3 enormemente: el nuevo r\u00e9gimen no estaba tan interesado como el del PRI en la opini\u00f3n de los escritores, otras figuras tomaron el lugar de \u00e9stos en los medios y, notablemente, mi generaci\u00f3n (y, casi en la misma medida, la de los autores nacidos en los sesenta) se neg\u00f3 a desarrollar obras orientadas a la pol\u00edtica, como una reacci\u00f3n &#8211;no siempre consciente pero, creo, perfectamente comprensible&#8211; contra los excesos del grueso de la <a href=\"http:\/\/es.wikipedia.org\/wiki\/Intelligentsia\"><em>intelligentsia<\/em><\/a> del siglo XX, en la que hubo grandes autores como Octavio Paz o Carlos Fuentes pero tambi\u00e9n legiones de otros.<br \/>\n&nbsp;&nbsp;&nbsp;&nbsp;&nbsp;&nbsp;Esos otros son los que me preocupan ahora. Todos han sido olvidados, porque su trabajo carec\u00eda de cualquier m\u00e9rito (\u00bfo alguien por ah\u00ed atesora las obras completas de, digamos, Roberto Blanco Moheno?), pero mientras vivieron y publicaron tuvieron notoriedad gracias a su relaci\u00f3n con el poder pol\u00edtico y al cultivo de su propia reputaci\u00f3n. \u00abLo que hace al intelectual es la recepci\u00f3n de su discurso, m\u00e1s que su discurso\u00bb, escribi\u00f3 tambi\u00e9n Zaid, y ten\u00eda raz\u00f3n. La vuelta de los intelectuales, si realmente termina por ocurrir, ser\u00e1 otro signo de la vuelta del PRI al poder, ya anunciada y prevista por muchos&#8230;, pero ser\u00e1 un grave retroceso si implica el regreso del ecosistema completo de toda la vieja intelectualidad, con sus pocos grandes y sus muchos mediocres, sus cr\u00edticos escasos y sus vendidos numerosos.<br \/>\n&nbsp;&nbsp;&nbsp;&nbsp;&nbsp;&nbsp;No se me malentienda: esto no es una de aquellas bravatas. Ser\u00eda muy bueno si los <em>nuevos intelectuales<\/em> de la generaci\u00f3n fueran, en efecto, personas como Guedea y Y\u00e9pez, que saben escribir y  pensar. Francamente, si ellos pudieran hacer algo contra la abulia general, contra la estupidez y el cinismo imperantes, la generaci\u00f3n entera se habr\u00eda justificado. Pero algo que no debe volver es la sumisi\u00f3n completa de la literatura al poder: la creencia de que es suficiente mirar nuestro propio ombligo, de que no hay nada m\u00e1s all\u00e1 de nuestras disputas caseras y la busca del poder que est\u00e9 a nuestro alcance, por miserable que sea.<\/p>\n<div align=center>[fusion_builder_container hundred_percent=\u00bbyes\u00bb overflow=\u00bbvisible\u00bb][fusion_builder_row][fusion_builder_column type=\u00bb1_1&#8243; background_position=\u00bbleft top\u00bb background_color=\u00bb\u00bb border_size=\u00bb\u00bb border_color=\u00bb\u00bb border_style=\u00bbsolid\u00bb spacing=\u00bbyes\u00bb background_image=\u00bb\u00bb background_repeat=\u00bbno-repeat\u00bb padding=\u00bb\u00bb margin_top=\u00bb0px\u00bb margin_bottom=\u00bb0px\u00bb class=\u00bb\u00bb id=\u00bb\u00bb animation_type=\u00bb\u00bb animation_speed=\u00bb0.3&#8243; animation_direction=\u00bbleft\u00bb hide_on_mobile=\u00bbno\u00bb center_content=\u00bbno\u00bb min_height=\u00bbnone\u00bb]<figure id=\"attachment_3970\" aria-describedby=\"caption-attachment-3970\" style=\"width: 456px\" class=\"wp-caption alignnone\"><img loading=\"lazy\" decoding=\"async\" data-attachment-id=\"3970\" data-permalink=\"https:\/\/www.lashistorias.com.mx\/index.php\/intelectuales\/octaviopaz\/\" data-orig-file=\"https:\/\/www.lashistorias.com.mx\/wp-content\/uploads\/2009\/09\/octaviopaz.jpg\" data-orig-size=\"456,620\" data-comments-opened=\"1\" data-image-meta=\"{&quot;aperture&quot;:&quot;0&quot;,&quot;credit&quot;:&quot;&quot;,&quot;camera&quot;:&quot;&quot;,&quot;caption&quot;:&quot;&quot;,&quot;created_timestamp&quot;:&quot;0&quot;,&quot;copyright&quot;:&quot;&quot;,&quot;focal_length&quot;:&quot;0&quot;,&quot;iso&quot;:&quot;0&quot;,&quot;shutter_speed&quot;:&quot;0&quot;,&quot;title&quot;:&quot;&quot;}\" data-image-title=\"Octavio Paz\" data-image-description=\"\" data-image-caption=\"&lt;p&gt;Octavio Paz (fuente: elpais.es)&lt;\/p&gt;\n\" data-large-file=\"https:\/\/www.lashistorias.com.mx\/wp-content\/uploads\/2009\/09\/octaviopaz.jpg\" src=\"https:\/\/www.lashistorias.com.mx\/wp-content\/uploads\/2009\/09\/octaviopaz.jpg\" alt=\"Octavio Paz (fuente: elpais.es)\" title=\"Octavio Paz\" width=\"456\" height=\"620\" class=\"size-full wp-image-3970\" srcset=\"https:\/\/www.lashistorias.com.mx\/wp-content\/uploads\/2009\/09\/octaviopaz.jpg 456w, https:\/\/www.lashistorias.com.mx\/wp-content\/uploads\/2009\/09\/octaviopaz-220x300.jpg 220w\" sizes=\"auto, (max-width: 456px) 100vw, 456px\" \/><figcaption id=\"caption-attachment-3970\" class=\"wp-caption-text\">Octavio Paz (fuente: elpais.es)<\/figcaption><\/figure><\/div>\n[\/fusion_builder_column][\/fusion_builder_row][\/fusion_builder_container]\n","protected":false},"excerpt":{"rendered":"<p>\u00bfQue no hay obras importantes de los escritores mexicanos nacidos en los setenta? Ir\u00f3nicamente, algunas pueden no estar en <em>libros<\/em>&#8230;<\/p>\n","protected":false},"author":1,"featured_media":0,"comment_status":"open","ping_status":"open","sticky":false,"template":"","format":"standard","meta":{"advanced_seo_description":"","jetpack_seo_html_title":"","jetpack_seo_noindex":false,"jetpack_post_was_ever_published":false,"_jetpack_newsletter_access":"","_jetpack_dont_email_post_to_subs":true,"_jetpack_newsletter_tier_id":0,"_jetpack_memberships_contains_paywalled_content":false,"_jetpack_memberships_contains_paid_content":false,"footnotes":"","jetpack_publicize_message":"","jetpack_publicize_feature_enabled":true,"jetpack_social_post_already_shared":false,"jetpack_social_options":{"image_generator_settings":{"template":"highway","default_image_id":0,"font":"","enabled":false},"version":2}},"categories":[1520],"tags":[1030,1533,25,203,204,673,274,26,291,326,2855,420,1524,1523],"class_list":["post-3959","post","type-post","status-publish","format-standard","hentry","category-cuaderno","tag-carlos-fuentes","tag-carlos-monsivais","tag-escritores","tag-escritura-e-historia","tag-escritura-y-politica","tag-gabriel-zaid","tag-heriberto-yepez","tag-historia-y-testimonio","tag-intelectuales","tag-juan-villoro","tag-literatura","tag-octavio-paz","tag-roberto-blanco-moheno","tag-rogelio-guedea"],"jetpack_publicize_connections":[],"jetpack_featured_media_url":"","jetpack_shortlink":"https:\/\/wp.me\/pjEhq-11R","jetpack_sharing_enabled":true,"_links":{"self":[{"href":"https:\/\/www.lashistorias.com.mx\/index.php\/wp-json\/wp\/v2\/posts\/3959","targetHints":{"allow":["GET"]}}],"collection":[{"href":"https:\/\/www.lashistorias.com.mx\/index.php\/wp-json\/wp\/v2\/posts"}],"about":[{"href":"https:\/\/www.lashistorias.com.mx\/index.php\/wp-json\/wp\/v2\/types\/post"}],"author":[{"embeddable":true,"href":"https:\/\/www.lashistorias.com.mx\/index.php\/wp-json\/wp\/v2\/users\/1"}],"replies":[{"embeddable":true,"href":"https:\/\/www.lashistorias.com.mx\/index.php\/wp-json\/wp\/v2\/comments?post=3959"}],"version-history":[{"count":43,"href":"https:\/\/www.lashistorias.com.mx\/index.php\/wp-json\/wp\/v2\/posts\/3959\/revisions"}],"predecessor-version":[{"id":12822,"href":"https:\/\/www.lashistorias.com.mx\/index.php\/wp-json\/wp\/v2\/posts\/3959\/revisions\/12822"}],"wp:attachment":[{"href":"https:\/\/www.lashistorias.com.mx\/index.php\/wp-json\/wp\/v2\/media?parent=3959"}],"wp:term":[{"taxonomy":"category","embeddable":true,"href":"https:\/\/www.lashistorias.com.mx\/index.php\/wp-json\/wp\/v2\/categories?post=3959"},{"taxonomy":"post_tag","embeddable":true,"href":"https:\/\/www.lashistorias.com.mx\/index.php\/wp-json\/wp\/v2\/tags?post=3959"}],"curies":[{"name":"wp","href":"https:\/\/api.w.org\/{rel}","templated":true}]}}