{"id":3936,"date":"2009-09-26T08:57:38","date_gmt":"2009-09-26T13:57:38","guid":{"rendered":"http:\/\/www.lashistorias.com.mx\/?p=3936"},"modified":"2016-10-26T10:22:45","modified_gmt":"2016-10-26T15:22:45","slug":"las-historias-se-reorganiza","status":"publish","type":"post","link":"https:\/\/www.lashistorias.com.mx\/index.php\/las-historias-se-reorganiza\/","title":{"rendered":"<em>Las Historias<\/em> se reorganiza"},"content":{"rendered":"<p>Hoy, <em>Las Historias<\/em> estrena un dise\u00f1o ligeramente modificado. Su prop\u00f3sito es que el sitio se vea mejor, por supuesto, pero tambi\u00e9n reorganizar un poco su modo de funcionar. As\u00ed, desde hoy aparece una nueva secci\u00f3n, \u00abEl cuaderno\u00bb, que abarcar\u00e1 notas sobre los temas de siempre pero menos r\u00edgidas, m\u00e1s libres (y que aparecer\u00e1n, espero, con m\u00e1s frecuencia); no s\u00f3lo rese\u00f1as, sino tambi\u00e9n peque\u00f1os ensayos y m\u00e1s que estoy preparando.<\/p>\n<p>Por otra parte, el concurso mensual, la publicaci\u00f3n de cuentos y los ejercicios creativos del \u00abtaller\u00bb contin\u00faan como siempre.<\/p>\n<p>Espero que los lectores puedan hallar algo interesante en estas p\u00e1ginas.<\/p>\n<div align=center><img loading=\"lazy\" decoding=\"async\" data-attachment-id=\"3937\" data-permalink=\"https:\/\/www.lashistorias.com.mx\/index.php\/las-historias-se-reorganiza\/nuevolh\/\" data-orig-file=\"https:\/\/www.lashistorias.com.mx\/wp-content\/uploads\/2009\/09\/nuevoLH.jpg\" data-orig-size=\"450,361\" data-comments-opened=\"1\" data-image-meta=\"{&quot;aperture&quot;:&quot;0&quot;,&quot;credit&quot;:&quot;&quot;,&quot;camera&quot;:&quot;&quot;,&quot;caption&quot;:&quot;&quot;,&quot;created_timestamp&quot;:&quot;0&quot;,&quot;copyright&quot;:&quot;&quot;,&quot;focal_length&quot;:&quot;0&quot;,&quot;iso&quot;:&quot;0&quot;,&quot;shutter_speed&quot;:&quot;0&quot;,&quot;title&quot;:&quot;&quot;}\" data-image-title=\"Nuevo redise\u00f1o de Las Historias\" data-image-description=\"\" data-image-caption=\"\" data-large-file=\"https:\/\/www.lashistorias.com.mx\/wp-content\/uploads\/2009\/09\/nuevoLH.jpg\" src=\"https:\/\/www.lashistorias.com.mx\/wp-content\/uploads\/2009\/09\/nuevoLH.jpg\" alt=\"Nuevo redise\u00f1o de Las Historias\" title=\"Nuevo redise\u00f1o de Las Historias\" width=\"450\" height=\"361\" class=\"alignnone size-full wp-image-3937\" srcset=\"https:\/\/www.lashistorias.com.mx\/wp-content\/uploads\/2009\/09\/nuevoLH.jpg 450w, https:\/\/www.lashistorias.com.mx\/wp-content\/uploads\/2009\/09\/nuevoLH-300x240.jpg 300w\" sizes=\"auto, (max-width: 450px) 100vw, 450px\" \/><\/div>\n","protected":false},"excerpt":{"rendered":"<p>Esta bit\u00e1cora se reorganiza y propone (adem\u00e1s de otro dise\u00f1o) algunas novedades para el futuro.<\/p>\n","protected":false},"author":1,"featured_media":0,"comment_status":"open","ping_status":"open","sticky":false,"template":"","format":"standard","meta":{"advanced_seo_description":"","jetpack_seo_html_title":"","jetpack_seo_noindex":false,"jetpack_post_was_ever_published":false,"_jetpack_newsletter_access":"","_jetpack_dont_email_post_to_subs":true,"_jetpack_newsletter_tier_id":0,"_jetpack_memberships_contains_paywalled_content":false,"_jetpack_memberships_contains_paid_content":false,"footnotes":"","jetpack_publicize_message":"","jetpack_publicize_feature_enabled":true,"jetpack_social_post_already_shared":false,"jetpack_social_options":{"image_generator_settings":{"template":"highway","default_image_id":0,"font":"","enabled":false},"version":2}},"categories":[3],"tags":[1517,18,570,1522,8,348,1521],"class_list":["post-3936","post","type-post","status-publish","format-standard","hentry","category-lo-nuevo","tag-avisos","tag-blogosfera","tag-breves","tag-el-cuaderno","tag-internet","tag-las-historias","tag-rediseno"],"jetpack_publicize_connections":[],"jetpack_featured_media_url":"","jetpack_shortlink":"https:\/\/wp.me\/pjEhq-11u","jetpack_sharing_enabled":true,"_links":{"self":[{"href":"https:\/\/www.lashistorias.com.mx\/index.php\/wp-json\/wp\/v2\/posts\/3936","targetHints":{"allow":["GET"]}}],"collection":[{"href":"https:\/\/www.lashistorias.com.mx\/index.php\/wp-json\/wp\/v2\/posts"}],"about":[{"href":"https:\/\/www.lashistorias.com.mx\/index.php\/wp-json\/wp\/v2\/types\/post"}],"author":[{"embeddable":true,"href":"https:\/\/www.lashistorias.com.mx\/index.php\/wp-json\/wp\/v2\/users\/1"}],"replies":[{"embeddable":true,"href":"https:\/\/www.lashistorias.com.mx\/index.php\/wp-json\/wp\/v2\/comments?post=3936"}],"version-history":[{"count":4,"href":"https:\/\/www.lashistorias.com.mx\/index.php\/wp-json\/wp\/v2\/posts\/3936\/revisions"}],"predecessor-version":[{"id":12824,"href":"https:\/\/www.lashistorias.com.mx\/index.php\/wp-json\/wp\/v2\/posts\/3936\/revisions\/12824"}],"wp:attachment":[{"href":"https:\/\/www.lashistorias.com.mx\/index.php\/wp-json\/wp\/v2\/media?parent=3936"}],"wp:term":[{"taxonomy":"category","embeddable":true,"href":"https:\/\/www.lashistorias.com.mx\/index.php\/wp-json\/wp\/v2\/categories?post=3936"},{"taxonomy":"post_tag","embeddable":true,"href":"https:\/\/www.lashistorias.com.mx\/index.php\/wp-json\/wp\/v2\/tags?post=3936"}],"curies":[{"name":"wp","href":"https:\/\/api.w.org\/{rel}","templated":true}]}}