{"id":3890,"date":"2009-09-23T11:24:29","date_gmt":"2009-09-23T16:24:29","guid":{"rendered":"http:\/\/www.lashistorias.com.mx\/?p=3890"},"modified":"2016-10-26T10:22:45","modified_gmt":"2016-10-26T15:22:45","slug":"sadoseptiembre","status":"publish","type":"post","link":"https:\/\/www.lashistorias.com.mx\/index.php\/sadoseptiembre\/","title":{"rendered":"Sadoseptiembre"},"content":{"rendered":"<p>El centro cultural Donceles 66 invita a la conferencia \u00abEl sadomasoquismo y la literatura\u00bb, este jueves 24 a las 20:00 horas en &#8211;justamente&#8211; Donceles #66 (Centro Hist\u00f3rico, ciudad de M\u00e9xico). Participar\u00e1n: Alberto Chimal, Fabiola B\u00e1rcenas y un invitado sorpresa. Informes en el tel\u00e9fono 915014 68 y en el sitio www.donceles66.com.mx. Correo electr\u00f3nico: difusion@donceles66.com.mx.<\/p>\n<p>La entrada, por supuesto, ser\u00e1 libre.<\/p>\n<div align=center>[fusion_builder_container hundred_percent=\u00bbyes\u00bb overflow=\u00bbvisible\u00bb][fusion_builder_row][fusion_builder_column type=\u00bb1_1&#8243; background_position=\u00bbleft top\u00bb background_color=\u00bb\u00bb border_size=\u00bb\u00bb border_color=\u00bb\u00bb border_style=\u00bbsolid\u00bb spacing=\u00bbyes\u00bb background_image=\u00bb\u00bb background_repeat=\u00bbno-repeat\u00bb padding=\u00bb\u00bb margin_top=\u00bb0px\u00bb margin_bottom=\u00bb0px\u00bb class=\u00bb\u00bb id=\u00bb\u00bb animation_type=\u00bb\u00bb animation_speed=\u00bb0.3&#8243; animation_direction=\u00bbleft\u00bb hide_on_mobile=\u00bbno\u00bb center_content=\u00bbno\u00bb min_height=\u00bbnone\u00bb]<figure id=\"attachment_3891\" aria-describedby=\"caption-attachment-3891\" style=\"width: 300px\" class=\"wp-caption alignnone\"><a ref=\"magnificPopup\" href=\"https:\/\/www.lashistorias.com.mx\/wp-content\/uploads\/2009\/09\/sadosep.jpg\"><img loading=\"lazy\" decoding=\"async\" data-attachment-id=\"3891\" data-permalink=\"https:\/\/www.lashistorias.com.mx\/sadosep\/\" data-orig-file=\"https:\/\/www.lashistorias.com.mx\/wp-content\/uploads\/2009\/09\/sadosep.jpg\" data-orig-size=\"604,400\" data-comments-opened=\"1\" data-image-meta=\"{&quot;aperture&quot;:&quot;0&quot;,&quot;credit&quot;:&quot;&quot;,&quot;camera&quot;:&quot;&quot;,&quot;caption&quot;:&quot;&quot;,&quot;created_timestamp&quot;:&quot;0&quot;,&quot;copyright&quot;:&quot;&quot;,&quot;focal_length&quot;:&quot;0&quot;,&quot;iso&quot;:&quot;0&quot;,&quot;shutter_speed&quot;:&quot;0&quot;,&quot;title&quot;:&quot;&quot;}\" data-image-title=\"sadoseptiembre\" data-image-description=\"\" data-image-caption=\"&lt;p&gt;(clic para ampliar)&lt;\/p&gt;\n\" data-large-file=\"https:\/\/www.lashistorias.com.mx\/wp-content\/uploads\/2009\/09\/sadosep.jpg\" src=\"https:\/\/www.lashistorias.com.mx\/wp-content\/uploads\/2009\/09\/sadosep-300x198.jpg\" alt=\"(clic para ampliar)\" title=\"sadoseptiembre\" width=\"300\" height=\"198\" class=\"size-medium wp-image-3891\" srcset=\"https:\/\/www.lashistorias.com.mx\/wp-content\/uploads\/2009\/09\/sadosep-300x198.jpg 300w, https:\/\/www.lashistorias.com.mx\/wp-content\/uploads\/2009\/09\/sadosep.jpg 604w\" sizes=\"auto, (max-width: 300px) 100vw, 300px\" \/><\/a><figcaption id=\"caption-attachment-3891\" class=\"wp-caption-text\">(clic para ampliar)<\/figcaption><\/figure><\/div>\n[\/fusion_builder_column][\/fusion_builder_row][\/fusion_builder_container]\n","protected":false},"excerpt":{"rendered":"<p>Ma\u00f1ana, en la ciudad de M\u00e9xico, una conferencia sobre literatura, amor y crueldad a la sombra del marqu\u00e9s de Sade.<\/p>\n","protected":false},"author":1,"featured_media":0,"comment_status":"open","ping_status":"open","sticky":false,"template":"","format":"standard","meta":{"advanced_seo_description":"","jetpack_seo_html_title":"","jetpack_seo_noindex":false,"jetpack_post_was_ever_published":false,"_jetpack_newsletter_access":"","_jetpack_dont_email_post_to_subs":true,"_jetpack_newsletter_tier_id":0,"_jetpack_memberships_contains_paywalled_content":false,"_jetpack_memberships_contains_paid_content":false,"footnotes":"","jetpack_publicize_message":"","jetpack_publicize_feature_enabled":true,"jetpack_social_post_already_shared":false,"jetpack_social_options":{"image_generator_settings":{"template":"highway","default_image_id":0,"font":"","enabled":false},"version":2}},"categories":[3],"tags":[570,6,2855,12],"class_list":["post-3890","post","type-post","status-publish","format-standard","hentry","category-lo-nuevo","tag-breves","tag-general","tag-literatura","tag-presentaciones"],"jetpack_publicize_connections":[],"jetpack_featured_media_url":"","jetpack_shortlink":"https:\/\/wp.me\/pjEhq-10K","jetpack_sharing_enabled":true,"_links":{"self":[{"href":"https:\/\/www.lashistorias.com.mx\/index.php\/wp-json\/wp\/v2\/posts\/3890","targetHints":{"allow":["GET"]}}],"collection":[{"href":"https:\/\/www.lashistorias.com.mx\/index.php\/wp-json\/wp\/v2\/posts"}],"about":[{"href":"https:\/\/www.lashistorias.com.mx\/index.php\/wp-json\/wp\/v2\/types\/post"}],"author":[{"embeddable":true,"href":"https:\/\/www.lashistorias.com.mx\/index.php\/wp-json\/wp\/v2\/users\/1"}],"replies":[{"embeddable":true,"href":"https:\/\/www.lashistorias.com.mx\/index.php\/wp-json\/wp\/v2\/comments?post=3890"}],"version-history":[{"count":7,"href":"https:\/\/www.lashistorias.com.mx\/index.php\/wp-json\/wp\/v2\/posts\/3890\/revisions"}],"predecessor-version":[{"id":12825,"href":"https:\/\/www.lashistorias.com.mx\/index.php\/wp-json\/wp\/v2\/posts\/3890\/revisions\/12825"}],"wp:attachment":[{"href":"https:\/\/www.lashistorias.com.mx\/index.php\/wp-json\/wp\/v2\/media?parent=3890"}],"wp:term":[{"taxonomy":"category","embeddable":true,"href":"https:\/\/www.lashistorias.com.mx\/index.php\/wp-json\/wp\/v2\/categories?post=3890"},{"taxonomy":"post_tag","embeddable":true,"href":"https:\/\/www.lashistorias.com.mx\/index.php\/wp-json\/wp\/v2\/tags?post=3890"}],"curies":[{"name":"wp","href":"https:\/\/api.w.org\/{rel}","templated":true}]}}