{"id":3877,"date":"2009-09-09T13:42:28","date_gmt":"2009-09-09T18:42:28","guid":{"rendered":"http:\/\/www.lashistorias.com.mx\/?p=3877"},"modified":"2016-10-26T10:22:45","modified_gmt":"2016-10-26T15:22:45","slug":"para-decir-la-suave-patria","status":"publish","type":"post","link":"https:\/\/www.lashistorias.com.mx\/index.php\/para-decir-la-suave-patria\/","title":{"rendered":"Para decir <em>La suave patria<\/em>"},"content":{"rendered":"<p>Una invitaci\u00f3n que no tiene que ver con la narrativa pero s\u00ed con la historia: este s\u00e1bado 12 de septiembre, a las 12:00 horas, Vicente Quirarte dictar\u00e1 una conferencia, \u00abPara decir <em>La suave patria<\/em>\u00ab, alrededor de la obra de uno de nuestros poetas mayores, <a href=\"https:\/\/www.lashistorias.com.mx\/index.php\/archivo\/la-palabra-morbida-sobre-ramon-lopez-velarde\/\">Ram\u00f3n L\u00f3pez Velarde<\/a>. La cita es en la Sala Manuel M. Ponce del Palacio de Bellas Artes (Eje Central y Ju\u00e1rez, en el Centro Hist\u00f3rico). Si van all\u00e1 nos vemos.<\/p>\n<p>Aqu\u00ed el volante, de aspecto oficial pero con la informaci\u00f3n esencial:<\/p>\n<div align=center><a ref=\"magnificPopup\" href=\"https:\/\/www.lashistorias.com.mx\/wp-content\/uploads\/2009\/09\/invi_suave_patria.jpg\"><img loading=\"lazy\" decoding=\"async\" data-attachment-id=\"3878\" data-permalink=\"https:\/\/www.lashistorias.com.mx\/index.php\/para-decir-la-suave-patria\/print-2\/\" data-orig-file=\"https:\/\/www.lashistorias.com.mx\/wp-content\/uploads\/2009\/09\/invi_suave_patria.jpg\" data-orig-size=\"800,637\" data-comments-opened=\"1\" data-image-meta=\"{&quot;aperture&quot;:&quot;0&quot;,&quot;credit&quot;:&quot;&quot;,&quot;camera&quot;:&quot;&quot;,&quot;caption&quot;:&quot;&quot;,&quot;created_timestamp&quot;:&quot;0&quot;,&quot;copyright&quot;:&quot;&quot;,&quot;focal_length&quot;:&quot;0&quot;,&quot;iso&quot;:&quot;0&quot;,&quot;shutter_speed&quot;:&quot;0&quot;,&quot;title&quot;:&quot;Print&quot;}\" data-image-title=\"Invitaci\u00f3n: \u00abPara decir La suave patria\u00bb\" data-image-description=\"\" data-image-caption=\"\" data-large-file=\"https:\/\/www.lashistorias.com.mx\/wp-content\/uploads\/2009\/09\/invi_suave_patria.jpg\" src=\"https:\/\/www.lashistorias.com.mx\/wp-content\/uploads\/2009\/09\/invi_suave_patria-300x238.jpg\" alt=\"Invitaci\u00f3n: &quot;Para decir La suave patria&quot;\" title=\"Invitaci\u00f3n: &quot;Para decir La suave patria&quot;\" width=\"300\" height=\"238\" class=\"alignnone size-medium wp-image-3878\" srcset=\"https:\/\/www.lashistorias.com.mx\/wp-content\/uploads\/2009\/09\/invi_suave_patria-300x238.jpg 300w, https:\/\/www.lashistorias.com.mx\/wp-content\/uploads\/2009\/09\/invi_suave_patria.jpg 800w\" sizes=\"auto, (max-width: 300px) 100vw, 300px\" \/><\/a><\/div>\n","protected":false},"excerpt":{"rendered":"<p>Una invitaci\u00f3n especial a una conferencia muy especial alrededor de la historia&#8230; de un poeta, Ram\u00f3n L\u00f3pez Velarde.<\/p>\n","protected":false},"author":1,"featured_media":0,"comment_status":"open","ping_status":"open","sticky":false,"template":"","format":"standard","meta":{"advanced_seo_description":"","jetpack_seo_html_title":"","jetpack_seo_noindex":false,"jetpack_post_was_ever_published":false,"_jetpack_newsletter_access":"","_jetpack_dont_email_post_to_subs":true,"_jetpack_newsletter_tier_id":0,"_jetpack_memberships_contains_paywalled_content":false,"_jetpack_memberships_contains_paid_content":false,"footnotes":"","jetpack_publicize_message":"","jetpack_publicize_feature_enabled":true,"jetpack_social_post_already_shared":false,"jetpack_social_options":{"image_generator_settings":{"template":"highway","default_image_id":0,"font":"","enabled":false},"version":2}},"categories":[3],"tags":[570,1218,25,26,1516,2855,440,12,756,1059],"class_list":["post-3877","post","type-post","status-publish","format-standard","hentry","category-lo-nuevo","tag-breves","tag-conferencias","tag-escritores","tag-historia-y-testimonio","tag-la-suave-patria","tag-literatura","tag-poesia","tag-presentaciones","tag-ramon-lopez-velarde","tag-vicente-quirarte"],"jetpack_publicize_connections":[],"jetpack_featured_media_url":"","jetpack_shortlink":"https:\/\/wp.me\/pjEhq-10x","jetpack_sharing_enabled":true,"_links":{"self":[{"href":"https:\/\/www.lashistorias.com.mx\/index.php\/wp-json\/wp\/v2\/posts\/3877","targetHints":{"allow":["GET"]}}],"collection":[{"href":"https:\/\/www.lashistorias.com.mx\/index.php\/wp-json\/wp\/v2\/posts"}],"about":[{"href":"https:\/\/www.lashistorias.com.mx\/index.php\/wp-json\/wp\/v2\/types\/post"}],"author":[{"embeddable":true,"href":"https:\/\/www.lashistorias.com.mx\/index.php\/wp-json\/wp\/v2\/users\/1"}],"replies":[{"embeddable":true,"href":"https:\/\/www.lashistorias.com.mx\/index.php\/wp-json\/wp\/v2\/comments?post=3877"}],"version-history":[{"count":4,"href":"https:\/\/www.lashistorias.com.mx\/index.php\/wp-json\/wp\/v2\/posts\/3877\/revisions"}],"predecessor-version":[{"id":5689,"href":"https:\/\/www.lashistorias.com.mx\/index.php\/wp-json\/wp\/v2\/posts\/3877\/revisions\/5689"}],"wp:attachment":[{"href":"https:\/\/www.lashistorias.com.mx\/index.php\/wp-json\/wp\/v2\/media?parent=3877"}],"wp:term":[{"taxonomy":"category","embeddable":true,"href":"https:\/\/www.lashistorias.com.mx\/index.php\/wp-json\/wp\/v2\/categories?post=3877"},{"taxonomy":"post_tag","embeddable":true,"href":"https:\/\/www.lashistorias.com.mx\/index.php\/wp-json\/wp\/v2\/tags?post=3877"}],"curies":[{"name":"wp","href":"https:\/\/api.w.org\/{rel}","templated":true}]}}