{"id":3871,"date":"2009-09-01T14:03:59","date_gmt":"2009-09-01T19:03:59","guid":{"rendered":"http:\/\/www.lashistorias.com.mx\/?p=3871"},"modified":"2016-10-26T10:22:45","modified_gmt":"2016-10-26T15:22:45","slug":"monstruos-y-mitos-en-canal-22","status":"publish","type":"post","link":"https:\/\/www.lashistorias.com.mx\/index.php\/monstruos-y-mitos-en-canal-22\/","title":{"rendered":"Monstruos y mitos en Canal 22"},"content":{"rendered":"<p>Hoy, martes, a las 19:00 horas, el noticiero cultural de <a href=\"http:\/\/www.canal22.org.mx\/\">Canal 22<\/a> (llamado justamente <em>Noticias 22<\/em>) presentar\u00e1 un reportaje sobre seres mitol\u00f3gicos. Estar\u00e1n en el estudio mis queridos amigos Bef y Rodolfo JM y yo participar\u00e9 tambi\u00e9n, pero en un breve segmento grabado sobre monstruos y seres m\u00edticos de ayer y de hoy. Uno de ellos ser\u00e1 el que sigue:<\/p>\n<div align=center>[fusion_builder_container hundred_percent=\u00bbyes\u00bb overflow=\u00bbvisible\u00bb][fusion_builder_row][fusion_builder_column type=\u00bb1_1&#8243; background_position=\u00bbleft top\u00bb background_color=\u00bb\u00bb border_size=\u00bb\u00bb border_color=\u00bb\u00bb border_style=\u00bbsolid\u00bb spacing=\u00bbyes\u00bb background_image=\u00bb\u00bb background_repeat=\u00bbno-repeat\u00bb padding=\u00bb\u00bb margin_top=\u00bb0px\u00bb margin_bottom=\u00bb0px\u00bb class=\u00bb\u00bb id=\u00bb\u00bb animation_type=\u00bb\u00bb animation_speed=\u00bb0.3&#8243; animation_direction=\u00bbleft\u00bb hide_on_mobile=\u00bbno\u00bb center_content=\u00bbno\u00bb min_height=\u00bbnone\u00bb]<figure id=\"attachment_3872\" aria-describedby=\"caption-attachment-3872\" style=\"width: 300px\" class=\"wp-caption alignnone\"><img loading=\"lazy\" decoding=\"async\" data-attachment-id=\"3872\" data-permalink=\"https:\/\/www.lashistorias.com.mx\/index.php\/monstruos-y-mitos-en-canal-22\/captain-jack-sparrow\/\" data-orig-file=\"https:\/\/www.lashistorias.com.mx\/wp-content\/uploads\/2009\/09\/captain-jack-sparrow.jpg\" data-orig-size=\"300,285\" data-comments-opened=\"1\" data-image-meta=\"{&quot;aperture&quot;:&quot;0&quot;,&quot;credit&quot;:&quot;&quot;,&quot;camera&quot;:&quot;&quot;,&quot;caption&quot;:&quot;&quot;,&quot;created_timestamp&quot;:&quot;0&quot;,&quot;copyright&quot;:&quot;&quot;,&quot;focal_length&quot;:&quot;0&quot;,&quot;iso&quot;:&quot;0&quot;,&quot;shutter_speed&quot;:&quot;0&quot;,&quot;title&quot;:&quot;&quot;}\" data-image-title=\"Jack Sparrow\" data-image-description=\"\" data-image-caption=\"&lt;p&gt;&lt;em&gt;\u00bfQu\u00e9 tiene que ver Jack Sparrow con la mitolog\u00eda? Sintonice y lo sabr\u00e1.&lt;\/em&gt;&lt;\/p&gt;\n\" data-large-file=\"https:\/\/www.lashistorias.com.mx\/wp-content\/uploads\/2009\/09\/captain-jack-sparrow.jpg\" src=\"https:\/\/www.lashistorias.com.mx\/wp-content\/uploads\/2009\/09\/captain-jack-sparrow.jpg\" alt=\"&lt;em&gt;\u00bfQu\u00e9 tiene que ver Jack Sparrow con la mitolog\u00eda? Sintonice y lo sabr\u00e1.&lt;\/em&gt;\" title=\"Jack Sparrow\" width=\"300\" height=\"285\" class=\"size-full wp-image-3872\" \/><figcaption id=\"caption-attachment-3872\" class=\"wp-caption-text\"><em>\u00bfQu\u00e9 tiene que ver Jack Sparrow con la mitolog\u00eda? Sintonice y lo sabr\u00e1.<\/em><\/figcaption><\/figure><\/div>\n[\/fusion_builder_column][\/fusion_builder_row][\/fusion_builder_container]\n","protected":false},"excerpt":{"rendered":"<p>Hoy, martes, a las 19:00 horas, el noticiero cultural de Canal 22 (llamado justamente Noticias 22) presentar\u00e1 un reportaje sobre seres mitol\u00f3gicos. Estar\u00e1n en el estudio mis queridos amigos Bef y Rodolfo JM y yo participar\u00e9 tambi\u00e9n, pero en un breve segmento grabado sobre monstruos y seres m\u00edticos de ayer y de hoy. Uno de&#8230;<\/p>\n","protected":false},"author":1,"featured_media":0,"comment_status":"open","ping_status":"open","sticky":false,"template":"","format":"standard","meta":{"advanced_seo_description":"","jetpack_seo_html_title":"","jetpack_seo_noindex":false,"jetpack_post_was_ever_published":false,"_jetpack_newsletter_access":"","_jetpack_dont_email_post_to_subs":true,"_jetpack_newsletter_tier_id":0,"_jetpack_memberships_contains_paywalled_content":false,"_jetpack_memberships_contains_paid_content":false,"footnotes":"","jetpack_publicize_message":"","jetpack_publicize_feature_enabled":true,"jetpack_social_post_already_shared":false,"jetpack_social_options":{"image_generator_settings":{"template":"highway","default_image_id":0,"font":"","enabled":false},"version":2}},"categories":[3],"tags":[17,77,570,1273,25,1515,2855,1514,1513,765,1512,1041],"class_list":["post-3871","post","type-post","status-publish","format-standard","hentry","category-lo-nuevo","tag-amistades","tag-bef","tag-breves","tag-canal-22","tag-escritores","tag-jack-sparrow","tag-literatura","tag-mitologia","tag-reportaje","tag-rodolfo-j-m","tag-tele","tag-television"],"jetpack_publicize_connections":[],"jetpack_featured_media_url":"","jetpack_shortlink":"https:\/\/wp.me\/pjEhq-10r","jetpack_sharing_enabled":true,"_links":{"self":[{"href":"https:\/\/www.lashistorias.com.mx\/index.php\/wp-json\/wp\/v2\/posts\/3871","targetHints":{"allow":["GET"]}}],"collection":[{"href":"https:\/\/www.lashistorias.com.mx\/index.php\/wp-json\/wp\/v2\/posts"}],"about":[{"href":"https:\/\/www.lashistorias.com.mx\/index.php\/wp-json\/wp\/v2\/types\/post"}],"author":[{"embeddable":true,"href":"https:\/\/www.lashistorias.com.mx\/index.php\/wp-json\/wp\/v2\/users\/1"}],"replies":[{"embeddable":true,"href":"https:\/\/www.lashistorias.com.mx\/index.php\/wp-json\/wp\/v2\/comments?post=3871"}],"version-history":[{"count":9,"href":"https:\/\/www.lashistorias.com.mx\/index.php\/wp-json\/wp\/v2\/posts\/3871\/revisions"}],"predecessor-version":[{"id":12827,"href":"https:\/\/www.lashistorias.com.mx\/index.php\/wp-json\/wp\/v2\/posts\/3871\/revisions\/12827"}],"wp:attachment":[{"href":"https:\/\/www.lashistorias.com.mx\/index.php\/wp-json\/wp\/v2\/media?parent=3871"}],"wp:term":[{"taxonomy":"category","embeddable":true,"href":"https:\/\/www.lashistorias.com.mx\/index.php\/wp-json\/wp\/v2\/categories?post=3871"},{"taxonomy":"post_tag","embeddable":true,"href":"https:\/\/www.lashistorias.com.mx\/index.php\/wp-json\/wp\/v2\/tags?post=3871"}],"curies":[{"name":"wp","href":"https:\/\/api.w.org\/{rel}","templated":true}]}}