{"id":3820,"date":"2009-08-26T11:19:25","date_gmt":"2009-08-26T16:19:25","guid":{"rendered":"http:\/\/www.lashistorias.com.mx\/?p=3820"},"modified":"2016-10-26T10:22:46","modified_gmt":"2016-10-26T15:22:46","slug":"los-esclavos-en-tijuana","status":"publish","type":"post","link":"https:\/\/www.lashistorias.com.mx\/index.php\/los-esclavos-en-tijuana\/","title":{"rendered":"<em>Los esclavos<\/em> en Tijuana; adem\u00e1s, un taller"},"content":{"rendered":"<p><em><strong>Aviso del 6 de agosto: debido a un imprevisto (dos horas de retraso en mi vuelo a Tijuana) la presentaci\u00f3n no pudo realizarse el d\u00eda de ayer. Se har\u00e1 hoy, a las 16:00 horas, en el mismo lugar. Gracias y disculpas.<\/strong><\/em><\/p>\n<p><em>Los esclavos<\/em> se presentar\u00e1, ahora, en Tijuana. La cita es el s\u00e1bado 5 de septiembre, a las 18:00 horas, en el Parque M\u00e9xico (que se encuentra en el Paseo Playas, en Playas de Tijuana). Presentar\u00e1 el libro (y esto me da un gusto enorme) el excelente Pepe Rojo. Esta presentaci\u00f3n se debe a los esfuerzos de Karla Mart\u00ednez, de <a href=\"http:\/\/www.nortestacion.org\/\">Nortestaci\u00f3n<\/a>, a quien le agradezco.<\/p>\n<p>Adem\u00e1s, y tambi\u00e9n por parte de Nortestaci\u00f3n, estar\u00e9 en Tijuana durante varios d\u00edas posteriores dando un taller de cuento; ser\u00e1 en El Tallereo: Calle 4ta y Ni\u00f1os H\u00e9roes #2345 int. 5B, zona Centro (a un lado de la papeler\u00eda Mevalza). Las sesiones ser\u00e1n del lunes 7 al mi\u00e9rcoles 9 de septiembre de 18:00 a 21:00 horas. El costo de todo el taller ser\u00e1 de  $550.00 pesos. Informes o inscripciones en el correo electr\u00f3nico nortestacion@gmail.com o en los tel\u00e9fonos 1044156, 6644943628 y 6641251222.<\/p>\n<p>Si se animan a ir, all\u00e1 nos veremos. Aqu\u00ed debajo, el volante hecho por Nortestaci\u00f3n para promover el taller.<\/p>\n<div align=center><a ref=\"magnificPopup\" href=\"https:\/\/www.lashistorias.com.mx\/wp-content\/uploads\/2009\/08\/Alberto-Chimal.jpg\"><img loading=\"lazy\" decoding=\"async\" data-attachment-id=\"3841\" data-permalink=\"https:\/\/www.lashistorias.com.mx\/index.php\/los-esclavos-en-tijuana\/alberto-chimal-2\/\" data-orig-file=\"https:\/\/www.lashistorias.com.mx\/wp-content\/uploads\/2009\/08\/Alberto-Chimal.jpg\" data-orig-size=\"960,720\" data-comments-opened=\"1\" data-image-meta=\"{&quot;aperture&quot;:&quot;0&quot;,&quot;credit&quot;:&quot;&quot;,&quot;camera&quot;:&quot;&quot;,&quot;caption&quot;:&quot;&quot;,&quot;created_timestamp&quot;:&quot;0&quot;,&quot;copyright&quot;:&quot;&quot;,&quot;focal_length&quot;:&quot;0&quot;,&quot;iso&quot;:&quot;0&quot;,&quot;shutter_speed&quot;:&quot;0&quot;,&quot;title&quot;:&quot;&quot;}\" data-image-title=\"Volante del taller\" data-image-description=\"\" data-image-caption=\"\" data-large-file=\"https:\/\/www.lashistorias.com.mx\/wp-content\/uploads\/2009\/08\/Alberto-Chimal.jpg\" src=\"https:\/\/www.lashistorias.com.mx\/wp-content\/uploads\/2009\/08\/Alberto-Chimal-300x225.jpg\" alt=\"Volante del taller\" title=\"Volante del taller\" width=\"300\" height=\"225\" class=\"alignnone size-medium wp-image-3841\" srcset=\"https:\/\/www.lashistorias.com.mx\/wp-content\/uploads\/2009\/08\/Alberto-Chimal-300x225.jpg 300w, https:\/\/www.lashistorias.com.mx\/wp-content\/uploads\/2009\/08\/Alberto-Chimal.jpg 960w\" sizes=\"auto, (max-width: 300px) 100vw, 300px\" \/><\/a><\/div>\n","protected":false},"excerpt":{"rendered":"<p>Una nueva presentaci\u00f3n y un taller de cuento en la ciudad de Tijuana, Baja California.<\/p>\n","protected":false},"author":1,"featured_media":0,"comment_status":"open","ping_status":"open","sticky":false,"template":"","format":"standard","meta":{"advanced_seo_description":"","jetpack_seo_html_title":"","jetpack_seo_noindex":false,"jetpack_post_was_ever_published":false,"_jetpack_newsletter_access":"","_jetpack_dont_email_post_to_subs":true,"_jetpack_newsletter_tier_id":0,"_jetpack_memberships_contains_paywalled_content":false,"_jetpack_memberships_contains_paid_content":false,"footnotes":"","jetpack_publicize_message":"","jetpack_publicize_feature_enabled":true,"jetpack_social_post_already_shared":false,"jetpack_social_options":{"image_generator_settings":{"template":"highway","default_image_id":0,"font":"","enabled":false},"version":2}},"categories":[23,3],"tags":[17,1509,2855,1055,1508,10,432,12,782],"class_list":["post-3820","post","type-post","status-publish","format-standard","hentry","category-cursos-y-talleres","category-lo-nuevo","tag-amistades","tag-karla-martinez","tag-literatura","tag-los-esclavos","tag-nortestacion","tag-novela","tag-pepe-rojo","tag-presentaciones","tag-taller-de-cuento"],"jetpack_publicize_connections":[],"jetpack_featured_media_url":"","jetpack_shortlink":"https:\/\/wp.me\/pjEhq-ZC","jetpack_sharing_enabled":true,"_links":{"self":[{"href":"https:\/\/www.lashistorias.com.mx\/index.php\/wp-json\/wp\/v2\/posts\/3820","targetHints":{"allow":["GET"]}}],"collection":[{"href":"https:\/\/www.lashistorias.com.mx\/index.php\/wp-json\/wp\/v2\/posts"}],"about":[{"href":"https:\/\/www.lashistorias.com.mx\/index.php\/wp-json\/wp\/v2\/types\/post"}],"author":[{"embeddable":true,"href":"https:\/\/www.lashistorias.com.mx\/index.php\/wp-json\/wp\/v2\/users\/1"}],"replies":[{"embeddable":true,"href":"https:\/\/www.lashistorias.com.mx\/index.php\/wp-json\/wp\/v2\/comments?post=3820"}],"version-history":[{"count":9,"href":"https:\/\/www.lashistorias.com.mx\/index.php\/wp-json\/wp\/v2\/posts\/3820\/revisions"}],"predecessor-version":[{"id":5878,"href":"https:\/\/www.lashistorias.com.mx\/index.php\/wp-json\/wp\/v2\/posts\/3820\/revisions\/5878"}],"wp:attachment":[{"href":"https:\/\/www.lashistorias.com.mx\/index.php\/wp-json\/wp\/v2\/media?parent=3820"}],"wp:term":[{"taxonomy":"category","embeddable":true,"href":"https:\/\/www.lashistorias.com.mx\/index.php\/wp-json\/wp\/v2\/categories?post=3820"},{"taxonomy":"post_tag","embeddable":true,"href":"https:\/\/www.lashistorias.com.mx\/index.php\/wp-json\/wp\/v2\/tags?post=3820"}],"curies":[{"name":"wp","href":"https:\/\/api.w.org\/{rel}","templated":true}]}}