{"id":3724,"date":"2009-08-21T07:39:54","date_gmt":"2009-08-21T12:39:54","guid":{"rendered":"http:\/\/www.lashistorias.com.mx\/?p=3724"},"modified":"2016-10-26T10:22:48","modified_gmt":"2016-10-26T15:22:48","slug":"poe-en-el-cine-5","status":"publish","type":"post","link":"https:\/\/www.lashistorias.com.mx\/index.php\/poe-en-el-cine-5\/","title":{"rendered":"Poe en el cine (5\/5): <em>La m\u00e1scara de la Muerte Roja<\/em>"},"content":{"rendered":"<p><em>Durante toda esta semana, la Biblioteca de M\u00e9xico (Plaza de la Ciudadela, Centro, ciudad de M\u00e9xico; metro Balderas) ha sido la sede del ciclo de cine \u00abLa noche en la pantalla\u00bb, que ofrecer\u00e1 versiones f\u00edlmicas de varias obras cl\u00e1sicas de Edgar Allan Poe para continuar las celebraciones de su bicentenario. Las funciones ser\u00e1n a las 17:00 horas en el auditorio de la Biblioteca y la entrada costar\u00e1 seis pesos (es decir, pr\u00e1cticamente nada). Aqu\u00ed en <\/em>Las historias<em> concluyen hoy las notas sobre las pel\u00edculas, acompa\u00f1adas por los comentarios que escrib\u00ed para cada una de ellas.<\/em><\/p>\n<p><strong>EL VIERNES 21:<br \/>\n<em>LA M\u00c1SCARA DE LA MUERTE ROJA<\/em> (<em>THE MASQUE OF THE RED DEATH<\/em>, Inglaterra, 1962)<\/strong><\/p>\n<div align=center>[fusion_builder_container hundred_percent=\u00bbyes\u00bb overflow=\u00bbvisible\u00bb][fusion_builder_row][fusion_builder_column type=\u00bb1_1&#8243; background_position=\u00bbleft top\u00bb background_color=\u00bb\u00bb border_size=\u00bb\u00bb border_color=\u00bb\u00bb border_style=\u00bbsolid\u00bb spacing=\u00bbyes\u00bb background_image=\u00bb\u00bb background_repeat=\u00bbno-repeat\u00bb padding=\u00bb\u00bb margin_top=\u00bb0px\u00bb margin_bottom=\u00bb0px\u00bb class=\u00bb\u00bb id=\u00bb\u00bb animation_type=\u00bb\u00bb animation_speed=\u00bb0.3&#8243; animation_direction=\u00bbleft\u00bb hide_on_mobile=\u00bbno\u00bb center_content=\u00bbno\u00bb min_height=\u00bbnone\u00bb]<figure id=\"attachment_3725\" aria-describedby=\"caption-attachment-3725\" style=\"width: 399px\" class=\"wp-caption alignnone\"><img loading=\"lazy\" decoding=\"async\" data-attachment-id=\"3725\" data-permalink=\"https:\/\/www.lashistorias.com.mx\/index.php\/poe-en-el-cine-5\/masque2\/\" data-orig-file=\"https:\/\/www.lashistorias.com.mx\/wp-content\/uploads\/2009\/08\/masque2.jpg\" data-orig-size=\"399,257\" data-comments-opened=\"1\" data-image-meta=\"{&quot;aperture&quot;:&quot;0&quot;,&quot;credit&quot;:&quot;&quot;,&quot;camera&quot;:&quot;&quot;,&quot;caption&quot;:&quot;&quot;,&quot;created_timestamp&quot;:&quot;0&quot;,&quot;copyright&quot;:&quot;&quot;,&quot;focal_length&quot;:&quot;0&quot;,&quot;iso&quot;:&quot;0&quot;,&quot;shutter_speed&quot;:&quot;0&quot;,&quot;title&quot;:&quot;&quot;}\" data-image-title=\"La m\u00e1scara de la Muerte Roja\" data-image-description=\"\" data-image-caption=\"&lt;p&gt;La m\u00e1scara de la Muerte Roja&lt;\/p&gt;\n\" data-large-file=\"https:\/\/www.lashistorias.com.mx\/wp-content\/uploads\/2009\/08\/masque2.jpg\" src=\"https:\/\/www.lashistorias.com.mx\/wp-content\/uploads\/2009\/08\/masque2.jpg\" alt=\"La m\u00e1scara de la Muerte Roja\" title=\"La m\u00e1scara de la Muerte Roja\" width=\"399\" height=\"257\" class=\"size-full wp-image-3725\" srcset=\"https:\/\/www.lashistorias.com.mx\/wp-content\/uploads\/2009\/08\/masque2.jpg 399w, https:\/\/www.lashistorias.com.mx\/wp-content\/uploads\/2009\/08\/masque2-300x193.jpg 300w\" sizes=\"auto, (max-width: 399px) 100vw, 399px\" \/><figcaption id=\"caption-attachment-3725\" class=\"wp-caption-text\"><em>La m\u00e1scara de la Muerte Roja<\/em><\/figcaption><\/figure><\/div>\n<p><strong>Direcci\u00f3n:<\/strong> Roger Corman<br \/>\n<strong>Gui\u00f3n:<\/strong> Charles Beaumont y R. Wright Campbell<br \/>\n<strong>Int\u00e9rpretes:<\/strong> Vincent Price, Hazel Court, Jane Asher, David Weston, Nigel Green<br \/>\n<strong>Sinopsis:<\/strong> el pr\u00edncipe Pr\u00f3spero, gobernante desp\u00f3tico de un feudo del Medievo, se refugia con varios de sus cortesanos de una peste terrible \u2013la Muerte Roja\u2013 en su palacio, en el que se da lugar a todos los placeres y todas las formas de la depravaci\u00f3n. Devoto del satanismo, Pr\u00f3spero intenta corromper a Francesca, una pobre campesina, y a la vez asiste a la iniciaci\u00f3n y las \u201cbodas\u201d demoniacas de su amante, Juliana. Sin embargo, cuando Pr\u00f3spero ordena la celebraci\u00f3n de un baile de m\u00e1scaras, una serie de sucesos macabros y sobrenaturales amenaza con acabar con las vidas de todos.<\/p>\n<p><strong>COMENTARIO<\/strong><br \/>\nPara cerrar este ciclo, la mejor entre las adaptaciones f\u00edlmicas realizadas por Roger Corman y una de las m\u00e1s interesantes versiones f\u00edlmicas de la obra de Poe. Fotografiada de modo mucho m\u00e1s espectacular que <em>La tumba de Ligeia<\/em> por Nicolas Roeg \u2013el cineasta que m\u00e1s tarde dirigir\u00eda el cl\u00e1sico de culto <em>El hombre que cay\u00f3 a la Tierra<\/em> (1976)\u2013, la pel\u00edcula agrega al texto original de Poe la casi totalidad de \u201cHop-Frog\u201d, otro de sus cuentos m\u00e1s interesantes, y una caracterizaci\u00f3n mucho m\u00e1s detallada de Pr\u00f3spero y de la vida de su corte, por no hablar de la idea del satanismo, del todo ausente en Poe. Sin embargo, esto no s\u00f3lo sirve para justificar varias secuencias caprichosas de violencia: tambi\u00e9n introduce de manera en\u00e9rgica una reflexi\u00f3n sobre el mal, que parece ser el objetivo de varios personajes pero se revela como una aspiraci\u00f3n hueca al enfrentarse con la muerte, que supera y nulifica todas las pretensiones humanas. Otro detalle de gran inter\u00e9s: ninguno de los personajes de la pel\u00edcula (incluyendo al mismo Pr\u00f3spero) es totalmente \u201cbueno\u201d ni \u201cmalo\u201d: todos tienen complejidades y contradicciones que vuelven m\u00e1s problem\u00e1ticos sus actos.<br \/>\n&nbsp;&nbsp;&nbsp;&nbsp;&nbsp;&nbsp;El cuento del que proviene el argumento b\u00e1sico de la pel\u00edcula fue publicado con dos t\u00edtulos: en su primera edici\u00f3n, de 1842, se le conoci\u00f3 como \u201cThe Mask of the Red Death\u201d (\u201cLa m\u00e1scara de la Muerte Roja\u201d) y en la segunda (1845) con su t\u00edtulo m\u00e1s conocido, en el que la palabra masque se refiere a la mascarada: el baile de m\u00e1scaras. Ambos sentidos se preservan en esta pel\u00edcula, pero el primero es muy interesante porque Corman, a la hora de extender el enfrentamiento final entre Pr\u00f3spero y la Muerte, introduce el tema del doble, muy querido por Poe pero ausente en la versi\u00f3n original de esta historia. La observaci\u00f3n final de la Muerte: \u201ccada hombre es su propio Dios, y se crea su propio cielo o su propio infierno\u201d es un remate estremecedor a una historia que se aleja de toda posibilidad moralizante y propone varias cuestiones inc\u00f3modas, incluso hoy, sobre la responsabilidad individual y las posibilidades de cada ser humano ante la certidumbre de la muerte.[\/fusion_builder_column][\/fusion_builder_row][\/fusion_builder_container]\n","protected":false},"excerpt":{"rendered":"<p>Una pel\u00edcula cl\u00e1sica de Roger Corman y Vincent Price cierra el ciclo de cine en homenaje a Poe.<\/p>\n","protected":false},"author":1,"featured_media":0,"comment_status":"open","ping_status":"open","sticky":false,"template":"","format":"standard","meta":{"advanced_seo_description":"","jetpack_seo_html_title":"","jetpack_seo_noindex":false,"jetpack_post_was_ever_published":false,"_jetpack_newsletter_access":"","_jetpack_dont_email_post_to_subs":true,"_jetpack_newsletter_tier_id":0,"_jetpack_memberships_contains_paywalled_content":false,"_jetpack_memberships_contains_paid_content":false,"footnotes":"","jetpack_publicize_message":"","jetpack_publicize_feature_enabled":true,"jetpack_social_post_already_shared":false,"jetpack_social_options":{"image_generator_settings":{"template":"highway","default_image_id":0,"font":"","enabled":false},"version":2}},"categories":[3],"tags":[1465,856,1075,570,1437,2860,1471,142,25,1490,1489,2855,1488,1195,914,1063,1475,1432],"class_list":["post-3724","post","type-post","status-publish","format-standard","hentry","category-lo-nuevo","tag-adaptaciones","tag-biblioteca-de-mexico","tag-bicentenario-de-edgar-allan-poe","tag-breves","tag-ciclo-de-cine","tag-cine","tag-cine-britanico","tag-edgar-allan-poe","tag-escritores","tag-hop-frog","tag-la-mascara-de-la-muerte-roja","tag-literatura","tag-nicolas-roeg","tag-plaza-de-la-ciudadela","tag-poe2009","tag-roger-corman","tag-serie-b","tag-vincent-price"],"jetpack_publicize_connections":[],"jetpack_featured_media_url":"","jetpack_shortlink":"https:\/\/wp.me\/pjEhq-Y4","jetpack_sharing_enabled":true,"_links":{"self":[{"href":"https:\/\/www.lashistorias.com.mx\/index.php\/wp-json\/wp\/v2\/posts\/3724","targetHints":{"allow":["GET"]}}],"collection":[{"href":"https:\/\/www.lashistorias.com.mx\/index.php\/wp-json\/wp\/v2\/posts"}],"about":[{"href":"https:\/\/www.lashistorias.com.mx\/index.php\/wp-json\/wp\/v2\/types\/post"}],"author":[{"embeddable":true,"href":"https:\/\/www.lashistorias.com.mx\/index.php\/wp-json\/wp\/v2\/users\/1"}],"replies":[{"embeddable":true,"href":"https:\/\/www.lashistorias.com.mx\/index.php\/wp-json\/wp\/v2\/comments?post=3724"}],"version-history":[{"count":11,"href":"https:\/\/www.lashistorias.com.mx\/index.php\/wp-json\/wp\/v2\/posts\/3724\/revisions"}],"predecessor-version":[{"id":12829,"href":"https:\/\/www.lashistorias.com.mx\/index.php\/wp-json\/wp\/v2\/posts\/3724\/revisions\/12829"}],"wp:attachment":[{"href":"https:\/\/www.lashistorias.com.mx\/index.php\/wp-json\/wp\/v2\/media?parent=3724"}],"wp:term":[{"taxonomy":"category","embeddable":true,"href":"https:\/\/www.lashistorias.com.mx\/index.php\/wp-json\/wp\/v2\/categories?post=3724"},{"taxonomy":"post_tag","embeddable":true,"href":"https:\/\/www.lashistorias.com.mx\/index.php\/wp-json\/wp\/v2\/tags?post=3724"}],"curies":[{"name":"wp","href":"https:\/\/api.w.org\/{rel}","templated":true}]}}