{"id":3704,"date":"2009-08-19T08:22:08","date_gmt":"2009-08-19T13:22:08","guid":{"rendered":"http:\/\/www.lashistorias.com.mx\/?p=3704"},"modified":"2016-10-26T10:22:51","modified_gmt":"2016-10-26T15:22:51","slug":"poe-en-el-cine-3","status":"publish","type":"post","link":"https:\/\/www.lashistorias.com.mx\/index.php\/poe-en-el-cine-3\/","title":{"rendered":"Poe en el cine (3\/5): selecci\u00f3n de cortos"},"content":{"rendered":"<p><em>Durante toda esta semana, la Biblioteca de M\u00e9xico (Plaza de la Ciudadela, Centro, ciudad de M\u00e9xico; metro Balderas) ser\u00e1 la sede del ciclo de cine \u00abLa noche en la pantalla\u00bb, que ofrecer\u00e1 versiones f\u00edlmicas de varias obras cl\u00e1sicas de Edgar Allan Poe para continuar las celebraciones de su bicentenario. Las funciones ser\u00e1n a las 17:00 horas en el auditorio de la Biblioteca y la entrada costar\u00e1 seis pesos (es decir, pr\u00e1cticamente nada). Aqu\u00ed en <\/em>Las historias<em> aparecer\u00e1n, de lunes a viernes, notas sobre las pel\u00edculas, acompa\u00f1adas por los comentarios que escrib\u00ed para cada una de ellas.<\/em><\/p>\n<p><strong>EL MI\u00c9RCOLES 19: selecci\u00f3n de cortos<\/strong><\/p>\n<p><strong>EL GATO NEGRO (THE BLACK CAT, Estados Unidos, 2007)<\/strong><\/p>\n<div align=center>[fusion_builder_container hundred_percent=\u00bbyes\u00bb overflow=\u00bbvisible\u00bb][fusion_builder_row][fusion_builder_column type=\u00bb1_1&#8243; background_position=\u00bbleft top\u00bb background_color=\u00bb\u00bb border_size=\u00bb\u00bb border_color=\u00bb\u00bb border_style=\u00bbsolid\u00bb spacing=\u00bbyes\u00bb background_image=\u00bb\u00bb background_repeat=\u00bbno-repeat\u00bb padding=\u00bb\u00bb margin_top=\u00bb0px\u00bb margin_bottom=\u00bb0px\u00bb class=\u00bb\u00bb id=\u00bb\u00bb animation_type=\u00bb\u00bb animation_speed=\u00bb0.3&#8243; animation_direction=\u00bbleft\u00bb hide_on_mobile=\u00bbno\u00bb center_content=\u00bbno\u00bb min_height=\u00bbnone\u00bb]<figure id=\"attachment_3706\" aria-describedby=\"caption-attachment-3706\" style=\"width: 482px\" class=\"wp-caption alignnone\"><img loading=\"lazy\" decoding=\"async\" data-attachment-id=\"3706\" data-permalink=\"https:\/\/www.lashistorias.com.mx\/index.php\/poe-en-el-cine-3\/black_cat\/\" data-orig-file=\"https:\/\/www.lashistorias.com.mx\/wp-content\/uploads\/2009\/08\/black_cat.jpg\" data-orig-size=\"482,345\" data-comments-opened=\"1\" data-image-meta=\"{&quot;aperture&quot;:&quot;0&quot;,&quot;credit&quot;:&quot;&quot;,&quot;camera&quot;:&quot;&quot;,&quot;caption&quot;:&quot;&quot;,&quot;created_timestamp&quot;:&quot;0&quot;,&quot;copyright&quot;:&quot;&quot;,&quot;focal_length&quot;:&quot;0&quot;,&quot;iso&quot;:&quot;0&quot;,&quot;shutter_speed&quot;:&quot;0&quot;,&quot;title&quot;:&quot;&quot;}\" data-image-title=\"El gato negro\" data-image-description=\"\" data-image-caption=\"&lt;p&gt;sjdjkds yt lkjasdjklsad en &lt;em&gt;El gato negro&lt;\/em&gt;&lt;\/p&gt;\n\" data-large-file=\"https:\/\/www.lashistorias.com.mx\/wp-content\/uploads\/2009\/08\/black_cat.jpg\" src=\"https:\/\/www.lashistorias.com.mx\/wp-content\/uploads\/2009\/08\/black_cat.jpg\" alt=\"Jeffrey Combs en &#038;quotEl gato negro&quot;\" title=\"El gato negro\" width=\"482\" height=\"345\" class=\"size-full wp-image-3706\" srcset=\"https:\/\/www.lashistorias.com.mx\/wp-content\/uploads\/2009\/08\/black_cat.jpg 482w, https:\/\/www.lashistorias.com.mx\/wp-content\/uploads\/2009\/08\/black_cat-300x214.jpg 300w\" sizes=\"auto, (max-width: 482px) 100vw, 482px\" \/><figcaption id=\"caption-attachment-3706\" class=\"wp-caption-text\">Jeffrey Combs en <em>El gato negro<\/em><\/figcaption><\/figure><\/div>\n<p><strong>Direcci\u00f3n:<\/strong> Stuart Gordon<br \/>\n<strong>Gui\u00f3n:<\/strong> Dennis Paoli<br \/>\n<strong>Int\u00e9rpretes:<\/strong> Jeffrey Combs, Patrick Gallagher, Aron Tager, Eric Keenleyside<br \/>\n<strong>Sinopsis:<\/strong> Edgar Allan Poe, el famoso escritor de historias de miedo, est\u00e1 pasando por una mala racha creativa y bebe para olvidar su mala situaci\u00f3n. A la vez, se obsesiona con el gato de su esposa, que se convierte en el punto focal de sus frustraciones. Mientras pierde poco a poco la cordura y se acerca a una racha de violencia homicida, tambi\u00e9n se aproxima a escribir una de sus grandes obras.<\/p>\n<p><strong><em>LA CA\u00cdDA DE LA CASA DE USHER <\/em> (<em>Z\u00c1NIK DOMU USHERU<\/em>, Checoslovaquia, 1981)<\/strong><\/p>\n<div align=center>[\/fusion_builder_column][fusion_builder_column type=\u00bb1_1&#8243; background_position=\u00bbleft top\u00bb background_color=\u00bb\u00bb border_size=\u00bb\u00bb border_color=\u00bb\u00bb border_style=\u00bbsolid\u00bb spacing=\u00bbyes\u00bb background_image=\u00bb\u00bb background_repeat=\u00bbno-repeat\u00bb padding=\u00bb\u00bb margin_top=\u00bb0px\u00bb margin_bottom=\u00bb0px\u00bb class=\u00bb\u00bb id=\u00bb\u00bb animation_type=\u00bb\u00bb animation_speed=\u00bb0.3&#8243; animation_direction=\u00bbleft\u00bb hide_on_mobile=\u00bbno\u00bb center_content=\u00bbno\u00bb min_height=\u00bbnone\u00bb]<figure id=\"attachment_3707\" aria-describedby=\"caption-attachment-3707\" style=\"width: 350px\" class=\"wp-caption alignnone\"><img loading=\"lazy\" decoding=\"async\" data-attachment-id=\"3707\" data-permalink=\"https:\/\/www.lashistorias.com.mx\/index.php\/poe-en-el-cine-3\/usher\/\" data-orig-file=\"https:\/\/www.lashistorias.com.mx\/wp-content\/uploads\/2009\/08\/usher.jpg\" data-orig-size=\"350,218\" data-comments-opened=\"1\" data-image-meta=\"{&quot;aperture&quot;:&quot;0&quot;,&quot;credit&quot;:&quot;&quot;,&quot;camera&quot;:&quot;&quot;,&quot;caption&quot;:&quot;&quot;,&quot;created_timestamp&quot;:&quot;0&quot;,&quot;copyright&quot;:&quot;&quot;,&quot;focal_length&quot;:&quot;0&quot;,&quot;iso&quot;:&quot;0&quot;,&quot;shutter_speed&quot;:&quot;0&quot;,&quot;title&quot;:&quot;&quot;}\" data-image-title=\"La ca\u00edda de la casa de Usher\" data-image-description=\"\" data-image-caption=\"&lt;p&gt;La ca\u00edda de la casa de Usher&lt;\/p&gt;\n\" data-large-file=\"https:\/\/www.lashistorias.com.mx\/wp-content\/uploads\/2009\/08\/usher.jpg\" src=\"https:\/\/www.lashistorias.com.mx\/wp-content\/uploads\/2009\/08\/usher.jpg\" alt=\"La ca\u00edda de la casa de Usher\" title=\"La ca\u00edda de la casa de Usher\" width=\"350\" height=\"218\" class=\"size-full wp-image-3707\" srcset=\"https:\/\/www.lashistorias.com.mx\/wp-content\/uploads\/2009\/08\/usher.jpg 350w, https:\/\/www.lashistorias.com.mx\/wp-content\/uploads\/2009\/08\/usher-300x186.jpg 300w\" sizes=\"auto, (max-width: 350px) 100vw, 350px\" \/><figcaption id=\"caption-attachment-3707\" class=\"wp-caption-text\"><em>La ca\u00edda de la casa de Usher<\/em><\/figcaption><\/figure><\/div>\n<p><strong>Direcci\u00f3n y gui\u00f3n:<\/strong> Jan Svankmajer<br \/>\n<strong>Int\u00e9rprete:<\/strong> Petr Cepek (narraci\u00f3n)<br \/>\n<strong>Sinopsis:<\/strong> \u201cLa ca\u00edda de la Casa de Usher\u201d es representada sin actores, por medio de una serie de escenas animadas que acompa\u00f1an a una lectura del texto del cuento y muestran una vieja mansi\u00f3n donde todo \u2013 sillas y ata\u00fades, clavos y armarios; las paredes, la tierra misma\u2013 vive y se mueve. La destrucci\u00f3n de los objetos simboliza la de los seres humanos que los utilizan y les dan sentido.<\/p>\n<p><strong><em>EL P\u00c9NDULO, EL POZO Y LA ESPERANZA<\/em> (<em>KYVADLO, J\u00c1MA A NADEJE<\/em>, Checoslovaquia, 1983)<\/strong><\/p>\n<div align=center>[\/fusion_builder_column][fusion_builder_column type=\u00bb1_1&#8243; background_position=\u00bbleft top\u00bb background_color=\u00bb\u00bb border_size=\u00bb\u00bb border_color=\u00bb\u00bb border_style=\u00bbsolid\u00bb spacing=\u00bbyes\u00bb background_image=\u00bb\u00bb background_repeat=\u00bbno-repeat\u00bb padding=\u00bb\u00bb margin_top=\u00bb0px\u00bb margin_bottom=\u00bb0px\u00bb class=\u00bb\u00bb id=\u00bb\u00bb animation_type=\u00bb\u00bb animation_speed=\u00bb0.3&#8243; animation_direction=\u00bbleft\u00bb hide_on_mobile=\u00bbno\u00bb center_content=\u00bbno\u00bb min_height=\u00bbnone\u00bb]<figure id=\"attachment_3710\" aria-describedby=\"caption-attachment-3710\" style=\"width: 300px\" class=\"wp-caption alignnone\"><img loading=\"lazy\" decoding=\"async\" data-attachment-id=\"3710\" data-permalink=\"https:\/\/www.lashistorias.com.mx\/index.php\/poe-en-el-cine-3\/kyvadlo2\/\" data-orig-file=\"https:\/\/www.lashistorias.com.mx\/wp-content\/uploads\/2009\/08\/kyvadlo2.jpg\" data-orig-size=\"300,225\" data-comments-opened=\"1\" data-image-meta=\"{&quot;aperture&quot;:&quot;0&quot;,&quot;credit&quot;:&quot;&quot;,&quot;camera&quot;:&quot;&quot;,&quot;caption&quot;:&quot;&quot;,&quot;created_timestamp&quot;:&quot;0&quot;,&quot;copyright&quot;:&quot;&quot;,&quot;focal_length&quot;:&quot;0&quot;,&quot;iso&quot;:&quot;0&quot;,&quot;shutter_speed&quot;:&quot;0&quot;,&quot;title&quot;:&quot;&quot;}\" data-image-title=\"El p\u00e9ndulo, el pozo y la esperanza\" data-image-description=\"\" data-image-caption=\"&lt;p&gt;El p\u00e9ndulo, el pozo y la esperanza&lt;\/p&gt;\n\" data-large-file=\"https:\/\/www.lashistorias.com.mx\/wp-content\/uploads\/2009\/08\/kyvadlo2.jpg\" src=\"https:\/\/www.lashistorias.com.mx\/wp-content\/uploads\/2009\/08\/kyvadlo2.jpg\" alt=\"El p\u00e9ndulo, el pozo y la esperanza\" title=\"El p\u00e9ndulo, el pozo y la esperanza\" width=\"300\" height=\"225\" class=\"size-full wp-image-3710\" \/><figcaption id=\"caption-attachment-3710\" class=\"wp-caption-text\">El p\u00e9ndulo, el pozo y la esperanza<\/figcaption><\/figure><\/div>\n<p><strong>Direcci\u00f3n y gui\u00f3n:<\/strong> Jan Svankmajer<br \/>\n<strong>Int\u00e9rprete:<\/strong> Jan Z\u00e1cek<br \/>\n<strong>Sinopsis:<\/strong> un prisionero de la Inquisici\u00f3n es condenado a morir lentamente en un aparato de tortura atroz: si consigue desatarse antes de que un p\u00e9ndulo que desciende hacia \u00e9l lo parta en dos, tendr\u00e1 que hallar la manera de evitar que las paredes de la celda, que se cierran, lo empujen a un pozo sin fondo. Y aun si consigue escapar a esto, tal vez no tendr\u00e1 la posibilidad de salvarse.<\/p>\n<p><strong>COMENTARIO<\/strong><br \/>\nLas tres adaptaciones de hoy son versiones sumamente libres de las obras en las que se basan y representan extremos, visiones muy personales de la obra de Poe hechas por creadores muy respetados en sus respectivos campos (y ambos provocadores y pol\u00edticamente incorrectos) pero distintos entre s\u00ed.<br \/>\n<em>El gato negro<\/em>, versi\u00f3n muy libre del cuento del mismo t\u00edtulo (1843), se estren\u00f3 en televisi\u00f3n dentro de la segunda temporada de <em>Masters of Horror<\/em>, una serie antol\u00f3gica en la que participaron diversos directores de prestigio. Stuart Gordon, director de culto conocido principalmente por sus adaptaciones de la obra de H. P. Lovecraft, elige aqu\u00ed utilizar la leyenda m\u00e1s antip\u00e1tica y falsa de Poe: la del demente depravado que toma todas sus historias de su locura real, para convertir al autor en personaje de sus propias ficciones. El resultado es a la vez truculento y contenido: una descripci\u00f3n de las profundidades m\u00e1s oscuras del alma.<br \/>\n&nbsp;&nbsp;&nbsp;&nbsp;&nbsp;&nbsp;En cuanto a los filmes de Jan Svankmajer, \u00e9ste es otro tipo de autor secreto: uno de los grandes maestros de todos los tiempos del cine de animaci\u00f3n, muy alejado de la \u00f1o\u00f1ez y la uniformidad t\u00e9cnica y argumental de los productos de Hollywood, y en estos dos cortos \u2013parte de uno de sus mejores y m\u00e1s fecundos periodos como realizador\u2013 se apropia de Poe y lo usa como un ingrediente m\u00e1s en dos representaciones muy cr\u00edticas de la realidad, incluyendo la realidad pol\u00edtica.<br \/>\n&nbsp;&nbsp;&nbsp;&nbsp;&nbsp;&nbsp;En <em>El p\u00e9ndulo, el pozo y la esperanza<\/em> &#8211;que funde \u201cEl pozo y el p\u00e9ndulo\u201d (1842) de Poe con \u201cLa esperanza\u201d (1886), un cuento del escritor simbolista franc\u00e9s Auguste Villiers de l\u2019Isle Adam&#8211;, Svankmajer opina sobre la opresi\u00f3n totalitaria al mostrarla desde el punto de vista de una de sus v\u00edctimas. Literalmente, durante toda la pel\u00edcula s\u00f3lo vemos sus manos, sus pies, por un momento su pecho, como si fu\u00e9ramos \u00e9l mientras intenta librarse del aparato de tortura y encontrar una salida de su encierro; de pronto escuchamos sus gemidos, su respiraci\u00f3n\u2026 Al contar la historia de forma tan ce\u00f1ida, el director nos obliga a participar como espectadores de todo el horror de la situaci\u00f3n y de todas las percepciones de su personaje, incluyendo la decrepitud del mundo que lo rodea, visible (enfatizada) en las texturas de las cosas, que la fotograf\u00eda en blanco y negro vuelve m\u00e1s tremendas. <em>La ca\u00edda de la Casa de Usher<\/em>, por su parte, es toda texturas y estados diversos de la materia inanimada, que cobra vida gracias a la pericia de Svankmajer y su colaborador, el animador <a href=\"http:\/\/www.bedrichglaser.cz\/en\/animations.htm\">Bedrich Glaser<\/a>. El tema de la decadencia que antecede a la muerte, tan importante en el cuento de Poe, se muestra aqu\u00ed en un mundo donde, al contrario de lo que sucede en El p\u00e9ndulo, el pozo y la esperanza, no hay un solo cuerpo humano, y en cambio la materia inanimada adquiere todas las caracter\u00edsticas de los cuerpos vivientes para mostrarnos una agon\u00eda que parece abarcar el universo entero.[\/fusion_builder_column][\/fusion_builder_row][\/fusion_builder_container]\n","protected":false},"excerpt":{"rendered":"<p>Para hoy, mi\u00e9rcoles, una selecci\u00f3n de cortos de Stuart Gordon y Jan Svankmajer en el ciclo de cine en homenaje a Poe.<\/p>\n","protected":false},"author":1,"featured_media":0,"comment_status":"open","ping_status":"open","sticky":false,"template":"","format":"standard","meta":{"advanced_seo_description":"","jetpack_seo_html_title":"","jetpack_seo_noindex":false,"jetpack_post_was_ever_published":false,"_jetpack_newsletter_access":"","_jetpack_dont_email_post_to_subs":true,"_jetpack_newsletter_tier_id":0,"_jetpack_memberships_contains_paywalled_content":false,"_jetpack_memberships_contains_paid_content":false,"footnotes":"","jetpack_publicize_message":"","jetpack_publicize_feature_enabled":true,"jetpack_social_post_already_shared":false,"jetpack_social_options":{"image_generator_settings":{"template":"highway","default_image_id":0,"font":"","enabled":false},"version":2}},"categories":[3],"tags":[1465,856,1075,570,1437,2860,1477,1476,1480,142,25,307,2855,1478,1195,914,1464,515,1479],"class_list":["post-3704","post","type-post","status-publish","format-standard","hentry","category-lo-nuevo","tag-adaptaciones","tag-biblioteca-de-mexico","tag-bicentenario-de-edgar-allan-poe","tag-breves","tag-ciclo-de-cine","tag-cine","tag-cine-checo","tag-cine-estadounidense","tag-cortometrajes","tag-edgar-allan-poe","tag-escritores","tag-jan-svankmajer","tag-literatura","tag-peliculas-para-television","tag-plaza-de-la-ciudadela","tag-poe2009","tag-stuart-gordon","tag-surrealismo","tag-villiers-de-lisle-adam"],"jetpack_publicize_connections":[],"jetpack_featured_media_url":"","jetpack_shortlink":"https:\/\/wp.me\/pjEhq-XK","jetpack_sharing_enabled":true,"_links":{"self":[{"href":"https:\/\/www.lashistorias.com.mx\/index.php\/wp-json\/wp\/v2\/posts\/3704","targetHints":{"allow":["GET"]}}],"collection":[{"href":"https:\/\/www.lashistorias.com.mx\/index.php\/wp-json\/wp\/v2\/posts"}],"about":[{"href":"https:\/\/www.lashistorias.com.mx\/index.php\/wp-json\/wp\/v2\/types\/post"}],"author":[{"embeddable":true,"href":"https:\/\/www.lashistorias.com.mx\/index.php\/wp-json\/wp\/v2\/users\/1"}],"replies":[{"embeddable":true,"href":"https:\/\/www.lashistorias.com.mx\/index.php\/wp-json\/wp\/v2\/comments?post=3704"}],"version-history":[{"count":15,"href":"https:\/\/www.lashistorias.com.mx\/index.php\/wp-json\/wp\/v2\/posts\/3704\/revisions"}],"predecessor-version":[{"id":12832,"href":"https:\/\/www.lashistorias.com.mx\/index.php\/wp-json\/wp\/v2\/posts\/3704\/revisions\/12832"}],"wp:attachment":[{"href":"https:\/\/www.lashistorias.com.mx\/index.php\/wp-json\/wp\/v2\/media?parent=3704"}],"wp:term":[{"taxonomy":"category","embeddable":true,"href":"https:\/\/www.lashistorias.com.mx\/index.php\/wp-json\/wp\/v2\/categories?post=3704"},{"taxonomy":"post_tag","embeddable":true,"href":"https:\/\/www.lashistorias.com.mx\/index.php\/wp-json\/wp\/v2\/tags?post=3704"}],"curies":[{"name":"wp","href":"https:\/\/api.w.org\/{rel}","templated":true}]}}