{"id":3672,"date":"2009-08-14T17:03:15","date_gmt":"2009-08-14T22:03:15","guid":{"rendered":"http:\/\/www.lashistorias.com.mx\/?p=3672"},"modified":"2016-10-26T10:22:54","modified_gmt":"2016-10-26T15:22:54","slug":"caza-de-letras-iii","status":"publish","type":"post","link":"https:\/\/www.lashistorias.com.mx\/index.php\/caza-de-letras-iii\/","title":{"rendered":"Caza de Letras III: concurso internacional"},"content":{"rendered":"<p>El concurso-taller virtual Caza de Letras se abre una vez m\u00e1s. La nueva convocatoria, la tercera, invita a cualquier persona interesada y que escriba en espa\u00f1ol <em>sin importar su nacionalidad ni lugar de residencia<\/em>. En esta ocasi\u00f3n se trabajar\u00e1 con un proyecto de libro de cuentos y el premio ser\u00e1 de $100,000 m\u00e1s la publicaci\u00f3n del trabajo ganador en Editorial Alfaguara. El concurso est\u00e1 organizado por la <a href=\"http:\/\/www.literatura.unam.mx\/\">Direcci\u00f3n de Literatura de la UNAM<\/a> y las bases pueden consultarse en <a href=\"http:\/\/www.literatura.unam.mx\/images\/stories\/pdf\/convocatoria-caza.pdf\">este archivo PDF<\/a> o bien al final de esta misma nota. Pr\u00f3ximamente el sitio del concurso estar\u00e1 en l\u00ednea con un redise\u00f1o que se propone hacerlo m\u00e1s \u00e1gil.<\/p>\n<p><img loading=\"lazy\" decoding=\"async\" data-attachment-id=\"3673\" data-permalink=\"https:\/\/www.lashistorias.com.mx\/index.php\/caza-de-letras-iii\/logo-cazadeletras\/\" data-orig-file=\"https:\/\/www.lashistorias.com.mx\/wp-content\/uploads\/2009\/08\/logo-cazadeletras.jpg\" data-orig-size=\"200,178\" data-comments-opened=\"1\" data-image-meta=\"{&quot;aperture&quot;:&quot;0&quot;,&quot;credit&quot;:&quot;&quot;,&quot;camera&quot;:&quot;&quot;,&quot;caption&quot;:&quot;&quot;,&quot;created_timestamp&quot;:&quot;0&quot;,&quot;copyright&quot;:&quot;&quot;,&quot;focal_length&quot;:&quot;0&quot;,&quot;iso&quot;:&quot;0&quot;,&quot;shutter_speed&quot;:&quot;0&quot;,&quot;title&quot;:&quot;&quot;}\" data-image-title=\"Caza de Letras\" data-image-description=\"\" data-image-caption=\"\" data-large-file=\"https:\/\/www.lashistorias.com.mx\/wp-content\/uploads\/2009\/08\/logo-cazadeletras.jpg\" src=\"https:\/\/www.lashistorias.com.mx\/wp-content\/uploads\/2009\/08\/logo-cazadeletras.jpg\" alt=\"Caza de Letras\" title=\"Caza de Letras\" width=\"200\" height=\"178\" class=\"alignnone size-full wp-image-3673\" \/><\/p>\n<p>Los jueces de este a\u00f1o seremos Guadalupe Nettel, Mart\u00edn Solares y yo. Adem\u00e1s, el concurso podr\u00e1 seguirse no s\u00f3lo en el sitio web sino por medio de <a href=\"http:\/\/www.facebook.com\/cazadeletras\">Facebook<\/a> y <a href=\"http:\/\/twitter.com\/cazadeletras\">Twitter<\/a>. Ojal\u00e1 se animen a participar, ya sea concursando, leyendo o criticando. Los dos concursos anteriores han sido experiencias muy intensas y muy enriquecedoras y \u00e9ste sin duda lo ser\u00e1 tambi\u00e9n.<\/p>\n<p>Aqu\u00ed las bases del concurso:<\/p>\n<blockquote><p>La Coordinaci\u00f3n de Difusi\u00f3n Cultural de la UNAM<br \/>\na trav\u00e9s de la Direcci\u00f3n de Literatura<br \/>\nconvoca al<\/p>\n<p><strong>Tercer Virtuality Literario Caza de Letras<\/strong><br \/>\nwww.cazadeletras.unam.mx<\/p>\n<p>Caza de Letras es un Concurso-Taller en l\u00ednea de cuento que ser\u00e1 dirigido por tres escritores, que tambi\u00e9n se desempe\u00f1ar\u00e1n como jurado, durante 7 semanas<\/p>\n<p>BASES:<\/p>\n<p>Primera etapa. Registro<br \/>\nDel mi\u00e9rcoles 2 al lunes 14 de septiembre de 2009<\/p>\n<p>1. Podr\u00e1n participar escritores en lengua espa\u00f1ola de hasta 40 a\u00f1os con un libro de cuentos en proceso.<br \/>\n2. Los participantes de las anteriores emisiones del Virtuality Literario Caza de Letras podr\u00e1n concursar nuevamente siempre y cuando utilicen seud\u00f3nimo e imagen de identificaci\u00f3n (ex libris) diferentes.<br \/>\n3. No podr\u00e1n participar escritores que tengan parentesco directo con los organizadores, ni aquellos que actualmente laboren en la Coordinaci\u00f3n de Difusi\u00f3n Cultural de la UNAM o alguna de sus dependencias.<br \/>\n4. El registro de aspirantes quedar\u00e1 abierto del mi\u00e9rcoles 2 al lunes 14 de septiembre de 2009 en la p\u00e1gina www.cazadeletras.unam.mx<br \/>\n5. Los autores deber\u00e1n llenar una ficha de registro con los datos siguientes:<\/p>\n<p>a) Seud\u00f3nimo<br \/>\nb) Nombre<br \/>\nc) Nacionalidad<br \/>\nd) Tipo y n\u00famero de documento oficial de identidad<br \/>\ne) Direcci\u00f3n<br \/>\nf) Tel\u00e9fono(s)<br \/>\ng) Correo electr\u00f3nico<\/p>\n<p>6. El registro tambi\u00e9n incluir\u00e1 la informaci\u00f3n siguiente:<\/p>\n<p>a) Una breve semblanza curricular.<br \/>\nb) Al menos tres referencias biblio-hemerogr\u00e1ficas de publicaciones de textos literarios de su autor\u00eda (libros individuales y\/o colectivos, rese\u00f1as, ensayos, cuentos, poemas, art\u00edculos en peri\u00f3dicos o revistas, textos incluidos en antolog\u00edas de cualquier g\u00e9nero literario; se contar\u00e1n antolog\u00edas y revistas en internet).<br \/>\nc) T\u00edtulo y descripci\u00f3n del libro de cuentos en proceso.<br \/>\nd) Un libro de cuentos en proceso, rigurosamente in\u00e9dito, del que ning\u00fan texto haya sido premiado ni se encuentre en dictamen editorial. La extensi\u00f3n m\u00ednima debe ser de 70 cuartillas. El material deber\u00e1 entregarse en formato Word (.doc) con tipograf\u00eda Courier de 12 puntos a doble espacio.<br \/>\ne) Una biograf\u00eda del seud\u00f3nimo elegido por el concursante, es decir, la historia imaginada del personaje bajo cuya identidad se amparar\u00e1 durante el tiempo que dure su participaci\u00f3n en el concurso. Esta biograf\u00eda podr\u00e1 medir hasta 2,000 caracteres con espacios.<\/p>\n<p>Nota: Los cuentos participantes no deber\u00e1n haber sido publicados con anterioridad en medios impresos (libros, revistas, etc\u00e9tera) ni electr\u00f3nicos (revistas digitales, sitios institucionales y portales), y no podr\u00e1n, bajo ninguna circunstancia, estar inscritos en ning\u00fan otro concurso ni en proceso de dictamen editorial.<\/p>\n<p>Segunda etapa. Selecci\u00f3n<br \/>\nDel mi\u00e9rcoles 2 de septiembre al lunes 21 de septiembre 2009<\/p>\n<p>1. Un comit\u00e9 dictaminador elegir\u00e1 a los 12 participantes del concurso-taller.<br \/>\n2. La Direcci\u00f3n de Literatura dar\u00e1 a conocer oportunamente los seud\u00f3nimos de los participantes y los nombres de los miembros del jurado.<br \/>\n3. Antes del inicio del concurso, los autores seleccionados deber\u00e1n entregar o enviar a la Direcci\u00f3n de Literatura de la UNAM una carta en la que el participante manifieste que ninguno de los cuentos de su libro en proceso est\u00e1 inscrito en otro certamen literario o en dictamen editorial, as\u00ed como copia impresa o digital del documento de identidad que haya utilizado para el registro, o de lo contrario quedar\u00e1 autom\u00e1ticamente descalificado.<\/p>\n<p>Tercera etapa. Desarrollo<br \/>\nDel mi\u00e9rcoles 7 de octubre al mi\u00e9rcoles 25 de noviembre de 2009<\/p>\n<p>1. Los escritores seleccionados recibir\u00e1n una cuenta de blog ligada al portal www.cazadeletras.unam.mx, en la cual se identificar\u00e1n \u00fanicamente con seud\u00f3nimo y ex libris.<br \/>\n2. Cada concursante trabajar\u00e1 a trav\u00e9s del Blog Taller con los miembros del jurado.<br \/>\n3. Durante las 7 semanas del concurso, los participantes deber\u00e1n publicar los ejercicios solicitados por el jurado en su respectivo blog.<br \/>\n4. Cada participante deber\u00e1 responder en l\u00ednea, oportuna y p\u00fablicamente, las dudas y comentarios tanto de los miembros del jurado como de los lectores de sus textos y ejercicios, sin estar obligados a dar respuesta a ofensas o invectivas.<br \/>\n5. Con base en el desempe\u00f1o de los participantes, el jurado elegir\u00e1 peri\u00f3dicamente a varios para salir del concurso. Estos se someter\u00e1n a la votaci\u00f3n del jurado y del p\u00fablico para salir o permanecer en el taller.<br \/>\n6. Las expulsiones se decidir\u00e1n seg\u00fan los votos del jurado y del p\u00fablico, de manera que lleguen a la final al menos tres participantes, de los cuales se premiar\u00e1 a uno.<br \/>\n7. El jurado estar\u00e1 compuesto por tres escritores de trayectoria reconocida.<br \/>\n8. El jurado tendr\u00e1 la facultad inapelable de nominar para expulsi\u00f3n a quien considere pertinente. Los seud\u00f3nimos de los participantes eliminados de Caza de Letras, as\u00ed como los de los participantes nominados para la siguiente expulsi\u00f3n, se dar\u00e1n a conocer peri\u00f3dicamente.<br \/>\n9. El fallo del jurado ser\u00e1 inapelable.<br \/>\n10. El ganador recibir\u00e1 un premio \u00fanico de $ 100 000.00 pesos M.N. y la publicaci\u00f3n del libro en coedici\u00f3n UNAM\/Alfaguara.<br \/>\n11. Cualquier punto no contemplado en la presente convocatoria ser\u00e1 resuelto por el jurado y los organizadores.<\/p>\n<p>\u201cPOR MI RAZA HABLAR\u00c1 EL ESP\u00cdRITU\u201d<br \/>\nCiudad Universitaria, a 14 de agosto de 2009<\/p><\/blockquote>\n","protected":false},"excerpt":{"rendered":"<p>La nueva edici\u00f3n del concurso-taller virtual Caza de Letras abre su convocatoria hoy. En esta ocasi\u00f3n el concurso se abre a todos los escritores de habla espa\u00f1ola, sin importar nacionalidad ni lugar de residencia.<\/p>\n","protected":false},"author":1,"featured_media":0,"comment_status":"open","ping_status":"open","sticky":false,"template":"","format":"standard","meta":{"advanced_seo_description":"","jetpack_seo_html_title":"","jetpack_seo_noindex":false,"jetpack_post_was_ever_published":false,"_jetpack_newsletter_access":"","_jetpack_dont_email_post_to_subs":true,"_jetpack_newsletter_tier_id":0,"_jetpack_memberships_contains_paywalled_content":false,"_jetpack_memberships_contains_paid_content":false,"footnotes":"","jetpack_publicize_message":"","jetpack_publicize_feature_enabled":true,"jetpack_social_post_already_shared":false,"jetpack_social_options":{"image_generator_settings":{"template":"highway","default_image_id":0,"font":"","enabled":false},"version":2}},"categories":[23,3],"tags":[586,18,570,91,1501,818,21,22,1466,681,8,2855,382,1296,795,535],"class_list":["post-3672","post","type-post","status-publish","format-standard","hentry","category-cursos-y-talleres","category-lo-nuevo","tag-alfaguara","tag-blogosfera","tag-breves","tag-caza-de-letras","tag-concurso-internacional","tag-concursos","tag-convocatorias","tag-cuento","tag-facebook","tag-guadalupe-nettel","tag-internet","tag-literatura","tag-martin-solares","tag-taller-virtual","tag-twitter","tag-unam"],"jetpack_publicize_connections":[],"jetpack_featured_media_url":"","jetpack_shortlink":"https:\/\/wp.me\/pjEhq-Xe","jetpack_sharing_enabled":true,"_links":{"self":[{"href":"https:\/\/www.lashistorias.com.mx\/index.php\/wp-json\/wp\/v2\/posts\/3672","targetHints":{"allow":["GET"]}}],"collection":[{"href":"https:\/\/www.lashistorias.com.mx\/index.php\/wp-json\/wp\/v2\/posts"}],"about":[{"href":"https:\/\/www.lashistorias.com.mx\/index.php\/wp-json\/wp\/v2\/types\/post"}],"author":[{"embeddable":true,"href":"https:\/\/www.lashistorias.com.mx\/index.php\/wp-json\/wp\/v2\/users\/1"}],"replies":[{"embeddable":true,"href":"https:\/\/www.lashistorias.com.mx\/index.php\/wp-json\/wp\/v2\/comments?post=3672"}],"version-history":[{"count":9,"href":"https:\/\/www.lashistorias.com.mx\/index.php\/wp-json\/wp\/v2\/posts\/3672\/revisions"}],"predecessor-version":[{"id":5550,"href":"https:\/\/www.lashistorias.com.mx\/index.php\/wp-json\/wp\/v2\/posts\/3672\/revisions\/5550"}],"wp:attachment":[{"href":"https:\/\/www.lashistorias.com.mx\/index.php\/wp-json\/wp\/v2\/media?parent=3672"}],"wp:term":[{"taxonomy":"category","embeddable":true,"href":"https:\/\/www.lashistorias.com.mx\/index.php\/wp-json\/wp\/v2\/categories?post=3672"},{"taxonomy":"post_tag","embeddable":true,"href":"https:\/\/www.lashistorias.com.mx\/index.php\/wp-json\/wp\/v2\/tags?post=3672"}],"curies":[{"name":"wp","href":"https:\/\/api.w.org\/{rel}","templated":true}]}}