{"id":3659,"date":"2009-08-14T16:31:09","date_gmt":"2009-08-14T21:31:09","guid":{"rendered":"http:\/\/www.lashistorias.com.mx\/?p=3659"},"modified":"2016-10-26T10:22:54","modified_gmt":"2016-10-26T15:22:54","slug":"la-noche-en-la-pantalla-poe-en-el-cine","status":"publish","type":"post","link":"https:\/\/www.lashistorias.com.mx\/index.php\/la-noche-en-la-pantalla-poe-en-el-cine\/","title":{"rendered":"La noche en la pantalla: Poe en el cine"},"content":{"rendered":"<p>Todos est\u00e1n invitados: la pr\u00f3xima semana, del lunes 17 al viernes 21, la Biblioteca de M\u00e9xico ofrecer\u00e1 un ciclo de cine: \u00abLa noche en la pantalla\u00bb, dedicado a mostrar algunas de las m\u00e1s importantes adaptaciones f\u00edlmicas de la obra de Edgar Allan Poe. La cita es a las 17:00 horas, todos los d\u00edas, en el auditorio de la Biblioteca, situada en la Plaza de la Ciudadela, en el Centro Hist\u00f3rico de la ciudad de M\u00e9xico, afuera de la estaci\u00f3n del metro Balderas.<\/p>\n<div align=center>[fusion_builder_container hundred_percent=\u00bbyes\u00bb overflow=\u00bbvisible\u00bb][fusion_builder_row][fusion_builder_column type=\u00bb1_1&#8243; background_position=\u00bbleft top\u00bb background_color=\u00bb\u00bb border_size=\u00bb\u00bb border_color=\u00bb\u00bb border_style=\u00bbsolid\u00bb spacing=\u00bbyes\u00bb background_image=\u00bb\u00bb background_repeat=\u00bbno-repeat\u00bb padding=\u00bb\u00bb margin_top=\u00bb0px\u00bb margin_bottom=\u00bb0px\u00bb class=\u00bb\u00bb id=\u00bb\u00bb animation_type=\u00bb\u00bb animation_speed=\u00bb0.3&#8243; animation_direction=\u00bbleft\u00bb hide_on_mobile=\u00bbno\u00bb center_content=\u00bbno\u00bb min_height=\u00bbnone\u00bb]<figure id=\"attachment_3664\" aria-describedby=\"caption-attachment-3664\" style=\"width: 392px\" class=\"wp-caption alignnone\"><img loading=\"lazy\" decoding=\"async\" data-attachment-id=\"3664\" data-permalink=\"https:\/\/www.lashistorias.com.mx\/index.php\/la-noche-en-la-pantalla-poe-en-el-cine\/masque\/\" data-orig-file=\"https:\/\/www.lashistorias.com.mx\/wp-content\/uploads\/2009\/08\/masque.jpg\" data-orig-size=\"392,180\" data-comments-opened=\"1\" data-image-meta=\"{&quot;aperture&quot;:&quot;0&quot;,&quot;credit&quot;:&quot;&quot;,&quot;camera&quot;:&quot;&quot;,&quot;caption&quot;:&quot;&quot;,&quot;created_timestamp&quot;:&quot;0&quot;,&quot;copyright&quot;:&quot;&quot;,&quot;focal_length&quot;:&quot;0&quot;,&quot;iso&quot;:&quot;0&quot;,&quot;shutter_speed&quot;:&quot;0&quot;,&quot;title&quot;:&quot;&quot;}\" data-image-title=\"Fotograma de La m\u00e1scara de la muerte roja\" data-image-description=\"\" data-image-caption=\"&lt;p&gt;Fotograma de La m\u00e1scara de la muerte roja&lt;\/p&gt;\n\" data-large-file=\"https:\/\/www.lashistorias.com.mx\/wp-content\/uploads\/2009\/08\/masque.jpg\" src=\"https:\/\/www.lashistorias.com.mx\/wp-content\/uploads\/2009\/08\/masque.jpg\" alt=\"Fotograma de La m\u00e1scara de la muerte roja\" title=\"Fotograma de La m\u00e1scara de la muerte roja\" width=\"392\" height=\"180\" class=\"size-full wp-image-3664\" srcset=\"https:\/\/www.lashistorias.com.mx\/wp-content\/uploads\/2009\/08\/masque.jpg 392w, https:\/\/www.lashistorias.com.mx\/wp-content\/uploads\/2009\/08\/masque-300x137.jpg 300w\" sizes=\"auto, (max-width: 392px) 100vw, 392px\" \/><figcaption id=\"caption-attachment-3664\" class=\"wp-caption-text\"><b>Fotograma de <em>La m\u00e1scara de la muerte roja<\/em> de Roger Corman<\/b><\/figcaption><\/figure><\/div>\n<p>Yo tendr\u00e9 el gusto de comentar las pel\u00edculas, y sus semejanzas o diferencias con los textos de los que parten, con los asistentes. Aqu\u00ed en <em>Las historias<\/em> aparecer\u00e1n, cada d\u00eda entre el 17 y el 21, notas sobre la pel\u00edcula que ser\u00e1 exhibida en esa fecha. Ojal\u00e1 se animen a ir.<\/p>\n<p>El programa completo es el siguiente:<\/p>\n<ul>\n<li>Lunes: <em>La tumba de Ligeia<\/em> (1965) de Roger Corman<\/li>\n<li>Martes: <em>La ca\u00edda de la Casa de Usher<\/em> (1928) de Jean Epstein<\/li>\n<li>Mi\u00e9rcoles: selecci\u00f3n de cortos: <em>El gato negro<\/em> (2007) de Stuart Gordon; <em>El p\u00e9ndulo, el pozo y la esperanza<\/em> (1983) y <em>La ca\u00edda de la Casa de Usher<\/em> (1981) de Jan Svankmajer<\/li>\n<li>Jueves: <em>La mansi\u00f3n de la locura<\/em> (1972) de Juan L\u00f3pez Moctezuma<\/li>\n<li>Viernes: <em>La m\u00e1scara de la Muerte Roja<\/em> (1964) de Roger Corman<\/li>\n<\/ul>\n<p>Ya est\u00e1n avisados. Saludos a todos&#8230;[\/fusion_builder_column][\/fusion_builder_row][\/fusion_builder_container]\n","protected":false},"excerpt":{"rendered":"<p>Del 17 al 21 de agosto, todos est\u00e1n invitados a un ciclo de pel\u00edculas basadas en la obra de Poe en la Biblioteca de M\u00e9xico.<\/p>\n","protected":false},"author":1,"featured_media":0,"comment_status":"open","ping_status":"open","sticky":false,"template":"","format":"standard","meta":{"advanced_seo_description":"","jetpack_seo_html_title":"","jetpack_seo_noindex":false,"jetpack_post_was_ever_published":false,"_jetpack_newsletter_access":"","_jetpack_dont_email_post_to_subs":true,"_jetpack_newsletter_tier_id":0,"_jetpack_memberships_contains_paywalled_content":false,"_jetpack_memberships_contains_paid_content":false,"footnotes":"","jetpack_publicize_message":"","jetpack_publicize_feature_enabled":true,"jetpack_social_post_already_shared":false,"jetpack_social_options":{"image_generator_settings":{"template":"highway","default_image_id":0,"font":"","enabled":false},"version":2}},"categories":[3],"tags":[1465,856,1463,2860,627,142,25,307,1434,2855,914,12,1063,1464],"class_list":["post-3659","post","type-post","status-publish","format-standard","hentry","category-lo-nuevo","tag-adaptaciones","tag-biblioteca-de-mexico","tag-carlos-lopez-moctezuma","tag-cine","tag-cine-club","tag-edgar-allan-poe","tag-escritores","tag-jan-svankmajer","tag-jean-epstein","tag-literatura","tag-poe2009","tag-presentaciones","tag-roger-corman","tag-stuart-gordon"],"jetpack_publicize_connections":[],"jetpack_featured_media_url":"","jetpack_shortlink":"https:\/\/wp.me\/pjEhq-X1","jetpack_sharing_enabled":true,"_links":{"self":[{"href":"https:\/\/www.lashistorias.com.mx\/index.php\/wp-json\/wp\/v2\/posts\/3659","targetHints":{"allow":["GET"]}}],"collection":[{"href":"https:\/\/www.lashistorias.com.mx\/index.php\/wp-json\/wp\/v2\/posts"}],"about":[{"href":"https:\/\/www.lashistorias.com.mx\/index.php\/wp-json\/wp\/v2\/types\/post"}],"author":[{"embeddable":true,"href":"https:\/\/www.lashistorias.com.mx\/index.php\/wp-json\/wp\/v2\/users\/1"}],"replies":[{"embeddable":true,"href":"https:\/\/www.lashistorias.com.mx\/index.php\/wp-json\/wp\/v2\/comments?post=3659"}],"version-history":[{"count":17,"href":"https:\/\/www.lashistorias.com.mx\/index.php\/wp-json\/wp\/v2\/posts\/3659\/revisions"}],"predecessor-version":[{"id":12835,"href":"https:\/\/www.lashistorias.com.mx\/index.php\/wp-json\/wp\/v2\/posts\/3659\/revisions\/12835"}],"wp:attachment":[{"href":"https:\/\/www.lashistorias.com.mx\/index.php\/wp-json\/wp\/v2\/media?parent=3659"}],"wp:term":[{"taxonomy":"category","embeddable":true,"href":"https:\/\/www.lashistorias.com.mx\/index.php\/wp-json\/wp\/v2\/categories?post=3659"},{"taxonomy":"post_tag","embeddable":true,"href":"https:\/\/www.lashistorias.com.mx\/index.php\/wp-json\/wp\/v2\/tags?post=3659"}],"curies":[{"name":"wp","href":"https:\/\/api.w.org\/{rel}","templated":true}]}}