{"id":3631,"date":"2009-08-10T08:38:44","date_gmt":"2009-08-10T13:38:44","guid":{"rendered":"http:\/\/www.lashistorias.com.mx\/?p=3631"},"modified":"2016-10-26T10:22:54","modified_gmt":"2016-10-26T15:22:54","slug":"los-esclavos-en-puebla-y-varios-avisos","status":"publish","type":"post","link":"https:\/\/www.lashistorias.com.mx\/index.php\/los-esclavos-en-puebla-y-varios-avisos\/","title":{"rendered":"<em>Los esclavos<\/em> en Puebla (y varios avisos)"},"content":{"rendered":"<p>Este jueves 13 de agosto, a las 19:00 horas, <em>Los esclavos<\/em> se presentar\u00e1 en la librer\u00eda Prof\u00e9tica de la ciudad de Puebla. La librer\u00eda se encuentra en la calle 3 Sur #701 y pueden obtenerse datos m\u00e1s precisos en el <a href=\"http:\/\/www.profetica.com.mx\/\">sitio web de Prof\u00e9tica<\/a>. Jaime Mesa, Sheng-li Chili\u00e1n y yo presentaremos la novela. La entrada ser\u00e1 libre y al finalizar la presentaci\u00f3n se anuncia un brindis con mezcal, as\u00ed que ya saben.<\/p>\n<p>Muchas gracias a Alfredo God\u00ednez y Jos\u00e9 Luis Escalera. <\/p>\n<div align=center>* * *<\/div>\n<p>Mi querido amigo Edilberto Ald\u00e1n anuncia la aparici\u00f3n de <em>Guardagujas<\/em>, un nuevo suplemento cultural que aparecer\u00e1 cada mes en el diario <em>La Jornada Aguascalientes<\/em>. En esta \u00e9poca en que todo se contrae, y como sabemos lo primero que se contrae son los proyectos culturales, la aparici\u00f3n de <em>Guardagujas<\/em> es para celebrar.<\/p>\n<p>El primer n\u00famero se puede leer completo descargando <a href=\"http:\/\/lajornadaaguascalientes.com.mx\/media\/hemeroteca\/01082009-G.pdf\">esta versi\u00f3n PDF<\/a>; contiene en la portada a Jos\u00e9 Gordon y una fotograf\u00eda de David Fern\u00e1ndez Rodr\u00edguez; con motivo del centenario del nacimiento de Malcolm Lowry, un ensayo de Carlos Antonio de la Sierra, y adem\u00e1s textos de Santiago Roncagliolo, \u00d3scar Luviano, Ana Mar\u00eda Shua, Armando Gonz\u00e1lez Torres, Ad\u00e1n Brand, Rod JM, Marcial Fern\u00e1ndez, Minerva Reynosa, Adriana Sing, Jos\u00e9 Ricardo P\u00e9rez \u00c1vila y \u00d3scar de la Borbolla.<\/p>\n<div align=center>[fusion_builder_container hundred_percent=\u00bbyes\u00bb overflow=\u00bbvisible\u00bb][fusion_builder_row][fusion_builder_column type=\u00bb1_1&#8243; background_position=\u00bbleft top\u00bb background_color=\u00bb\u00bb border_size=\u00bb\u00bb border_color=\u00bb\u00bb border_style=\u00bbsolid\u00bb spacing=\u00bbyes\u00bb background_image=\u00bb\u00bb background_repeat=\u00bbno-repeat\u00bb padding=\u00bb\u00bb margin_top=\u00bb0px\u00bb margin_bottom=\u00bb0px\u00bb class=\u00bb\u00bb id=\u00bb\u00bb animation_type=\u00bb\u00bb animation_speed=\u00bb0.3&#8243; animation_direction=\u00bbleft\u00bb hide_on_mobile=\u00bbno\u00bb center_content=\u00bbno\u00bb min_height=\u00bbnone\u00bb]<figure id=\"attachment_3632\" aria-describedby=\"caption-attachment-3632\" style=\"width: 450px\" class=\"wp-caption alignnone\"><img loading=\"lazy\" decoding=\"async\" data-attachment-id=\"3632\" data-permalink=\"https:\/\/www.lashistorias.com.mx\/index.php\/los-esclavos-en-puebla-y-varios-avisos\/guardagujas\/\" data-orig-file=\"https:\/\/www.lashistorias.com.mx\/wp-content\/uploads\/2009\/08\/guardagujas.jpg\" data-orig-size=\"450,597\" data-comments-opened=\"1\" data-image-meta=\"{&quot;aperture&quot;:&quot;0&quot;,&quot;credit&quot;:&quot;&quot;,&quot;camera&quot;:&quot;&quot;,&quot;caption&quot;:&quot;&quot;,&quot;created_timestamp&quot;:&quot;0&quot;,&quot;copyright&quot;:&quot;&quot;,&quot;focal_length&quot;:&quot;0&quot;,&quot;iso&quot;:&quot;0&quot;,&quot;shutter_speed&quot;:&quot;0&quot;,&quot;title&quot;:&quot;&quot;}\" data-image-title=\"Guardagujas\" data-image-description=\"\" data-image-caption=\"&lt;p&gt;&lt;em&gt;Guardagujas&lt;\/em&gt;&lt;\/p&gt;\n\" data-large-file=\"https:\/\/www.lashistorias.com.mx\/wp-content\/uploads\/2009\/08\/guardagujas.jpg\" src=\"https:\/\/www.lashistorias.com.mx\/wp-content\/uploads\/2009\/08\/guardagujas.jpg\" alt=\"&lt;em&gt;Guardagujas&lt;\/em&gt;\" title=\"Guardagujas\" width=\"450\" height=\"597\" class=\"size-full wp-image-3632\" srcset=\"https:\/\/www.lashistorias.com.mx\/wp-content\/uploads\/2009\/08\/guardagujas.jpg 450w, https:\/\/www.lashistorias.com.mx\/wp-content\/uploads\/2009\/08\/guardagujas-226x300.jpg 226w\" sizes=\"auto, (max-width: 450px) 100vw, 450px\" \/><figcaption id=\"caption-attachment-3632\" class=\"wp-caption-text\"><em>Guardagujas<\/em><\/figcaption><\/figure>\n<p>* * *<\/p><\/div>\n<p><em><a href=\"http:\/\/lalangostasehaposteado.blogspot.com\/\">La Langosta se ha posteado<\/a><\/em>, nueva etapa de <a href=\"https:\/\/www.lashistorias.com.mx\/index.php\/archivo\/la-langosta-se-ha-posteado\/\">la pionera entre las revistas<\/a> electr\u00f3nicas mexicanas, ha publicado una nueva serie de textos. Destaca un ensayo espectacular del te\u00f3rico Steven Shaviro: <a href=\"http:\/\/lalangostasehaposteadolnv.blogspot.com\/2009\/08\/regresando-la-escena-del-crimen.html\">\u00abRegresando a la escena del crimen perfecto, o, C\u00f3mo aprend\u00ed a dejar de preocuparme y amar lo virtual\u00bb<\/a>.<\/p>\n<div align=center>* * *<\/div>\n<p>Por \u00faltimo, agradezco enormemente a Carlos Vel\u00e1zquez <a href=\"http:\/\/impreso.milenio.com\/node\/8621528\">esta rese\u00f1a<\/a> de <em>Los esclavos<\/em> (\u00bfqui\u00e9n iba a pensar que Leonel Godoy saldr\u00eda a relucir?) y a Gabriel Bernal Granados el siguiente aviso: ya est\u00e1 pr\u00e1cticamente listo el nuevo libro de cuentos. M\u00e1s noticias, pronto.[\/fusion_builder_column][\/fusion_builder_row][\/fusion_builder_container]\n","protected":false},"excerpt":{"rendered":"<p>Librer\u00eda Prof\u00e9tica invita. La presentaci\u00f3n tendr\u00e1 brindis con mezcal (y se comentar\u00e1 el libro). Adem\u00e1s, varios avisos.<\/p>\n","protected":false},"author":1,"featured_media":0,"comment_status":"open","ping_status":"open","sticky":false,"template":"","format":"standard","meta":{"advanced_seo_description":"","jetpack_seo_html_title":"","jetpack_seo_noindex":false,"jetpack_post_was_ever_published":false,"_jetpack_newsletter_access":"","_jetpack_dont_email_post_to_subs":true,"_jetpack_newsletter_tier_id":0,"_jetpack_memberships_contains_paywalled_content":false,"_jetpack_memberships_contains_paid_content":false,"footnotes":"","jetpack_publicize_message":"","jetpack_publicize_feature_enabled":true,"jetpack_social_post_already_shared":false,"jetpack_social_options":{"image_generator_settings":{"template":"highway","default_image_id":0,"font":"","enabled":false},"version":2}},"categories":[3],"tags":[1450,1454,17,48,58,570,1457,1448,648,1449,1445,8,1442,1456,1455,1447,1440,2855,1055,1452,1444,1453,10,423,424,12,2856,1441,1451,490,1443,1446],"class_list":["post-3631","post","type-post","status-publish","format-standard","hentry","category-lo-nuevo","tag-adan-brand","tag-adriana-sing","tag-amistades","tag-ana-maria-shua","tag-armando-gonzalez-torres","tag-breves","tag-carlos-antonio-de-la-sierra","tag-carlos-velazquez","tag-edilberto-aldan","tag-gabriel-bernal-granados","tag-guardagujas","tag-internet","tag-jaime-mesa","tag-jose-gordon","tag-jose-ricardo-perez-avila","tag-la-langosta-se-ha-posteado","tag-libreria-profetica","tag-literatura","tag-los-esclavos","tag-marcial-fernandez","tag-mezcal","tag-minerva-reynosa","tag-novela","tag-oscar-de-la-borbolla","tag-oscar-luviano","tag-presentaciones","tag-publicaciones","tag-puebla","tag-rod-jm","tag-santiago-roncagliolo","tag-sheng-li-chilian","tag-steven-shaviro"],"jetpack_publicize_connections":[],"jetpack_featured_media_url":"","jetpack_shortlink":"https:\/\/wp.me\/pjEhq-Wz","jetpack_sharing_enabled":true,"_links":{"self":[{"href":"https:\/\/www.lashistorias.com.mx\/index.php\/wp-json\/wp\/v2\/posts\/3631","targetHints":{"allow":["GET"]}}],"collection":[{"href":"https:\/\/www.lashistorias.com.mx\/index.php\/wp-json\/wp\/v2\/posts"}],"about":[{"href":"https:\/\/www.lashistorias.com.mx\/index.php\/wp-json\/wp\/v2\/types\/post"}],"author":[{"embeddable":true,"href":"https:\/\/www.lashistorias.com.mx\/index.php\/wp-json\/wp\/v2\/users\/1"}],"replies":[{"embeddable":true,"href":"https:\/\/www.lashistorias.com.mx\/index.php\/wp-json\/wp\/v2\/comments?post=3631"}],"version-history":[{"count":4,"href":"https:\/\/www.lashistorias.com.mx\/index.php\/wp-json\/wp\/v2\/posts\/3631\/revisions"}],"predecessor-version":[{"id":12837,"href":"https:\/\/www.lashistorias.com.mx\/index.php\/wp-json\/wp\/v2\/posts\/3631\/revisions\/12837"}],"wp:attachment":[{"href":"https:\/\/www.lashistorias.com.mx\/index.php\/wp-json\/wp\/v2\/media?parent=3631"}],"wp:term":[{"taxonomy":"category","embeddable":true,"href":"https:\/\/www.lashistorias.com.mx\/index.php\/wp-json\/wp\/v2\/categories?post=3631"},{"taxonomy":"post_tag","embeddable":true,"href":"https:\/\/www.lashistorias.com.mx\/index.php\/wp-json\/wp\/v2\/tags?post=3631"}],"curies":[{"name":"wp","href":"https:\/\/api.w.org\/{rel}","templated":true}]}}