{"id":3355,"date":"2009-07-07T09:41:22","date_gmt":"2009-07-07T14:41:22","guid":{"rendered":"http:\/\/www.lashistorias.com.mx\/?p=3355"},"modified":"2016-10-26T10:23:02","modified_gmt":"2016-10-26T15:23:02","slug":"una-velada-con-vincent-price","status":"publish","type":"post","link":"https:\/\/www.lashistorias.com.mx\/index.php\/una-velada-con-vincent-price\/","title":{"rendered":"Una velada con Vincent Price"},"content":{"rendered":"<p><a href=\"http:\/\/www.testigosdelcrimen.com\/\">Roberto Coria<\/a> ha enviado la siguiente invitaci\u00f3n al espect\u00e1culo <em>Una velada con Vincent Price<\/em>; muchos interesados en la vida y la obra de Edgar Allan Poe reconocer\u00e1n el nombre. Si no, he aqu\u00ed toda la informaci\u00f3n:<\/p>\n<div align=center><img loading=\"lazy\" decoding=\"async\" data-attachment-id=\"3361\" data-permalink=\"https:\/\/www.lashistorias.com.mx\/index.php\/una-velada-con-vincent-price\/vincentprice\/\" data-orig-file=\"https:\/\/www.lashistorias.com.mx\/wp-content\/uploads\/2009\/07\/vincentprice.jpg\" data-orig-size=\"400,285\" data-comments-opened=\"1\" data-image-meta=\"{&quot;aperture&quot;:&quot;0&quot;,&quot;credit&quot;:&quot;&quot;,&quot;camera&quot;:&quot;&quot;,&quot;caption&quot;:&quot;&quot;,&quot;created_timestamp&quot;:&quot;0&quot;,&quot;copyright&quot;:&quot;&quot;,&quot;focal_length&quot;:&quot;0&quot;,&quot;iso&quot;:&quot;0&quot;,&quot;shutter_speed&quot;:&quot;0&quot;,&quot;title&quot;:&quot;&quot;}\" data-image-title=\"Vincent Price\" data-image-description=\"\" data-image-caption=\"\" data-large-file=\"https:\/\/www.lashistorias.com.mx\/wp-content\/uploads\/2009\/07\/vincentprice.jpg\" src=\"https:\/\/www.lashistorias.com.mx\/wp-content\/uploads\/2009\/07\/vincentprice.jpg\" alt=\"Vincent Price\" title=\"Vincent Price\" width=\"400\" height=\"285\" class=\"alignnone size-full wp-image-3361\" srcset=\"https:\/\/www.lashistorias.com.mx\/wp-content\/uploads\/2009\/07\/vincentprice.jpg 400w, https:\/\/www.lashistorias.com.mx\/wp-content\/uploads\/2009\/07\/vincentprice-300x213.jpg 300w\" sizes=\"auto, (max-width: 400px) 100vw, 400px\" \/><\/div>\n<blockquote><p>El 7 de octubre de 1849, en un cuarto de hospital de Baltimore, un hombre de 40 a\u00f1os de edad iba al encuentro de la Muerte, esa a la que \u00e9l hab\u00eda visto, conjurado, enamorado, con una valent\u00eda y una sensibilidad de la que pocos mortales pueden ufanarse. Su nombre: Edgar Allan Poe, de ocupaci\u00f3n periodista, de vocaci\u00f3n alcoh\u00f3lico, de profesi\u00f3n poeta. El cine se ha encargado de traducir, con mayor o menor fortuna, sus visiones. Vincent Price fue uno de sus m\u00e1s entusiastas admiradores y el responsable de que incontables generaciones se hayan enamorado de los textos del maestro Poe.<\/p>\n<p>Teatro G\u00f3tico y Cad\u00e1ver exquisito rinden homenaje a tan ejemplar binomio, leales adalides del miedo, con el espect\u00e1culo <em>Una velada con Vincent Price<\/em>, el donde el primer actor Guillermo Henry personifica a Price y hace carne el genio de Poe. En el cimiento del espect\u00e1culo se encuentran obras entra\u00f1ables del Maestro, como \u00abEl cuervo\u00bb y \u00abEl coraz\u00f3n delator\u00bb, y la poes\u00eda de Vicente Quirarte. Todo bajo la direcci\u00f3n de Eduardo Ruiz Savi\u00f1\u00f3n.<\/p>\n<p>La cita es el 8  y 9 de julio de 2009 a las 19:30 hrs. en la Capilla G\u00f3tica del Cento Cultural Hel\u00e9nico, Av. Revoluci\u00f3n 1500, San \u00c1ngel Inn, M\u00e9xico, D.F. La representaci\u00f3n esc\u00e9nica estar\u00e1 precedida por la conferencia \u201cPoe entre nosotros\u201d, dictada por Vicente Quirarte. El donativo personal de recuperaci\u00f3n es de $150.00. Descuentos a personas de la tercera edad, estudiantes y maestros con credencial.<br \/>\nLos esperamos.<\/p><\/blockquote>\n","protected":false},"excerpt":{"rendered":"<p>Se invita al espect\u00e1culo \u00abUna velada con Vincent Price\u00bb, en celebraci\u00f3n de Poe.<\/p>\n","protected":false},"author":1,"featured_media":0,"comment_status":"open","ping_status":"open","sticky":false,"template":"","format":"standard","meta":{"advanced_seo_description":"","jetpack_seo_html_title":"","jetpack_seo_noindex":false,"jetpack_post_was_ever_published":false,"_jetpack_newsletter_access":"","_jetpack_dont_email_post_to_subs":true,"_jetpack_newsletter_tier_id":0,"_jetpack_memberships_contains_paywalled_content":false,"_jetpack_memberships_contains_paid_content":false,"footnotes":"","jetpack_publicize_message":"","jetpack_publicize_feature_enabled":true,"jetpack_social_post_already_shared":false,"jetpack_social_options":{"image_generator_settings":{"template":"highway","default_image_id":0,"font":"","enabled":false},"version":2}},"categories":[3],"tags":[17,570,1218,142,1376,25,1377,2855,914,440,12,960,784,1059],"class_list":["post-3355","post","type-post","status-publish","format-standard","hentry","category-lo-nuevo","tag-amistades","tag-breves","tag-conferencias","tag-edgar-allan-poe","tag-eduardo-ruiz-savinon","tag-escritores","tag-guillermo-henry","tag-literatura","tag-poe2009","tag-poesia","tag-presentaciones","tag-roberto-coria","tag-teatro","tag-vicente-quirarte"],"jetpack_publicize_connections":[],"jetpack_featured_media_url":"","jetpack_shortlink":"https:\/\/wp.me\/pjEhq-S7","jetpack_sharing_enabled":true,"_links":{"self":[{"href":"https:\/\/www.lashistorias.com.mx\/index.php\/wp-json\/wp\/v2\/posts\/3355","targetHints":{"allow":["GET"]}}],"collection":[{"href":"https:\/\/www.lashistorias.com.mx\/index.php\/wp-json\/wp\/v2\/posts"}],"about":[{"href":"https:\/\/www.lashistorias.com.mx\/index.php\/wp-json\/wp\/v2\/types\/post"}],"author":[{"embeddable":true,"href":"https:\/\/www.lashistorias.com.mx\/index.php\/wp-json\/wp\/v2\/users\/1"}],"replies":[{"embeddable":true,"href":"https:\/\/www.lashistorias.com.mx\/index.php\/wp-json\/wp\/v2\/comments?post=3355"}],"version-history":[{"count":12,"href":"https:\/\/www.lashistorias.com.mx\/index.php\/wp-json\/wp\/v2\/posts\/3355\/revisions"}],"predecessor-version":[{"id":8385,"href":"https:\/\/www.lashistorias.com.mx\/index.php\/wp-json\/wp\/v2\/posts\/3355\/revisions\/8385"}],"wp:attachment":[{"href":"https:\/\/www.lashistorias.com.mx\/index.php\/wp-json\/wp\/v2\/media?parent=3355"}],"wp:term":[{"taxonomy":"category","embeddable":true,"href":"https:\/\/www.lashistorias.com.mx\/index.php\/wp-json\/wp\/v2\/categories?post=3355"},{"taxonomy":"post_tag","embeddable":true,"href":"https:\/\/www.lashistorias.com.mx\/index.php\/wp-json\/wp\/v2\/tags?post=3355"}],"curies":[{"name":"wp","href":"https:\/\/api.w.org\/{rel}","templated":true}]}}