{"id":3334,"date":"2009-07-01T15:34:26","date_gmt":"2009-07-01T20:34:26","guid":{"rendered":"http:\/\/www.lashistorias.com.mx\/?p=3334"},"modified":"2011-10-20T13:40:30","modified_gmt":"2011-10-20T18:40:30","slug":"concurso-de-cuento-y-poesia-lenguaraz-2009","status":"publish","type":"post","link":"https:\/\/www.lashistorias.com.mx\/index.php\/concurso-de-cuento-y-poesia-lenguaraz-2009\/","title":{"rendered":"Concurso de cuento y poes\u00eda <em>Lenguaraz<\/em> 2009"},"content":{"rendered":"<p>Los amigos de la revista <em>Lenguaraz<\/em> env\u00edan la siguiente convocatoria:<\/p>\n<p><strong>Primer concurso de poes\u00eda y cuento <em>Lenguaraz<\/em> 2009 <\/strong><\/p>\n<p>1 Podr\u00e1 participar quien quiera o incluso quien no quiera, excepto los trabajadores de Editorial Lenguaraz.<\/p>\n<p>2 Los participantes deber\u00e1n hacernos llegar el mecanoscrito de un libro de poemas o de cuentos de tema libre terminado e in\u00e9dito, escrito en lengua espa\u00f1ola, en computadora o m\u00e1quina de escribir, a doble espacio, en cualquier tipograf\u00eda en 12 pts. La extensi\u00f3n m\u00ednima del libro de poes\u00eda ser\u00e1 de 50 cuartillas y la m\u00e1xima de 120; y para cuento la extensi\u00f3n m\u00ednima ser\u00e1 de 70 cuartillas y la m\u00e1xima de 150.<\/p>\n<p>3 Adjuntos con el escrito solicitamos los siguientes datos: nombre completo, direcci\u00f3n, tel\u00e9fono y correo electr\u00f3nico.<\/p>\n<p>4 La recepci\u00f3n de libros queda abierta a partir de la publicaci\u00f3n de esta convocatoria y hasta el domingo 9 de Agosto de 2009.<\/p>\n<p>5 Los libros se recibir\u00e1n por correo electr\u00f3nico a paraganar@lenguaraz.com o f\u00edsicamente por triplicado en nuestras oficinas que se encuentran en Maximino \u00c1vila Camacho 107-15, col. Ciudad de los deportes, CP 03710, M\u00e9xico, D.F.<\/p>\n<p>6 Se otorgar\u00e1 un solo premio por categor\u00eda que consiste en la publicaci\u00f3n del libro como parte de la colecci\u00f3n Versa (poes\u00eda) y Narra (cuento) y una dotaci\u00f3n de libros (Aldus, Umbral, Sexto Piso, Ediciones Sin Nombre, Almad\u00eda y Editorial Lenguaraz).<\/p>\n<p>7 El jurado estar\u00e1 compuesto por miembros del Consejo Editorial de Lenguaraz.<\/p>\n<p>8 El fallo del jurado ser\u00e1 inapelable y se dar\u00e1 a conocer directamente al ganador y en <a href=\"http:\/\/www.lenguaraz.com\">www.lenguaraz.com<\/a><\/p>\n<p>9 Los casos no previstos en esta convocatoria ser\u00e1n resueltos.<\/p>\n","protected":false},"excerpt":{"rendered":"<p>Los amigos de la revista Lenguaraz env\u00edan la siguiente convocatoria: Primer concurso de poes\u00eda y cuento Lenguaraz 2009 1 Podr\u00e1 participar quien quiera o incluso quien no quiera, excepto los trabajadores de Editorial Lenguaraz. 2 Los participantes deber\u00e1n hacernos llegar el mecanoscrito de un libro de poemas o de cuentos de tema libre terminado e&#8230;<\/p>\n","protected":false},"author":1,"featured_media":0,"comment_status":"open","ping_status":"open","sticky":false,"template":"","format":"standard","meta":{"advanced_seo_description":"","jetpack_seo_html_title":"","jetpack_seo_noindex":false,"jetpack_post_was_ever_published":false,"_jetpack_newsletter_access":"","_jetpack_dont_email_post_to_subs":false,"_jetpack_newsletter_tier_id":0,"_jetpack_memberships_contains_paywalled_content":false,"_jetpack_memberships_contains_paid_content":false,"footnotes":"","jetpack_publicize_message":"","jetpack_publicize_feature_enabled":true,"jetpack_social_post_already_shared":false,"jetpack_social_options":{"image_generator_settings":{"template":"highway","default_image_id":0,"font":"","enabled":false},"version":2}},"categories":[3],"tags":[818,21,22,714,2855,440],"class_list":["post-3334","post","type-post","status-publish","format-standard","hentry","category-lo-nuevo","tag-concursos","tag-convocatorias","tag-cuento","tag-lenguaraz","tag-literatura","tag-poesia"],"jetpack_publicize_connections":[],"jetpack_featured_media_url":"","jetpack_shortlink":"https:\/\/wp.me\/pjEhq-RM","jetpack_sharing_enabled":true,"_links":{"self":[{"href":"https:\/\/www.lashistorias.com.mx\/index.php\/wp-json\/wp\/v2\/posts\/3334","targetHints":{"allow":["GET"]}}],"collection":[{"href":"https:\/\/www.lashistorias.com.mx\/index.php\/wp-json\/wp\/v2\/posts"}],"about":[{"href":"https:\/\/www.lashistorias.com.mx\/index.php\/wp-json\/wp\/v2\/types\/post"}],"author":[{"embeddable":true,"href":"https:\/\/www.lashistorias.com.mx\/index.php\/wp-json\/wp\/v2\/users\/1"}],"replies":[{"embeddable":true,"href":"https:\/\/www.lashistorias.com.mx\/index.php\/wp-json\/wp\/v2\/comments?post=3334"}],"version-history":[{"count":6,"href":"https:\/\/www.lashistorias.com.mx\/index.php\/wp-json\/wp\/v2\/posts\/3334\/revisions"}],"predecessor-version":[{"id":8386,"href":"https:\/\/www.lashistorias.com.mx\/index.php\/wp-json\/wp\/v2\/posts\/3334\/revisions\/8386"}],"wp:attachment":[{"href":"https:\/\/www.lashistorias.com.mx\/index.php\/wp-json\/wp\/v2\/media?parent=3334"}],"wp:term":[{"taxonomy":"category","embeddable":true,"href":"https:\/\/www.lashistorias.com.mx\/index.php\/wp-json\/wp\/v2\/categories?post=3334"},{"taxonomy":"post_tag","embeddable":true,"href":"https:\/\/www.lashistorias.com.mx\/index.php\/wp-json\/wp\/v2\/tags?post=3334"}],"curies":[{"name":"wp","href":"https:\/\/api.w.org\/{rel}","templated":true}]}}