{"id":3275,"date":"2009-06-23T23:13:55","date_gmt":"2009-06-24T04:13:55","guid":{"rendered":"http:\/\/www.lashistorias.com.mx\/?p=3275"},"modified":"2016-10-26T10:23:02","modified_gmt":"2016-10-26T15:23:02","slug":"taller-de-literatura-fantastica","status":"publish","type":"post","link":"https:\/\/www.lashistorias.com.mx\/index.php\/taller-de-literatura-fantastica\/","title":{"rendered":"Taller de literatura fant\u00e1stica"},"content":{"rendered":"<p><strong>(Actualizaci\u00f3n: el taller se abrir\u00e1 el 21 de julio y no el 14 como estaba proyectado originalmente. Vale decir, todav\u00eda hay tiempo para inscribirse.)<\/strong><\/p>\n<p>El centro cultural <a href=\"http:\/\/www.donceles66.com.mx\">Donceles 66<\/a>, de la ciudad de M\u00e9xico, invita a un taller de literatura fant\u00e1stica que impartir\u00e9 desde el <del datetime=\"2009-07-16T00:35:32+00:00\">14 de julio<\/del> 21 de julio. El programa ser\u00e1 el mismo del que se organiz\u00f3, a comienzos de este mes, en el Instituto Cervantes de Par\u00eds (y sobre el que no he escrito nada a\u00fan; pero lo har\u00e9).<\/p>\n<p>A continuaci\u00f3n&#8230;<\/p>\n<div align=center>[fusion_builder_container hundred_percent=\u00bbyes\u00bb overflow=\u00bbvisible\u00bb][fusion_builder_row][fusion_builder_column type=\u00bb1_1&#8243; background_position=\u00bbleft top\u00bb background_color=\u00bb\u00bb border_size=\u00bb\u00bb border_color=\u00bb\u00bb border_style=\u00bbsolid\u00bb spacing=\u00bbyes\u00bb background_image=\u00bb\u00bb background_repeat=\u00bbno-repeat\u00bb padding=\u00bb\u00bb margin_top=\u00bb0px\u00bb margin_bottom=\u00bb0px\u00bb class=\u00bb\u00bb id=\u00bb\u00bb animation_type=\u00bb\u00bb animation_speed=\u00bb0.3&#8243; animation_direction=\u00bbleft\u00bb hide_on_mobile=\u00bbno\u00bb center_content=\u00bbno\u00bb min_height=\u00bbnone\u00bb]<figure id=\"attachment_3279\" aria-describedby=\"caption-attachment-3279\" style=\"width: 300px\" class=\"wp-caption alignnone\"><a ref=\"magnificPopup\" href=\"https:\/\/www.lashistorias.com.mx\/wp-content\/uploads\/2009\/06\/ingres-litfant.jpg\"><img loading=\"lazy\" decoding=\"async\" data-attachment-id=\"3279\" data-permalink=\"https:\/\/www.lashistorias.com.mx\/index.php\/taller-de-literatura-fantastica\/ingres-litfant\/\" data-orig-file=\"https:\/\/www.lashistorias.com.mx\/wp-content\/uploads\/2009\/06\/ingres-litfant.jpg\" data-orig-size=\"1200,966\" data-comments-opened=\"1\" data-image-meta=\"{&quot;aperture&quot;:&quot;0&quot;,&quot;credit&quot;:&quot;&quot;,&quot;camera&quot;:&quot;&quot;,&quot;caption&quot;:&quot;&quot;,&quot;created_timestamp&quot;:&quot;0&quot;,&quot;copyright&quot;:&quot;&quot;,&quot;focal_length&quot;:&quot;0&quot;,&quot;iso&quot;:&quot;0&quot;,&quot;shutter_speed&quot;:&quot;0&quot;,&quot;title&quot;:&quot;&quot;}\" data-image-title=\"Ruggiero liberando a Ang\u00e9lica, de Ingres (1819)\" data-image-description=\"&lt;p&gt;Ruggiero liberando a Ang\u00e9lica, de Ingres (1819)&lt;\/p&gt;\n\" data-image-caption=\"&lt;p&gt;Ruggiero liberando a Ang\u00e9lica, de Ingres (1819; clic para ampliar)&lt;\/p&gt;\n\" data-large-file=\"https:\/\/www.lashistorias.com.mx\/wp-content\/uploads\/2009\/06\/ingres-litfant-1024x824.jpg\" src=\"https:\/\/www.lashistorias.com.mx\/wp-content\/uploads\/2009\/06\/ingres-litfant-300x241.jpg\" alt=\"Ruggiero liberando a Ang\u00e9lica, de Ingres (1819; clic para ampliar)\" title=\"Ruggiero liberando a Ang\u00e9lica, de Ingres (1819)\" width=\"300\" height=\"241\" class=\"size-medium wp-image-3279\" srcset=\"https:\/\/www.lashistorias.com.mx\/wp-content\/uploads\/2009\/06\/ingres-litfant-300x241.jpg 300w, https:\/\/www.lashistorias.com.mx\/wp-content\/uploads\/2009\/06\/ingres-litfant-1024x824.jpg 1024w, https:\/\/www.lashistorias.com.mx\/wp-content\/uploads\/2009\/06\/ingres-litfant.jpg 1200w\" sizes=\"auto, (max-width: 300px) 100vw, 300px\" \/><\/a><figcaption id=\"caption-attachment-3279\" class=\"wp-caption-text\"><em>Ruggiero liberando a Ang\u00e9lica<\/em>, de Jean Auguste Dominique Ingres (1819; clic para ampliar)<\/figcaption><\/figure><\/div>\n<p><strong>EL PROGRAMA:<\/strong><\/p>\n<p>Este taller est\u00e1 dirigido a todas las personas interesadas en el tema y no exige ning\u00fan requisito previo. Su objetivo general: ofrecer a los participantes un panorama de las propuestas, t\u00e9cnicas y corrientes m\u00e1s representativas de la literatura fant\u00e1stica, as\u00ed como un espacio en el que trabajar textos de este tema de su propia creaci\u00f3n. <\/p>\n<p>Duraci\u00f3n: 10 sesiones de dos horas cada una (20 horas)<br \/>\nHorario: martes de 19:00 a 21:00 horas a partir del <del datetime=\"2009-07-16T00:35:32+00:00\">14<\/del> 21 de julio<br \/>\nMec\u00e1nica de trabajo: la primera parte de las sesiones se dedicar\u00e1 a la parte te\u00f3rica: un panorama de la literatura fant\u00e1stica desde sus or\u00edgenes hasta la actualidad, incluyendo lectura y comentario de obras representativas; la segunda parte de las sesiones se dedicar\u00e1 al trabajo pr\u00e1ctico de los textos que los asistentes deseen presentar. Tambi\u00e9n se podr\u00e1n realizar ejercicios literarios orientados al desarrollo de la creatividad y la imaginaci\u00f3n.<\/p>\n<p><em>Contenido tem\u00e1tico:<\/em><br \/>\n1. Lo fant\u00e1stico es relativo: or\u00edgenes del t\u00e9rmino en la antig\u00fcedad y aplicaci\u00f3n en la \u00e9poca moderna<br \/>\n2. El principio rom\u00e1ntico: lo fant\u00e1stico como opuesto a la raz\u00f3n ilustrada. Reinvenci\u00f3n de lo cl\u00e1sico y \u00abampliaci\u00f3n\u00bb del mundo<br \/>\n3. La fantas\u00eda de la locura: horror y sus derivaciones<br \/>\n4. La fantas\u00eda razonada: ciencia ficci\u00f3n, mundos subalternos y otros subg\u00e9neros<br \/>\n5. El sentido actual de lo fant\u00e1stico: (mucho) m\u00e1s all\u00e1 de Harry Potter<\/p>\n<p>Costo: $250 por inscripci\u00f3n y tres mensualidades de $500.<\/p>\n<p>Mayores informes en el correo electr\u00f3nico cursosytalleres@donceles66.com.mx y en los tel\u00e9fonos 9150 1468 y 9150 7219. El centro cultural Donceles 66 se encuentra en&#8230; Donceles #66, en el Centro Hist\u00f3rico de la ciudad de M\u00e9xico, a pocos pasos de la calle de Palma.<\/p>\n<p>El que sigue es el volante del taller con la informaci\u00f3n b\u00e1sica del taller, para quien pudiera interesar. Gracias y quedan invitados.<\/p>\n<div align=center>[\/fusion_builder_column][fusion_builder_column type=\u00bb1_1&#8243; background_position=\u00bbleft top\u00bb background_color=\u00bb\u00bb border_size=\u00bb\u00bb border_color=\u00bb\u00bb border_style=\u00bbsolid\u00bb spacing=\u00bbyes\u00bb background_image=\u00bb\u00bb background_repeat=\u00bbno-repeat\u00bb padding=\u00bb\u00bb margin_top=\u00bb0px\u00bb margin_bottom=\u00bb0px\u00bb class=\u00bb\u00bb id=\u00bb\u00bb animation_type=\u00bb\u00bb animation_speed=\u00bb0.3&#8243; animation_direction=\u00bbleft\u00bb hide_on_mobile=\u00bbno\u00bb center_content=\u00bbno\u00bb min_height=\u00bbnone\u00bb]<figure id=\"attachment_3276\" aria-describedby=\"caption-attachment-3276\" style=\"width: 300px\" class=\"wp-caption alignnone\"><a ref=\"magnificPopup\" href=\"https:\/\/www.lashistorias.com.mx\/wp-content\/uploads\/2009\/06\/taller-de-lectura-fantastica.png\"><img loading=\"lazy\" decoding=\"async\" data-attachment-id=\"3276\" data-permalink=\"https:\/\/www.lashistorias.com.mx\/index.php\/taller-de-literatura-fantastica\/taller-de-lectura-fantastica\/\" data-orig-file=\"https:\/\/www.lashistorias.com.mx\/wp-content\/uploads\/2009\/06\/taller-de-lectura-fantastica.png\" data-orig-size=\"2894,1949\" data-comments-opened=\"1\" data-image-meta=\"{&quot;aperture&quot;:&quot;0&quot;,&quot;credit&quot;:&quot;&quot;,&quot;camera&quot;:&quot;&quot;,&quot;caption&quot;:&quot;&quot;,&quot;created_timestamp&quot;:&quot;0&quot;,&quot;copyright&quot;:&quot;&quot;,&quot;focal_length&quot;:&quot;0&quot;,&quot;iso&quot;:&quot;0&quot;,&quot;shutter_speed&quot;:&quot;0&quot;,&quot;title&quot;:&quot;&quot;}\" data-image-title=\"Taller de literatura fant\u00e1stica\" data-image-description=\"&lt;p&gt;Taller de literatura fant\u00e1stica&lt;\/p&gt;\n\" data-image-caption=\"&lt;p&gt;Volante del Taller (clic para ampliar)&lt;\/p&gt;\n\" data-large-file=\"https:\/\/www.lashistorias.com.mx\/wp-content\/uploads\/2009\/06\/taller-de-lectura-fantastica-1024x689.png\" src=\"https:\/\/www.lashistorias.com.mx\/wp-content\/uploads\/2009\/06\/taller-de-lectura-fantastica-300x202.png\" alt=\"Volante del Taller (clic para ampliar)\" title=\"Taller de literatura fant\u00e1stica\" width=\"300\" height=\"202\" class=\"size-medium wp-image-3276\" srcset=\"https:\/\/www.lashistorias.com.mx\/wp-content\/uploads\/2009\/06\/taller-de-lectura-fantastica-300x202.png 300w, https:\/\/www.lashistorias.com.mx\/wp-content\/uploads\/2009\/06\/taller-de-lectura-fantastica-1024x689.png 1024w\" sizes=\"auto, (max-width: 300px) 100vw, 300px\" \/><\/a><figcaption id=\"caption-attachment-3276\" class=\"wp-caption-text\">Volante del Taller (clic para ampliar)<\/figcaption><\/figure><\/div>\n[\/fusion_builder_column][\/fusion_builder_row][\/fusion_builder_container]\n","protected":false},"excerpt":{"rendered":"<p>Este taller comenzar\u00e1 el 14 de julio, durar\u00e1 10 sesiones y se dedicar\u00e1 a la teor\u00eda y la <em>pr\u00e1ctica<\/em> de lo fant\u00e1stico. Quedan invitados.<\/p>\n","protected":false},"author":1,"featured_media":0,"comment_status":"open","ping_status":"open","sticky":false,"template":"","format":"standard","meta":{"advanced_seo_description":"","jetpack_seo_html_title":"","jetpack_seo_noindex":false,"jetpack_post_was_ever_published":false,"_jetpack_newsletter_access":"","_jetpack_dont_email_post_to_subs":true,"_jetpack_newsletter_tier_id":0,"_jetpack_memberships_contains_paywalled_content":false,"_jetpack_memberships_contains_paid_content":false,"footnotes":"","jetpack_publicize_message":"","jetpack_publicize_feature_enabled":true,"jetpack_social_post_already_shared":false,"jetpack_social_options":{"image_generator_settings":{"template":"highway","default_image_id":0,"font":"","enabled":false},"version":2}},"categories":[23,3],"tags":[570,22,137,25,1361,2855,360,10,1113],"class_list":["post-3275","post","type-post","status-publish","format-standard","hentry","category-cursos-y-talleres","category-lo-nuevo","tag-breves","tag-cuento","tag-donceles-66","tag-escritores","tag-lectura-y-escritura","tag-literatura","tag-literatura-fantastica","tag-novela","tag-talleres-y-cursos-literarios"],"jetpack_publicize_connections":[],"jetpack_featured_media_url":"","jetpack_shortlink":"https:\/\/wp.me\/pjEhq-QP","jetpack_sharing_enabled":true,"_links":{"self":[{"href":"https:\/\/www.lashistorias.com.mx\/index.php\/wp-json\/wp\/v2\/posts\/3275","targetHints":{"allow":["GET"]}}],"collection":[{"href":"https:\/\/www.lashistorias.com.mx\/index.php\/wp-json\/wp\/v2\/posts"}],"about":[{"href":"https:\/\/www.lashistorias.com.mx\/index.php\/wp-json\/wp\/v2\/types\/post"}],"author":[{"embeddable":true,"href":"https:\/\/www.lashistorias.com.mx\/index.php\/wp-json\/wp\/v2\/users\/1"}],"replies":[{"embeddable":true,"href":"https:\/\/www.lashistorias.com.mx\/index.php\/wp-json\/wp\/v2\/comments?post=3275"}],"version-history":[{"count":24,"href":"https:\/\/www.lashistorias.com.mx\/index.php\/wp-json\/wp\/v2\/posts\/3275\/revisions"}],"predecessor-version":[{"id":12847,"href":"https:\/\/www.lashistorias.com.mx\/index.php\/wp-json\/wp\/v2\/posts\/3275\/revisions\/12847"}],"wp:attachment":[{"href":"https:\/\/www.lashistorias.com.mx\/index.php\/wp-json\/wp\/v2\/media?parent=3275"}],"wp:term":[{"taxonomy":"category","embeddable":true,"href":"https:\/\/www.lashistorias.com.mx\/index.php\/wp-json\/wp\/v2\/categories?post=3275"},{"taxonomy":"post_tag","embeddable":true,"href":"https:\/\/www.lashistorias.com.mx\/index.php\/wp-json\/wp\/v2\/tags?post=3275"}],"curies":[{"name":"wp","href":"https:\/\/api.w.org\/{rel}","templated":true}]}}