{"id":3270,"date":"2009-06-22T09:32:27","date_gmt":"2009-06-22T14:32:27","guid":{"rendered":"http:\/\/www.lashistorias.com.mx\/?p=3270"},"modified":"2010-03-05T15:04:28","modified_gmt":"2010-03-05T21:04:28","slug":"invitacion-a-la-semana-gotica-de-madrid","status":"publish","type":"post","link":"https:\/\/www.lashistorias.com.mx\/index.php\/invitacion-a-la-semana-gotica-de-madrid\/","title":{"rendered":"Invitaci\u00f3n a la Semana G\u00f3tica de Madrid"},"content":{"rendered":"<p>Ana Gonz\u00e1lez-Rivas env\u00eda la siguiente informaci\u00f3n, que reproduzco para los posibles interesados:<\/p>\n<blockquote><p>Me gustar\u00eda informaros de una actividad de cuya organizaci\u00f3n formo parte, y que os adelanto que va a ser muy, muy interesante. Se trata de la I Semana G\u00f3tica de Madrid (<a href=\"http:\/\/www.semanagoticademadrid.com\">www.semanagoticademadrid.com<\/a>), que se celebrar\u00e1 del 24 de octubre al 1 de noviembre del 2009. Tendr\u00e1 una parte acad\u00e9mica, en la que se debatir\u00e1 sobre autores como Lovecraft, Poe, Bram Stocker, Le Fanu, y tantos otros maestros de la literatura de terror. Dentro de esta parte, yo estar\u00e9 coordinando unas mesas redondas dedicadas a Edgar Allan Poe, aprovechando el bicentenario de su nacimiento. Adem\u00e1s de literatura, habr\u00e1 exposici\u00f3n de obras gr\u00e1ficas, as\u00ed como pel\u00edculas y cortos, todo dentro de la l\u00ednea g\u00f3tica. Se organizar\u00e1n tambi\u00e9n actividades m\u00e1s l\u00fadicas: un taller de magia y brujer\u00eda, y otro taller sobre c\u00f3mo escribir una novela g\u00f3tica. Y habr\u00e1 igualmente un espacio dedicado a la moda actual \u2013desfiles de ropa g\u00f3tica, tiendas de complementos, m\u00fasica g\u00f3tica\u2026 El objetivo de las jornadas es, sobre todo, pasarlo bien, y sacar nuestro lado m\u00e1s g\u00f3tico\u2026<\/p><\/blockquote>\n<p>Todos los datos necesarios para participar est\u00e1n en el sitio. (Les dir\u00e9 que me encantar\u00eda poder ahorrar para ir, aunque lo veo dif\u00edcil&#8230;)<\/p>\n","protected":false},"excerpt":{"rendered":"<p>Del 24 de octubre al primero de noviembre, desde eventos acad\u00e9micos hasta cine y fiesta&#8230;<\/p>\n","protected":false},"author":1,"featured_media":0,"comment_status":"open","ping_status":"open","sticky":false,"template":"","format":"standard","meta":{"advanced_seo_description":"","jetpack_seo_html_title":"","jetpack_seo_noindex":false,"jetpack_post_was_ever_published":false,"_jetpack_newsletter_access":"","_jetpack_dont_email_post_to_subs":false,"_jetpack_newsletter_tier_id":0,"_jetpack_memberships_contains_paywalled_content":false,"_jetpack_memberships_contains_paid_content":false,"footnotes":"","jetpack_publicize_message":"","jetpack_publicize_feature_enabled":true,"jetpack_social_post_already_shared":false,"jetpack_social_options":{"image_generator_settings":{"template":"highway","default_image_id":0,"font":"","enabled":false},"version":2}},"categories":[3],"tags":[1116,1358,570,2860,21,2861,6,2855,1360,914,1359],"class_list":["post-3270","post","type-post","status-publish","format-standard","hentry","category-lo-nuevo","tag-academia","tag-ana-gonzalez-rivas-fernandez","tag-breves","tag-cine","tag-convocatorias","tag-cursos-y-talleres","tag-general","tag-literatura","tag-moda","tag-poe2009","tag-semana-gotica-de-madrid"],"jetpack_publicize_connections":[],"jetpack_featured_media_url":"","jetpack_shortlink":"https:\/\/wp.me\/pjEhq-QK","jetpack_sharing_enabled":true,"_links":{"self":[{"href":"https:\/\/www.lashistorias.com.mx\/index.php\/wp-json\/wp\/v2\/posts\/3270","targetHints":{"allow":["GET"]}}],"collection":[{"href":"https:\/\/www.lashistorias.com.mx\/index.php\/wp-json\/wp\/v2\/posts"}],"about":[{"href":"https:\/\/www.lashistorias.com.mx\/index.php\/wp-json\/wp\/v2\/types\/post"}],"author":[{"embeddable":true,"href":"https:\/\/www.lashistorias.com.mx\/index.php\/wp-json\/wp\/v2\/users\/1"}],"replies":[{"embeddable":true,"href":"https:\/\/www.lashistorias.com.mx\/index.php\/wp-json\/wp\/v2\/comments?post=3270"}],"version-history":[{"count":6,"href":"https:\/\/www.lashistorias.com.mx\/index.php\/wp-json\/wp\/v2\/posts\/3270\/revisions"}],"predecessor-version":[{"id":5221,"href":"https:\/\/www.lashistorias.com.mx\/index.php\/wp-json\/wp\/v2\/posts\/3270\/revisions\/5221"}],"wp:attachment":[{"href":"https:\/\/www.lashistorias.com.mx\/index.php\/wp-json\/wp\/v2\/media?parent=3270"}],"wp:term":[{"taxonomy":"category","embeddable":true,"href":"https:\/\/www.lashistorias.com.mx\/index.php\/wp-json\/wp\/v2\/categories?post=3270"},{"taxonomy":"post_tag","embeddable":true,"href":"https:\/\/www.lashistorias.com.mx\/index.php\/wp-json\/wp\/v2\/tags?post=3270"}],"curies":[{"name":"wp","href":"https:\/\/api.w.org\/{rel}","templated":true}]}}