{"id":3086,"date":"2009-05-20T08:55:49","date_gmt":"2009-05-20T13:55:49","guid":{"rendered":"http:\/\/www.lashistorias.com.mx\/?p=3086"},"modified":"2019-07-07T10:31:59","modified_gmt":"2019-07-07T15:31:59","slug":"no-todos-podemos-ser-juniors","status":"publish","type":"post","link":"https:\/\/www.lashistorias.com.mx\/index.php\/no-todos-podemos-ser-juniors\/","title":{"rendered":"No todos podemos ser juniors"},"content":{"rendered":"<p><strong>[fusion_builder_container hundred_percent=\u00bbyes\u00bb overflow=\u00bbvisible\u00bb][fusion_builder_row][fusion_builder_column type=\u00bb1_1&#8243; background_position=\u00bbleft top\u00bb background_color=\u00bb\u00bb border_size=\u00bb\u00bb border_color=\u00bb\u00bb border_style=\u00bbsolid\u00bb spacing=\u00bbyes\u00bb background_image=\u00bb\u00bb background_repeat=\u00bbno-repeat\u00bb padding=\u00bb\u00bb margin_top=\u00bb0px\u00bb margin_bottom=\u00bb0px\u00bb class=\u00bb\u00bb id=\u00bb\u00bb animation_type=\u00bb\u00bb animation_speed=\u00bb0.3&#8243; animation_direction=\u00bbleft\u00bb hide_on_mobile=\u00bbno\u00bb center_content=\u00bbno\u00bb min_height=\u00bbnone\u00bb][Nota del 18 de septiembre de 2013: el d\u00eda de ayer falleci\u00f3 Rafa Saavedra. La noticia es muy triste para muchas personas: Rafa era \u2013sin aspavientos ni poses, o quiz\u00e1 precisamente por eso\u2013 uno de los escritores m\u00e1s queridos de M\u00e9xico. Quiz\u00e1 ahora, como suele pasar, se le recuerde un poco m\u00e1s y se le lea mejor. Descanse en paz.]<\/strong><\/p>\n<p><a ref=\"magnificPopup\" href=\"https:\/\/www.lashistorias.com.mx\/wp-content\/uploads\/2009\/05\/Rafa-Saavedra.jpg\"><img loading=\"lazy\" decoding=\"async\" data-attachment-id=\"13291\" data-permalink=\"https:\/\/www.lashistorias.com.mx\/index.php\/no-todos-podemos-ser-juniors\/rafa-saavedra\/\" data-orig-file=\"https:\/\/www.lashistorias.com.mx\/wp-content\/uploads\/2009\/05\/Rafa-Saavedra.jpg\" data-orig-size=\"615,345\" data-comments-opened=\"1\" data-image-meta=\"{&quot;aperture&quot;:&quot;0&quot;,&quot;credit&quot;:&quot;&quot;,&quot;camera&quot;:&quot;&quot;,&quot;caption&quot;:&quot;&quot;,&quot;created_timestamp&quot;:&quot;0&quot;,&quot;copyright&quot;:&quot;&quot;,&quot;focal_length&quot;:&quot;0&quot;,&quot;iso&quot;:&quot;0&quot;,&quot;shutter_speed&quot;:&quot;0&quot;,&quot;title&quot;:&quot;&quot;,&quot;orientation&quot;:&quot;0&quot;}\" data-image-title=\"Rafa Saavedra\" data-image-description=\"\" data-image-caption=\"\" data-large-file=\"https:\/\/www.lashistorias.com.mx\/wp-content\/uploads\/2009\/05\/Rafa-Saavedra.jpg\" src=\"https:\/\/www.lashistorias.com.mx\/wp-content\/uploads\/2009\/05\/Rafa-Saavedra.jpg\" alt=\"\" width=\"615\" height=\"345\" class=\"aligncenter size-full wp-image-13291\" srcset=\"https:\/\/www.lashistorias.com.mx\/wp-content\/uploads\/2009\/05\/Rafa-Saavedra.jpg 615w, https:\/\/www.lashistorias.com.mx\/wp-content\/uploads\/2009\/05\/Rafa-Saavedra-300x168.jpg 300w\" sizes=\"auto, (max-width: 615px) 100vw, 615px\" \/><\/a><\/p>\n<p>Este mes, un relato de <a href=\"http:\/\/crossfadernetwork.wordpress.com\/\">Rafa Saavedra<\/a> (1967), quien no s\u00f3lo es uno de los escritores m\u00e1s interesantes de <a href=\"http:\/\/bukonica1.blogspot.com\/2004\/06\/12-tijuana-para-principiantes-bonus.html\">Tijuana<\/a> (a su vez una de las ciudades m\u00e1s interesantes del pa\u00eds) sino tambi\u00e9n pionero de los blogs en M\u00e9xico, fundador de revistas y fanzines, profesor, DJ y productor del programa de radio <em>Selector de frecuencias:<\/em> adem\u00e1s, es el inventor del adjetivo <em>beyondeado<\/em>, una palabra fronteriza que se vislumbra en la iron\u00eda de esta historia y se ve con plena fuerza en muchos otros de sus textos. (La frase que antecede es para invitarlos a <a href=\"http:\/\/bukonica1.blogspot.com\/\">localizar<\/a> los libros <em>Buten Smileys<\/em> (1997) o <em>Lejos del Noise<\/em> (2003), en los que est\u00e1 \u00abNo todos podemos ser juniors\u00bb.)<\/p>\n<p><strong>NO TODOS PODEMOS SER JUNIORS<br \/>\nRafa Saavedra<\/strong><\/p>\n<p>Ella, siempre dispuesta a escuchar mis diatribas, acostumbraba a llamarme diariamente por tel\u00e9fono. A m\u00ed me encantaba esa terapia sin costo. Por a\u00f1os me hab\u00eda sentido derrotado y sin una respuesta. \u201c\u00bfCu\u00e1l es el camino correcto?\u201d, me preguntaba a m\u00ed mismo a cada instante. Ella me daba algunas pistas, pero la situaci\u00f3n era vaga, apenas bosquejo de emociones inciertas sobre conexiones que no se daban. Habr\u00eda que ver si eran genuinas o no.<\/p>\n<p>(1. El eterno inconforme es un l\u00edder de derechas y sale casi a diario en los peri\u00f3dicos.)<\/p>\n<p>A d\u00f3nde diablos, le pregunt\u00e9 a ella, se llevaron nuestras sonrisas y bromas juveniles, en d\u00f3nde torcimos el rumbo y en qu\u00e9 segundo de indecisi\u00f3n se fueron nuestras ilusiones al carajo. (\u00bfPor qu\u00e9 siempre me pasa esto a m\u00ed? hay quien dice que es cuesti\u00f3n de karma pero yo lo dudo). El verano de nuestra vida se empieza a marchitar, ya somos adultos y no s\u00e9 porque eso me rompe el coraz\u00f3n. (\u00bfCu\u00e1l era la pol\u00edtica del aburrimiento y aquella otra de la buenaventura? A ver, qui\u00e9n puede explic\u00e1rmelo). Ahora todo lo que escucho es \u00abTen cuidado con lo que pides que puede que se te cumpla\u00bb.<\/p>\n<p>(2. Esa chica rara tuvo una \u00e9poca atroz, un aborto y un intento de suicidio; ahora se pasea arrogante y nunca responde a nuestro saludo.)<\/p>\n<p>Y ella me contest\u00f3, con su peculiar tono pausado, dici\u00e9ndome esto: \u00abSi quieres vivir Fer, tienes que eliminar los placeres pasajeros y reemplazarlos con lecciones divinas m\u00e1s duraderas. Explorar el potencial de la conciencia humana, eso es lo mejor y chance que sea t\u00fa \u00fanica opci\u00f3n\u00bb. (Como si eso fuera f\u00e1cil, cosa de ir al supermarket a comprar un manual por cien pesos y ya&#8230;)<\/p>\n<p>(3. Los peque\u00f1os idiotas e indeseables del sal\u00f3n van por la vida de cuello blanco y corbata para disfrutar tangiblemente el escurridizo \u00e9xito.)<\/p>\n<p>\u00bfY ahora qu\u00e9?, le pregunt\u00e9 una noche al salir juntos de una fiesta. (Creo que fue una buena pregunta \u00bfno?). Ella, al verme totalmente ebrio, me quito las llaves del auto y se ofreci\u00f3 a llevarme en el suyo a casa. En el camino le confes\u00e9 lo que mis buenos amigos me hab\u00edan dicho: \u00abNo te preocupes, estamos chamacos y todo va a salir bien\u00bb. (\u00a1Qu\u00e9 risa nos dio! qu\u00e9 est\u00fapidos fuimos, somos y seremos). Y prosegu\u00ed: \u00ab\u00bfPuedes ver el estado de situaci\u00f3n? Los maestros y nuestros padres nos dec\u00edan, nos promet\u00edan, nos ment\u00edan: el futuro es de ustedes. Ahora me pregunto \u00bfes qu\u00e9 acaso no lo sab\u00edan?, es que no se enteran que la vida te ense\u00f1a, la vida se ensa\u00f1a y nunca conoces el por qu\u00e9\u00bb. (Suena desolador pero no era as\u00ed, hasta entonces todo marchaba bien, se los juro). No s\u00e9 qui\u00e9n empez\u00f3 la discusi\u00f3n, ella o yo, pero al llegar a mi casa me baj\u00e9 furioso del auto y le estrell\u00e9 en el vidrio delantero la botella de whiskey que me hab\u00eda robado de la fiesta; ella no me hizo ning\u00fan reclamo, tan s\u00f3lo se march\u00f3 y, m\u00e1s enojada por mi estupidez que por el cristal roto, dej\u00f3 de hablarme por tel\u00e9fono casi seis meses.<\/p>\n<p>(4. Mi mejor amiga antes bailaba y re\u00eda mucho, ahora triste no acepta, como tantos otros, el fracaso de su matrimonio. Rueda mi mente pensando en que nuestros posibles hijos hubieran sido m\u00e1s bellos y divertidos.)<\/p>\n<p>Recuerdo que, por esa y otras tantas razones dif\u00edciles de admitir, un d\u00eda triste de agosto de mil nueve noventa y dos me fui de aqu\u00ed porque quer\u00eda olvidar, pero al mes volv\u00ed a mi casa. A mi ciudad. No pod\u00eda escapar de mi historia y de mi vida en paralelo con ella. Y ella siempre me lo advirti\u00f3: todos nos podemos equivocar, la vida te atrapa y a veces, sin merecerlo, te da una segunda oportunidad. (Para eso, yo ya estaba a punto de alcanzar mi rev\u00f3lver, harto de proteger mi humanidad ante una multitud de falsos sue\u00f1os). En ese instante de confrontaci\u00f3n y crisis existencial comprend\u00ed que no todos nacimos para ser juniors y que yo apenas estaba aprendiendo a vivir la vida de trabajo y sufrimiento, una tarea larga y aburrida que mutila algo m\u00e1s que ilusiones.<\/p>\n<p>(5. La chica t\u00edmida, que nunca supo en donde ten\u00eda el cl\u00edtoris, se cambi\u00f3 de religi\u00f3n y se perdi\u00f3 dos a\u00f1os en rumbos extra\u00f1os; en su equipaje llevaba nuestra amistad y hasta la fecha, ella no sabe en que sitio la perdi\u00f3.)<\/p>\n<p>Casi diez a\u00f1os despu\u00e9s, en nuestras reuniones todos mis amigos de escuela hablan de sus hijos, de sus coches, de terrenos y vacaciones, de aventuras y divorcios, de mil cosas. Pero ninguno habla de sus sue\u00f1os m\u00e1s personales, esos sue\u00f1os que creo se perdieron con el paso del tiempo, entre las opciones y los deberes con los que nos tantea y distrae la vida. (\u00bfQu\u00e9 es eso de sentar cabeza, carajo? una nueva t\u00e1ctica experimental o el asunto ese de la madurez). Todos corren tras el dinero y yo&#8230; ya no me atrevo: se me acabaron las ganas, me qued\u00e9 sin speed. Justo ah\u00ed, en una de esas fiestas, me enter\u00e9 que&#8230;<\/p>\n<p>(6. Ese chico tan hablant\u00edn se canso representar ante nuestros ojos una ins\u00edpida mentira: ahora, para sorpresa de todos, vive feliz con su simp\u00e1tico novio y le importa un comino si lo aceptamos o no.)<\/p>\n<p>Mis mejores amigos, mis compa\u00f1eros de escuela y c\u00f3mplices de aventura son m\u00e1s que extra\u00f1os. Muchos de ellos, aspirantes de viajes aut\u00f3nomos, escogieron reintegrarse y formar parte del reba\u00f1o y ya no quieren acordarse de las fiestas en las que disfrazados nos re\u00edmos tanto. Yo ya no entiendo su lenguaje, ni ellos el m\u00edo. (Por cierto, nunca ha sido una cosa que me preocupe mucho). Los \u00fanicos que parecen entender de qu\u00e9 va el rollo son esa pareja &#8211;ella en eterna dieta y \u00e9l experto en computadoras y m\u00fasica heavy de los ochentas&#8211; que adopto a un ni\u00f1o mongolo; ellos, divertidos y muy viscerales, son los \u00fanicos que siguen en la misma sinton\u00eda de furor adolescente, videando pel\u00edculas porno y pidiendo por tel\u00e9fono pizza a domicilio.<\/p>\n<p>(7. Aquel otro muri\u00f3 de forma chistosa -no preguntes c\u00f3mo- luego de enterarse por celular que su padre en bancarrota se hab\u00eda volado los sesos.)<\/p>\n<p>Yo no me explico en qu\u00e9 fallamos, el trato era no ser iguales a nuestros padres, pero esa noche al salir del \u00faltimo party se rompieron los lazos. (Tengo el momento justo grabado en video). Es triste admitirlo, pero no hay amigos para siempre. Es inevitable, sucede y, ahora s\u00f3lo quedamos ella y yo hablando por tel\u00e9fono, ri\u00e9ndonos al recordar que, en esa \u00faltima reuni\u00f3n, alguien me pregunt\u00f3: \u00abY ahora Fer, \u00bfcu\u00e1les son tus planes?\u00bb. Yo, sin un dejo de iron\u00eda en mi voz, dije: \u00abEste a\u00f1o s\u00ed quiero aprender a manejar correctamente\u00bb y me ech\u00e9 a re\u00edr otra vez.<\/p>\n<p><strong>\u00a9 Rafa Saavedra.<\/strong> <em>Tomado del archivo en la bit\u00e1cora <a href=\"http:\/\/bukonica1.blogspot.com\/\">Buk\u00f3nica<\/a> de R. S.<\/em><\/p>\n<p>&nbsp;<\/p>\n<div align=\"center\"><img loading=\"lazy\" decoding=\"async\" data-attachment-id=\"3088\" data-permalink=\"https:\/\/www.lashistorias.com.mx\/index.php\/no-todos-podemos-ser-juniors\/rafadro\/\" data-orig-file=\"https:\/\/www.lashistorias.com.mx\/wp-content\/uploads\/2009\/05\/rafadro.jpg\" data-orig-size=\"200,243\" data-comments-opened=\"1\" data-image-meta=\"{&quot;aperture&quot;:&quot;0&quot;,&quot;credit&quot;:&quot;&quot;,&quot;camera&quot;:&quot;&quot;,&quot;caption&quot;:&quot;&quot;,&quot;created_timestamp&quot;:&quot;0&quot;,&quot;copyright&quot;:&quot;&quot;,&quot;focal_length&quot;:&quot;0&quot;,&quot;iso&quot;:&quot;0&quot;,&quot;shutter_speed&quot;:&quot;0&quot;,&quot;title&quot;:&quot;&quot;}\" data-image-title=\"Rafa Saavedra como El Escritor Incre\u00edble\" data-image-description=\"&lt;p&gt;Rafa Saavedra como El Escritor Incre\u00edble&lt;\/p&gt;\n\" data-image-caption=\"\" data-large-file=\"https:\/\/www.lashistorias.com.mx\/wp-content\/uploads\/2009\/05\/rafadro.jpg\" class=\"alignnone size-full wp-image-3088\" title=\"Rafa Saavedra como El Escritor Incre\u00edble\" src=\"https:\/\/www.lashistorias.com.mx\/wp-content\/uploads\/2009\/05\/rafadro.jpg\" alt=\"Rafa Saavedra como El Escritor Incre\u00edble\" width=\"200\" height=\"243\" \/><\/div>\n[\/fusion_builder_column][\/fusion_builder_row][\/fusion_builder_container]\n","protected":false},"excerpt":{"rendered":"<p>Un cuento <em>beyondeado<\/em> de Rafa Saavedra, narrador mexicano (1967-2013).<\/p>\n","protected":false},"author":1,"featured_media":13291,"comment_status":"open","ping_status":"open","sticky":false,"template":"","format":"standard","meta":{"advanced_seo_description":"","jetpack_seo_html_title":"","jetpack_seo_noindex":false,"jetpack_post_was_ever_published":false,"_jetpack_newsletter_access":"","_jetpack_dont_email_post_to_subs":true,"_jetpack_newsletter_tier_id":0,"_jetpack_memberships_contains_paywalled_content":false,"_jetpack_memberships_contains_paid_content":false,"footnotes":"","jetpack_publicize_message":"","jetpack_publicize_feature_enabled":true,"jetpack_social_post_already_shared":false,"jetpack_social_options":{"image_generator_settings":{"template":"highway","default_image_id":0,"font":"","enabled":false},"version":2}},"categories":[4],"tags":[1321,18,22,2343,25,3077,198,2855,1322,1319,3078],"class_list":["post-3086","post","type-post","status-publish","format-standard","has-post-thumbnail","hentry","category-el-cuento","tag-beyondeado","tag-blogosfera","tag-cuento","tag-el-cuento-del-mes","tag-escritores","tag-escritores-de-la-frontera","tag-escritores-mexicanos","tag-literatura","tag-no-todos-podemos-ser-juniors","tag-rafa-saavedra","tag-tijuana"],"jetpack_publicize_connections":[],"jetpack_featured_media_url":"https:\/\/www.lashistorias.com.mx\/wp-content\/uploads\/2009\/05\/Rafa-Saavedra.jpg","jetpack_shortlink":"https:\/\/wp.me\/pjEhq-NM","jetpack_sharing_enabled":true,"_links":{"self":[{"href":"https:\/\/www.lashistorias.com.mx\/index.php\/wp-json\/wp\/v2\/posts\/3086","targetHints":{"allow":["GET"]}}],"collection":[{"href":"https:\/\/www.lashistorias.com.mx\/index.php\/wp-json\/wp\/v2\/posts"}],"about":[{"href":"https:\/\/www.lashistorias.com.mx\/index.php\/wp-json\/wp\/v2\/types\/post"}],"author":[{"embeddable":true,"href":"https:\/\/www.lashistorias.com.mx\/index.php\/wp-json\/wp\/v2\/users\/1"}],"replies":[{"embeddable":true,"href":"https:\/\/www.lashistorias.com.mx\/index.php\/wp-json\/wp\/v2\/comments?post=3086"}],"version-history":[{"count":34,"href":"https:\/\/www.lashistorias.com.mx\/index.php\/wp-json\/wp\/v2\/posts\/3086\/revisions"}],"predecessor-version":[{"id":14938,"href":"https:\/\/www.lashistorias.com.mx\/index.php\/wp-json\/wp\/v2\/posts\/3086\/revisions\/14938"}],"wp:featuredmedia":[{"embeddable":true,"href":"https:\/\/www.lashistorias.com.mx\/index.php\/wp-json\/wp\/v2\/media\/13291"}],"wp:attachment":[{"href":"https:\/\/www.lashistorias.com.mx\/index.php\/wp-json\/wp\/v2\/media?parent=3086"}],"wp:term":[{"taxonomy":"category","embeddable":true,"href":"https:\/\/www.lashistorias.com.mx\/index.php\/wp-json\/wp\/v2\/categories?post=3086"},{"taxonomy":"post_tag","embeddable":true,"href":"https:\/\/www.lashistorias.com.mx\/index.php\/wp-json\/wp\/v2\/tags?post=3086"}],"curies":[{"name":"wp","href":"https:\/\/api.w.org\/{rel}","templated":true}]}}