{"id":3059,"date":"2009-05-15T15:39:21","date_gmt":"2009-05-15T20:39:21","guid":{"rendered":"http:\/\/www.lashistorias.com.mx\/?p=3059"},"modified":"2011-10-20T13:40:46","modified_gmt":"2011-10-20T18:40:46","slug":"el-mundo-segun-eddie","status":"publish","type":"post","link":"https:\/\/www.lashistorias.com.mx\/index.php\/el-mundo-segun-eddie\/","title":{"rendered":"El mundo seg\u00fan Eddie en <em>Esquizofrenia<\/em>"},"content":{"rendered":"<p>Hoy por la noche, a las 21:00 horas (tiempo de M\u00e9xico), el programa <em>Esquizofrenia<\/em> de Canal 22 presenta \u00abEl mundo seg\u00fan Eddie\u00bb, que presenta una serie de testimonios y entrevistas acerca de la influencia de Poe entre nosotros. El bolet\u00edn (que es tambi\u00e9n invitaci\u00f3n) dice:<\/p>\n<blockquote><p><strong><em>ESQUIZOFRENIA<\/em><br \/>\nCANAL 22 <\/strong><\/p>\n<p>estrena<br \/>\n<strong>El mundo seg\u00fan Eddie<\/strong><br \/>\nViernes 15 de mayo de 2009 &#8211; 21:00 hrs.<br \/>\nRepetici\u00f3n: Lunes 17 a partir de las 01:30 am<\/p>\n<p>En este programa penetramos en el mundo oscuro de Edgar Allan Poe. Nos adentramos en el aspecto simb\u00f3lico de Poe, fuerza que ha influido no s\u00f3lo en la literatura sino en la m\u00fasica y en otros aspectos sociales como la identidad de las tribus urbanas. <\/p>\n<p>Escritores, m\u00fasicos y darketos nos dan el testimonio sobre la influencia de este escritor nacido hace doscientos a\u00f1os.<\/p>\n<p>Set de invitados:<br \/>\nAlberto Chimal.- Escritor<br \/>\nAdriana D\u00edaz Enciso.- Escritora \/ Compositora<br \/>\nSalvador Moreno.- Vocalista de la Casta\u00f1eda<br \/>\nGuadalupe Nettel.- Escritora<br \/>\nDaniel Drack.- Fundador de Orden del Cister<br \/>\nMauricio Matamoros.- Experto en c\u00f3mic<br \/>\nRicardo Demencia.- Exsecror Vecordia<br \/>\nJos\u00e9 Fors.- Vocalista de La Cuca<br \/>\nRafael Avi\u00f1a.- Cr\u00edtico de cine<\/p><\/blockquote>\n","protected":false},"excerpt":{"rendered":"<p>Hoy en la noche, Eddie llega a la televisi\u00f3n en el programa <em>Esquizofrenia<\/em> del Canal 22.<\/p>\n","protected":false},"author":1,"featured_media":0,"comment_status":"open","ping_status":"open","sticky":false,"template":"","format":"standard","meta":{"advanced_seo_description":"","jetpack_seo_html_title":"","jetpack_seo_noindex":false,"jetpack_post_was_ever_published":false,"_jetpack_newsletter_access":"","_jetpack_dont_email_post_to_subs":false,"_jetpack_newsletter_tier_id":0,"_jetpack_memberships_contains_paywalled_content":false,"_jetpack_memberships_contains_paid_content":false,"footnotes":"","jetpack_publicize_message":"","jetpack_publicize_feature_enabled":true,"jetpack_social_post_already_shared":false,"jetpack_social_options":{"image_generator_settings":{"template":"highway","default_image_id":0,"font":"","enabled":false},"version":2}},"categories":[3],"tags":[1310,570,1273,1313,1314,25,1309,681,26,1317,1312,2855,1316,914,12,1062,1315,1311,1041],"class_list":["post-3059","post","type-post","status-publish","format-standard","hentry","category-lo-nuevo","tag-adriana-diaz-enciso","tag-breves","tag-canal-22","tag-cuca","tag-daniel-drack","tag-escritores","tag-esquizofrenia","tag-guadalupe-nettel","tag-historia-y-testimonio","tag-jose-fors","tag-la-castaneda","tag-literatura","tag-mauricio-matamoros","tag-poe2009","tag-presentaciones","tag-rafael-avina","tag-ricardo-demencia","tag-salvador-moreno","tag-television"],"jetpack_publicize_connections":[],"jetpack_featured_media_url":"","jetpack_shortlink":"https:\/\/wp.me\/pjEhq-Nl","jetpack_sharing_enabled":true,"_links":{"self":[{"href":"https:\/\/www.lashistorias.com.mx\/index.php\/wp-json\/wp\/v2\/posts\/3059","targetHints":{"allow":["GET"]}}],"collection":[{"href":"https:\/\/www.lashistorias.com.mx\/index.php\/wp-json\/wp\/v2\/posts"}],"about":[{"href":"https:\/\/www.lashistorias.com.mx\/index.php\/wp-json\/wp\/v2\/types\/post"}],"author":[{"embeddable":true,"href":"https:\/\/www.lashistorias.com.mx\/index.php\/wp-json\/wp\/v2\/users\/1"}],"replies":[{"embeddable":true,"href":"https:\/\/www.lashistorias.com.mx\/index.php\/wp-json\/wp\/v2\/comments?post=3059"}],"version-history":[{"count":8,"href":"https:\/\/www.lashistorias.com.mx\/index.php\/wp-json\/wp\/v2\/posts\/3059\/revisions"}],"predecessor-version":[{"id":8388,"href":"https:\/\/www.lashistorias.com.mx\/index.php\/wp-json\/wp\/v2\/posts\/3059\/revisions\/8388"}],"wp:attachment":[{"href":"https:\/\/www.lashistorias.com.mx\/index.php\/wp-json\/wp\/v2\/media?parent=3059"}],"wp:term":[{"taxonomy":"category","embeddable":true,"href":"https:\/\/www.lashistorias.com.mx\/index.php\/wp-json\/wp\/v2\/categories?post=3059"},{"taxonomy":"post_tag","embeddable":true,"href":"https:\/\/www.lashistorias.com.mx\/index.php\/wp-json\/wp\/v2\/tags?post=3059"}],"curies":[{"name":"wp","href":"https:\/\/api.w.org\/{rel}","templated":true}]}}