{"id":3039,"date":"2009-05-12T15:01:41","date_gmt":"2009-05-12T20:01:41","guid":{"rendered":"http:\/\/www.lashistorias.com.mx\/?p=3039"},"modified":"2016-10-26T10:23:05","modified_gmt":"2016-10-26T15:23:05","slug":"poetas-canarios-en-buenos-aires","status":"publish","type":"post","link":"https:\/\/www.lashistorias.com.mx\/index.php\/poetas-canarios-en-buenos-aires\/","title":{"rendered":"Poetas canarios en Buenos Aires"},"content":{"rendered":"<p>Desde las Islas Canarias, el poeta Juan Carlos de Sancho manda el siguiente bolet\u00edn para cualquier interesado en la ciudad de Buenos Aires:<\/p>\n<blockquote><p>Les escribo desde las Islas Canarias  para invitarles a la presentaci\u00f3n del libro <em>Poetas canarios en Buenos Aires <\/em> el 19 de mayo de 2009 en el Centro Cultural de la Cooperaci\u00f3n Floreal Gorini ( c\/ Corrientes 1543). Les adjunto la invitaci\u00f3n oficial que me enviaron hace unos d\u00edas desde Buenos Aires y un link de la TV canaria donde se da a conocer este importante proyecto literario. Tambi\u00e9n  adjunto una foto de la tapa del libro.<\/p>\n<p> Es la primera vez que treinta escritores espa\u00f1oles publican juntos en Argentina, en la editorial de Buenos Aires La M\u00e1quina del Tiempo, que dirige Hern\u00e1n Isnardi.  La poes\u00eda escrita en Canarias es actualmente una poes\u00eda de gran calidad que ha despertado el inter\u00e9s del mundo editorial argentino. Ser\u00e1 un placer verlos en la presentaci\u00f3n y desde ahora ofrezco toda mi colaboraci\u00f3n  para todo lo que necesiten. Me desplazar\u00e9 a Buenos Aires el 17 de Mayo y estar\u00e9 all\u00ed durante nueve d\u00edas promocionando el libro.<\/p>\n<p>Muchas gracias<\/p>\n<p>Juan Carlos de Sancho<\/p>\n<p>Pique aqu\u00ed para ver la noticia en v\u00eddeo<br \/>\n<a href=\"http:\/\/www.rtvc.es\/noticias\/una-treintena-de-poetas-canarios-se-dan-a-conocer-en-buenos-aires-a-trav\u00e9s-de-un-37043.aspx\">www.rtvc.es\/noticias\/una-treintena-de-poetas-canarios-se-dan-a-conocer-en-buenos-aires-a-trav\u00e9s-de-un-37043.aspx<\/a><\/p>\n<p><a ref=\"magnificPopup\" href=\"https:\/\/www.lashistorias.com.mx\/wp-content\/uploads\/2009\/05\/2-tapa.jpg\"><img loading=\"lazy\" decoding=\"async\" data-attachment-id=\"3040\" data-permalink=\"https:\/\/www.lashistorias.com.mx\/index.php\/poetas-canarios-en-buenos-aires\/2-tapa\/\" data-orig-file=\"https:\/\/www.lashistorias.com.mx\/wp-content\/uploads\/2009\/05\/2-tapa.jpg\" data-orig-size=\"496,709\" data-comments-opened=\"1\" data-image-meta=\"{&quot;aperture&quot;:&quot;0&quot;,&quot;credit&quot;:&quot;&quot;,&quot;camera&quot;:&quot;&quot;,&quot;caption&quot;:&quot;&quot;,&quot;created_timestamp&quot;:&quot;0&quot;,&quot;copyright&quot;:&quot;&quot;,&quot;focal_length&quot;:&quot;0&quot;,&quot;iso&quot;:&quot;0&quot;,&quot;shutter_speed&quot;:&quot;0&quot;,&quot;title&quot;:&quot;&quot;}\" data-image-title=\"2-tapa\" data-image-description=\"\" data-image-caption=\"\" data-large-file=\"https:\/\/www.lashistorias.com.mx\/wp-content\/uploads\/2009\/05\/2-tapa.jpg\" src=\"https:\/\/www.lashistorias.com.mx\/wp-content\/uploads\/2009\/05\/2-tapa.jpg\" alt=\"2-tapa\" title=\"2-tapa\" width=\"496\" height=\"709\" class=\"alignnone size-full wp-image-3040\" srcset=\"https:\/\/www.lashistorias.com.mx\/wp-content\/uploads\/2009\/05\/2-tapa.jpg 496w, https:\/\/www.lashistorias.com.mx\/wp-content\/uploads\/2009\/05\/2-tapa-209x300.jpg 209w\" sizes=\"auto, (max-width: 496px) 100vw, 496px\" \/><\/a>\n<\/p><\/blockquote>\n","protected":false},"excerpt":{"rendered":"<p>Desde las Islas Canarias, el poeta Juan Carlos de Sancho manda el siguiente bolet\u00edn para cualquier interesado en la ciudad de Buenos Aires: Les escribo desde las Islas Canarias para invitarles a la presentaci\u00f3n del libro Poetas canarios en Buenos Aires el 19 de mayo de 2009 en el Centro Cultural de la Cooperaci\u00f3n Floreal&#8230;<\/p>\n","protected":false},"author":1,"featured_media":0,"comment_status":"open","ping_status":"open","sticky":false,"template":"","format":"standard","meta":{"advanced_seo_description":"","jetpack_seo_html_title":"","jetpack_seo_noindex":false,"jetpack_post_was_ever_published":false,"_jetpack_newsletter_access":"","_jetpack_dont_email_post_to_subs":true,"_jetpack_newsletter_tier_id":0,"_jetpack_memberships_contains_paywalled_content":false,"_jetpack_memberships_contains_paid_content":false,"footnotes":"","jetpack_publicize_message":"","jetpack_publicize_feature_enabled":true,"jetpack_social_post_already_shared":false,"jetpack_social_options":{"image_generator_settings":{"template":"highway","default_image_id":0,"font":"","enabled":false},"version":2}},"categories":[3],"tags":[17,1308,570,1307,1305,2855,440,1306,2856],"class_list":["post-3039","post","type-post","status-publish","format-standard","hentry","category-lo-nuevo","tag-amistades","tag-argentina","tag-breves","tag-canarias","tag-juan-carlos-de-sancho","tag-literatura","tag-poesia","tag-poetas-canarios-en-buenos-aires","tag-publicaciones"],"jetpack_publicize_connections":[],"jetpack_featured_media_url":"","jetpack_shortlink":"https:\/\/wp.me\/pjEhq-N1","jetpack_sharing_enabled":true,"_links":{"self":[{"href":"https:\/\/www.lashistorias.com.mx\/index.php\/wp-json\/wp\/v2\/posts\/3039","targetHints":{"allow":["GET"]}}],"collection":[{"href":"https:\/\/www.lashistorias.com.mx\/index.php\/wp-json\/wp\/v2\/posts"}],"about":[{"href":"https:\/\/www.lashistorias.com.mx\/index.php\/wp-json\/wp\/v2\/types\/post"}],"author":[{"embeddable":true,"href":"https:\/\/www.lashistorias.com.mx\/index.php\/wp-json\/wp\/v2\/users\/1"}],"replies":[{"embeddable":true,"href":"https:\/\/www.lashistorias.com.mx\/index.php\/wp-json\/wp\/v2\/comments?post=3039"}],"version-history":[{"count":4,"href":"https:\/\/www.lashistorias.com.mx\/index.php\/wp-json\/wp\/v2\/posts\/3039\/revisions"}],"predecessor-version":[{"id":8389,"href":"https:\/\/www.lashistorias.com.mx\/index.php\/wp-json\/wp\/v2\/posts\/3039\/revisions\/8389"}],"wp:attachment":[{"href":"https:\/\/www.lashistorias.com.mx\/index.php\/wp-json\/wp\/v2\/media?parent=3039"}],"wp:term":[{"taxonomy":"category","embeddable":true,"href":"https:\/\/www.lashistorias.com.mx\/index.php\/wp-json\/wp\/v2\/categories?post=3039"},{"taxonomy":"post_tag","embeddable":true,"href":"https:\/\/www.lashistorias.com.mx\/index.php\/wp-json\/wp\/v2\/tags?post=3039"}],"curies":[{"name":"wp","href":"https:\/\/api.w.org\/{rel}","templated":true}]}}