{"id":2967,"date":"2009-04-28T22:42:20","date_gmt":"2009-04-29T03:42:20","guid":{"rendered":"http:\/\/www.lashistorias.com.mx\/?p=2967"},"modified":"2016-10-26T10:23:06","modified_gmt":"2016-10-26T15:23:06","slug":"inmunizarte-arte-contra-el-miedo-y-la-influenza","status":"publish","type":"post","link":"https:\/\/www.lashistorias.com.mx\/index.php\/inmunizarte-arte-contra-el-miedo-y-la-influenza\/","title":{"rendered":"INMUNIZARTE: arte contra el miedo (y la influenza)"},"content":{"rendered":"<p>Ahora que todos estamos preocupados, al menos por aqu\u00ed, debido a la epidemia de la llamada influenza porcina, no s\u00f3lo es importante precavernos y cuidarnos: importa tambi\u00e9n no dejarnos llevar por el miedo ni por la confusi\u00f3n (que en muchos casos est\u00e1n fomentados, como siempre, por los medios masivos de comunicaci\u00f3n y hasta por las propias autoridades) y e informarnos adecuadamente. Al pie de esta nota aparecen dos referencias que me parecen \u00fatiles.<\/p>\n<p>Pero antes, una convocatoria que me parece muy necesaria e importante ahora. El <a href=\"http:\/\/inmunizarte.blogspot.com\/\">proyecto Inmunizarte<\/a> la dirige a todos los creadores y creo que puede funcionar: precisamente nos hacen falta ideas <em>contra<\/em> el miedo, contra los peores efectos que esta crisis, que cualquier crisis, puede provocar entre nosotros m\u00e1s all\u00e1 de nuestra propia salud. Reproduzco la convocatoria tal como lleg\u00f3 a mi buz\u00f3n.  <\/p>\n<blockquote><p><strong>A LA COMUNIDAD ART\u00cdSTICA<\/strong><\/p>\n<p>Queridos amigos:<\/p>\n<p>Inquietos por las connotaciones que ha adquirido esta epidemia de influenza se ha creado Inmunizarte, con el fin de instituir un frente art\u00edstico que llegar\u00e1 a miles de usuarios en la red y p\u00fablico en general. Nuestro objetivo es lograr, a trav\u00e9s de las diferentes disciplinas art\u00edsticas, una vacuna emocional contra esta epidemia.<\/p>\n<p><em>\u00bfPor qu\u00e9 INMUNIZARTE?<\/em><br \/>\nDe las preocupaciones m\u00e1s constantes entre las personas del sector salud est\u00e1 el que este virus muta o cambia notablemente, de modo que el sistema inmunol\u00f3gico no puede reconocer el nuevo virus o le es dif\u00edcil hacerlo. Los estados de bienestar, ll\u00e1mense felicidad, alegr\u00eda, amor, y en general las emociones positivas, hacen que nuestro sistema inmunol\u00f3gico se fortalezca, de modo que es nuestra oportunidad de colaborar por medio de nuestra creatividad y talento.<\/p>\n<p>Todos hemos experimentado, de una u otra forma, el arte y las sensaciones que genera. Creemos que el arte sana desde un plano simb\u00f3lico y sensible. Creemos que el arte puede hacer diferencia. Creemos que el arte puede ser la vacuna emocional que fortalezca el sistema inmunol\u00f3gico de la gente. Confiamos en que nuestras instituciones y los medios informativos sabr\u00e1n manejar de la mejor manera esta situaci\u00f3n.<\/p>\n<p>Proponemos ayudar a trav\u00e9s del arte.<\/p>\n<p><em>\u00bfC\u00f3mo?<\/em><br \/>\nEnv\u00edanos tus colaboraciones, en la disciplina art\u00edstica que prefieras, esta misma ser\u00e1 enviada a nivel masivo, tanto a usuarios de red como a instituciones, organizaciones que podr\u00e1n utilizar este material para hacerlo visible en sus instalaciones. Consideramos que a un mismo tiempo estaremos dando difusi\u00f3n a tu labor art\u00edstica. Respetar la autor\u00eda de tu colaboraci\u00f3n ser\u00e1 requisito indispensable dentro de todo env\u00edo.<\/p>\n<p>Dado que el origen de esta convocatoria es ayudar a fortalecer el sistema inmunol\u00f3gico sugerimos a los colaboradores tomar en cuenta lo siguiente:<\/p>\n<ul>\n<li>Podr\u00e1 participar cualquier persona, sin importar sexo, raza, edad o nacionalidad, con obra original de cualquiera de las disciplinas art\u00edsticas conocidas.<\/li>\n<li>Sugerimos que las obras enviadas para consideraci\u00f3n y posterior difusi\u00f3n se inserten en la idea de provocar estados de bienestar en el ser humano.<\/li>\n<li>Inmunizarte se reserva el derecho de publicaci\u00f3n y difusi\u00f3n de las obras recibidas que se consideren fuera del objetivo que se persigue.<\/li>\n<li>Todo autor acepta que su obra sea difundida, publicada y reproducida libremente.<\/li>\n<li>Inmunizarte se compromete a informar oportunamente a los autores, sobre el uso y destino de su obra.<\/li>\n<li>Cualquier aspecto no contemplado se ver\u00e1 en tiempo y forma.<\/li>\n<\/ul>\n<p>El mail de contacto y para recepci\u00f3n de obra ser\u00e1: inmunizarte@gmail.com<\/p>\n<p><strong><br \/>\n<a href=\"http:\/\/inmunizarte.blogspot.com\/\"><br \/>\nI N M U N I Z A R T E&nbsp;<br \/><img loading=\"lazy\" decoding=\"async\" data-attachment-id=\"2975\" data-permalink=\"https:\/\/www.lashistorias.com.mx\/index.php\/inmunizarte-arte-contra-el-miedo-y-la-influenza\/inmunizarte\/\" data-orig-file=\"https:\/\/www.lashistorias.com.mx\/wp-content\/uploads\/2009\/04\/inmunizarte.jpg\" data-orig-size=\"500,168\" data-comments-opened=\"1\" data-image-meta=\"{&quot;aperture&quot;:&quot;0&quot;,&quot;credit&quot;:&quot;&quot;,&quot;camera&quot;:&quot;&quot;,&quot;caption&quot;:&quot;&quot;,&quot;created_timestamp&quot;:&quot;0&quot;,&quot;copyright&quot;:&quot;&quot;,&quot;focal_length&quot;:&quot;0&quot;,&quot;iso&quot;:&quot;0&quot;,&quot;shutter_speed&quot;:&quot;0&quot;,&quot;title&quot;:&quot;&quot;}\" data-image-title=\"Inmunizarte\" data-image-description=\"&lt;p&gt;Inmunizarte&lt;\/p&gt;\n\" data-image-caption=\"\" data-large-file=\"https:\/\/www.lashistorias.com.mx\/wp-content\/uploads\/2009\/04\/inmunizarte.jpg\" src=\"https:\/\/www.lashistorias.com.mx\/wp-content\/uploads\/2009\/04\/inmunizarte.jpg\" alt=\"Inmunizarte\" title=\"Inmunizarte\" width=\"500\" height=\"168\" class=\"alignnone size-full wp-image-2975\" srcset=\"https:\/\/www.lashistorias.com.mx\/wp-content\/uploads\/2009\/04\/inmunizarte.jpg 500w, https:\/\/www.lashistorias.com.mx\/wp-content\/uploads\/2009\/04\/inmunizarte-300x100.jpg 300w\" sizes=\"auto, (max-width: 500px) 100vw, 500px\" \/><br \/>\n<br \/>http:\/\/inmunizarte.blogspot.com\/<\/a><\/strong><\/p><\/blockquote>\n<p>*   *   *<\/p>\n<p>Las referencias prometidas: <a href=\"http:\/\/lacolumna.wordpress.com\">este sitio<\/a> tiene una muy buena cobertura; este video (<em>La doctrina del choque<\/em>, o <em>The Shock Doctrine<\/em>, de Naomi Klein y Alfonso Cuar\u00f3n) habla muy claro de la creaci\u00f3n de miedo con fines de manipulaci\u00f3n:<\/p>\n<div align=center><object width=\"445\" height=\"364\"><param name=\"movie\" value=\"http:\/\/www.youtube.com\/v\/_nNJM0kKrDQ&#038;hl=es&#038;fs=1&#038;rel=0&#038;border=1\"><\/param><param name=\"allowFullScreen\" value=\"true\"><\/param><param name=\"allowscriptaccess\" value=\"always\"><\/param><\/object><\/div>\n","protected":false},"excerpt":{"rendered":"<p>Junto con un par de enlaces \u00fatiles para estos tiempos de influenza, una convocatoria abierta: arte contra el miedo. Sigan leyendo.<\/p>\n","protected":false},"author":1,"featured_media":0,"comment_status":"open","ping_status":"open","sticky":false,"template":"","format":"standard","meta":{"advanced_seo_description":"","jetpack_seo_html_title":"","jetpack_seo_noindex":false,"jetpack_post_was_ever_published":false,"_jetpack_newsletter_access":"","_jetpack_dont_email_post_to_subs":true,"_jetpack_newsletter_tier_id":0,"_jetpack_memberships_contains_paywalled_content":false,"_jetpack_memberships_contains_paid_content":false,"footnotes":"","jetpack_publicize_message":"","jetpack_publicize_feature_enabled":true,"jetpack_social_post_already_shared":false,"jetpack_social_options":{"image_generator_settings":{"template":"highway","default_image_id":0,"font":"","enabled":false},"version":2}},"categories":[3],"tags":[1291,62,1288,18,21,6,1286,1287,8,1289,2855,1290,752,16],"class_list":["post-2967","post","type-post","status-publish","format-standard","hentry","category-lo-nuevo","tag-alfonso-cuaron","tag-arte-y-tecnologia","tag-artes","tag-blogosfera","tag-convocatorias","tag-general","tag-influenza","tag-inmunizarte","tag-internet","tag-la-doctrina-del-choque","tag-literatura","tag-naomi-klein","tag-proyectos","tag-video"],"jetpack_publicize_connections":[],"jetpack_featured_media_url":"","jetpack_shortlink":"https:\/\/wp.me\/pjEhq-LR","jetpack_sharing_enabled":true,"_links":{"self":[{"href":"https:\/\/www.lashistorias.com.mx\/index.php\/wp-json\/wp\/v2\/posts\/2967","targetHints":{"allow":["GET"]}}],"collection":[{"href":"https:\/\/www.lashistorias.com.mx\/index.php\/wp-json\/wp\/v2\/posts"}],"about":[{"href":"https:\/\/www.lashistorias.com.mx\/index.php\/wp-json\/wp\/v2\/types\/post"}],"author":[{"embeddable":true,"href":"https:\/\/www.lashistorias.com.mx\/index.php\/wp-json\/wp\/v2\/users\/1"}],"replies":[{"embeddable":true,"href":"https:\/\/www.lashistorias.com.mx\/index.php\/wp-json\/wp\/v2\/comments?post=2967"}],"version-history":[{"count":21,"href":"https:\/\/www.lashistorias.com.mx\/index.php\/wp-json\/wp\/v2\/posts\/2967\/revisions"}],"predecessor-version":[{"id":5238,"href":"https:\/\/www.lashistorias.com.mx\/index.php\/wp-json\/wp\/v2\/posts\/2967\/revisions\/5238"}],"wp:attachment":[{"href":"https:\/\/www.lashistorias.com.mx\/index.php\/wp-json\/wp\/v2\/media?parent=2967"}],"wp:term":[{"taxonomy":"category","embeddable":true,"href":"https:\/\/www.lashistorias.com.mx\/index.php\/wp-json\/wp\/v2\/categories?post=2967"},{"taxonomy":"post_tag","embeddable":true,"href":"https:\/\/www.lashistorias.com.mx\/index.php\/wp-json\/wp\/v2\/tags?post=2967"}],"curies":[{"name":"wp","href":"https:\/\/api.w.org\/{rel}","templated":true}]}}