{"id":2923,"date":"2009-04-23T13:30:37","date_gmt":"2009-04-23T18:30:37","guid":{"rendered":"http:\/\/www.lashistorias.com.mx\/?p=2923"},"modified":"2016-10-26T10:23:08","modified_gmt":"2016-10-26T15:23:08","slug":"circulo-de-lectura-edgar-allan-poe","status":"publish","type":"post","link":"https:\/\/www.lashistorias.com.mx\/index.php\/circulo-de-lectura-edgar-allan-poe\/","title":{"rendered":"C\u00edrculo de lectura: Edgar Allan Poe"},"content":{"rendered":"<p><strong>[fusion_builder_container hundred_percent=\u00bbyes\u00bb overflow=\u00bbvisible\u00bb][fusion_builder_row][fusion_builder_column type=\u00bb1_1&#8243; background_position=\u00bbleft top\u00bb background_color=\u00bb\u00bb border_size=\u00bb\u00bb border_color=\u00bb\u00bb border_style=\u00bbsolid\u00bb spacing=\u00bbyes\u00bb background_image=\u00bb\u00bb background_repeat=\u00bbno-repeat\u00bb padding=\u00bb\u00bb margin_top=\u00bb0px\u00bb margin_bottom=\u00bb0px\u00bb class=\u00bb\u00bb id=\u00bb\u00bb animation_type=\u00bb\u00bb animation_speed=\u00bb0.3&#8243; animation_direction=\u00bbleft\u00bb hide_on_mobile=\u00bbno\u00bb center_content=\u00bbno\u00bb min_height=\u00bbnone\u00bb][Actualizaci\u00f3n: como todas las actividades de Bellas Artes para estos d\u00edas se han detenido, debido al brote de influenza, la fecha de inicio del c\u00edrculo de lectura se ha cambiado al s\u00e1bado 9 de mayo]<\/strong><\/p>\n<p>A\u00fan quedan lugares: el <a href=\"http:\/\/www.literaturainba.com\/centro_lectura.php\">Centro de Lectura Condesa<\/a> invita al c\u00edrculo de lectura \u00abEdgar Allan Poe\u00bb, que durante cuatro meses, en sesiones quincenales, se dedicar\u00e1 a comentar varias de las obras m\u00e1s relevantes de Poe, desde sus cuentos cl\u00e1sicos hasta su obra po\u00e9tica, sus ensayos y <em>Poliziano<\/em>, su \u00fanica obra teatral. Coordinaremos el c\u00edrculo mi querida amiga <a href=\"http:\/\/criptas.blogspot.com\">Erika Mergruen<\/a> y yo mismo.<\/p>\n<p>Las sesiones se llevar\u00e1n a cabo un s\u00e1bado s\u00ed y otro no, de 13:00 a 16:00 horas, empezando <strike>este s\u00e1bado, 25 de abril<\/strike> el s\u00e1bado 9 de mayo. Las inscripciones (el costo de todo el curso ser\u00e1 de $300) est\u00e1n abiertas ahora mismo en el Centro, que est\u00e1 en Nuevo Le\u00f3n 91, en la colonia Condesa. Los tel\u00e9fonos: 5553 5268 y 5553 5269. El correo electr\u00f3nico: cnl.clc@correo.inba.gob.mx.<\/p>\n<p>Ojal\u00e1 los veamos por all\u00e1&#8230;[\/fusion_builder_column][\/fusion_builder_row][\/fusion_builder_container]\n","protected":false},"excerpt":{"rendered":"<p>El Centro de Lectura Condesa invita: un ciclo de sesiones de lectura comentada de las grandes obras de Poe a partir del 9 de mayo.<\/p>\n","protected":false},"author":1,"featured_media":0,"comment_status":"open","ping_status":"open","sticky":false,"template":"","format":"standard","meta":{"advanced_seo_description":"","jetpack_seo_html_title":"","jetpack_seo_noindex":false,"jetpack_post_was_ever_published":false,"_jetpack_newsletter_access":"","_jetpack_dont_email_post_to_subs":true,"_jetpack_newsletter_tier_id":0,"_jetpack_memberships_contains_paywalled_content":false,"_jetpack_memberships_contains_paid_content":false,"footnotes":"","jetpack_publicize_message":"","jetpack_publicize_feature_enabled":true,"jetpack_social_post_already_shared":false,"jetpack_social_options":{"image_generator_settings":{"template":"highway","default_image_id":0,"font":"","enabled":false},"version":2}},"categories":[23,3],"tags":[570,93,142,182,25,6,352,2855,914],"class_list":["post-2923","post","type-post","status-publish","format-standard","hentry","category-cursos-y-talleres","category-lo-nuevo","tag-breves","tag-centro-de-lectura-condesa","tag-edgar-allan-poe","tag-erika-mergruen","tag-escritores","tag-general","tag-lectura","tag-literatura","tag-poe2009"],"jetpack_publicize_connections":[],"jetpack_featured_media_url":"","jetpack_shortlink":"https:\/\/wp.me\/pjEhq-L9","jetpack_sharing_enabled":true,"_links":{"self":[{"href":"https:\/\/www.lashistorias.com.mx\/index.php\/wp-json\/wp\/v2\/posts\/2923","targetHints":{"allow":["GET"]}}],"collection":[{"href":"https:\/\/www.lashistorias.com.mx\/index.php\/wp-json\/wp\/v2\/posts"}],"about":[{"href":"https:\/\/www.lashistorias.com.mx\/index.php\/wp-json\/wp\/v2\/types\/post"}],"author":[{"embeddable":true,"href":"https:\/\/www.lashistorias.com.mx\/index.php\/wp-json\/wp\/v2\/users\/1"}],"replies":[{"embeddable":true,"href":"https:\/\/www.lashistorias.com.mx\/index.php\/wp-json\/wp\/v2\/comments?post=2923"}],"version-history":[{"count":12,"href":"https:\/\/www.lashistorias.com.mx\/index.php\/wp-json\/wp\/v2\/posts\/2923\/revisions"}],"predecessor-version":[{"id":12852,"href":"https:\/\/www.lashistorias.com.mx\/index.php\/wp-json\/wp\/v2\/posts\/2923\/revisions\/12852"}],"wp:attachment":[{"href":"https:\/\/www.lashistorias.com.mx\/index.php\/wp-json\/wp\/v2\/media?parent=2923"}],"wp:term":[{"taxonomy":"category","embeddable":true,"href":"https:\/\/www.lashistorias.com.mx\/index.php\/wp-json\/wp\/v2\/categories?post=2923"},{"taxonomy":"post_tag","embeddable":true,"href":"https:\/\/www.lashistorias.com.mx\/index.php\/wp-json\/wp\/v2\/tags?post=2923"}],"curies":[{"name":"wp","href":"https:\/\/api.w.org\/{rel}","templated":true}]}}