{"id":292,"date":"2008-04-14T08:41:07","date_gmt":"2008-04-14T13:41:07","guid":{"rendered":"http:\/\/www.lashistorias.com.mx\/blog\/?p=345"},"modified":"2016-10-26T10:24:04","modified_gmt":"2016-10-26T15:24:04","slug":"pronto-muy-pronto","status":"publish","type":"post","link":"https:\/\/www.lashistorias.com.mx\/index.php\/pronto-muy-pronto\/","title":{"rendered":"Noticias y libros"},"content":{"rendered":"<p>Una invitaci\u00f3n: dentro del segundo Encuentro Internacional de Escritores de Oaxaca, este lunes 28 estar\u00e9 en una mesa redonda titulada \u00abRudos vs T\u00e9cnicos I: debate entre los nuevos narradores mexicanos\u00bb. Ser\u00e1 a las 18:15 horas y el programa anuncia:<\/p>\n<blockquote><p>Alberto Chimal<br \/>\nAntonio Ramos<br \/>\nXimena S\u00e1nchez Echenique<br \/>\nMayra Luna<br \/>\n<em>R\u00e9feri: <\/em>Ricardo Cayuela<\/p><\/blockquote>\n<p>Vamos a ver qu\u00e9 pasa (habr\u00e1 otras \u00abluchas\u00bb en d\u00edas posteriores, y lamentar\u00e9 mucho perderme varias de ellas). La cita &#8211;si hay cualquier cambio lo pondr\u00e9 aqu\u00ed mismo&#8211; es en la explanada del nuevo edificio de Rector\u00eda de la Universidad Aut\u00f3noma Benito Ju\u00e1rez, que est\u00e1 en Av. Universidad s\/n, Col. Ex 5 Se\u00f1ores, en Oaxaca. Habr\u00e1 m\u00e1s detalles, muy pronto, en el blog del incansable <a href=\"http:\/\/atari2600.blogspot.com\">Tryno Maldonado<\/a>, quien como parte de la editorial Almad\u00eda es uno de los organizadores del encuentro. \u00c9ste durar\u00e1 del 25 de abril al 3 de mayo.<\/p>\n<p>Ahora, dos noticias. La primera es que este libro (tambi\u00e9n de Almad\u00eda, como se ver\u00e1) est\u00e1 por salir:<\/p>\n<p><!--more--><\/p>\n<div><a title=\"Grandes Hits\" href=\"http:\/\/atari2600.blogspot.com\/2008\/04\/prximamente-qu-suena-la-nueva-narrativa.html\"><img decoding=\"async\" src=\"https:\/\/www.lashistorias.com.mx\/blog\/wp-content\/2008\/04\/grandeshits.jpg\" alt=\"Grandes Hits\" \/><\/a><\/div>\n<p>Dice el bolet\u00edn:<\/p>\n<blockquote><p>\u00bfA qu\u00e9 suena la nueva narrativa mexicana? \u00bfTiene a\u00fan ecos de canci\u00f3n ranchera, de corrido revolucionario? \u00bfEs todav\u00eda su majestad el rock and roll la banda sonora de nuestros narradores j\u00f3venes como lo fue en su tiempo para la Onda? \u00bfO probablemente sea que la m\u00fasica electr\u00f3nica, el indie y las tentaciones mercantiles del pop y del rockstar-system han marcado de alguna forma a los nuevos escritores?<br \/>\nLos integrantes de esta antolog\u00eda pertenecen a la primera generaci\u00f3n que fue arrullada por un walkman, que cambi\u00f3 las m\u00e1quinas de escribir por una computadora, los balones de futbol por el joystick de un Atari, y que, como ocurri\u00f3 con sus predecesores, se nutri\u00f3 a base de promesas incumplidas por parte del gobierno de su pa\u00eds, unas mayores que otras, como una broma sin fin.<br \/>\nEsta compilaci\u00f3n de diecinueve tracks re\u00fane a aquellos autores nacidos en los setentas que comienzan a llamar la atenci\u00f3n en \u00e9ste y otros pa\u00edses con su muy singular banda sonora: letras c\u00ednicas y desconfiadas, con influencia de nuevos ritmos, latitudes y tradiciones. El ingeniero de sonido nos presenta en un solo caset los grandes temas de Alberto Chimal, Bernardo Esquinca, Bernardo Fern\u00e1ndez Bef, Julieta Garc\u00eda Gonz\u00e1lez, Jorge Harmodio, Luis Felipe Lomel\u00ed, Mayra Luna, Alejandra Maldonado, Alain-Paul Mallard, David Miklos, Eduardo Montagner, Guadalupe Nettel, Antonio Ortu\u00f1o, Antonio Ramos, Pablo Raphael, Juan Jos\u00e9 Rodr\u00edguez, Ximena S\u00e1nchez Echenique, Mart\u00edn Solares y Heriberto Y\u00e9pez. Una recopilaci\u00f3n de la mejor narrativa joven de M\u00e9xico, que el lector no se puede perder.<\/p><\/blockquote>\n<p>Desde luego, estar en semejante compa\u00f1\u00eda (no s\u00f3lo muchos escritores admirables: tambi\u00e9n muchos amigos) me honra.<br \/>\nY, por si alguien se acuerda de un par de notas previas donde el tema sali\u00f3 a relucir, mi participaci\u00f3n en la antolog\u00eda es un avance de uno de los nuevos proyectos&#8230; y creo todav\u00eda que puede ser una buena sorpresa. Desde ya los invito.<\/p>\n<p>Ahora, la segunda noticia, que viene con algo de retraso. He aqu\u00ed otra portada:<\/p>\n<div><img decoding=\"async\" src=\"https:\/\/www.lashistorias.com.mx\/blog\/wp-content\/2008\/04\/portada_grageas.jpg\" alt=\"portada_grageas.jpg\" \/><\/div>\n<p>Esta <a href=\"http:\/\/cuentosgvh.blogspot.com\/2007\/11\/esta-es-la-ilustracin-de-carlos-nine.html\">antolog\u00eda<\/a>, aparecida en Buenos Aires en 2007, es <em>Grageas: 100 cuentos breves de todo el mundo<\/em>, compilada por Sergio Gaut vel Hartman y publicada por la editorial Desde la Gente. \u00c9sta es otra reuni\u00f3n que agradezco: junto con historias de autores de una docena de pa\u00edses (incluyendo a Ricardo Bernal, Jos\u00e9 Luis Z\u00e1rate, Bef, Edgar Omar Avil\u00e9s y varios otros amigos y colegas), hay un texto m\u00edo: \u00abLas ciudades se levantan\u00bb, una aventura peque\u00f1itita de Horacio Kustos.<\/p>\n","protected":false},"excerpt":{"rendered":"<p>Una invitaci\u00f3n: dentro del segundo Encuentro Internacional de Escritores de Oaxaca, este lunes 28 estar\u00e9 en una mesa redonda titulada \u00abRudos vs T\u00e9cnicos I: debate entre los nuevos narradores mexicanos\u00bb. Ser\u00e1 a las 18:15 horas y el programa anuncia: Alberto Chimal Antonio Ramos Ximena S\u00e1nchez Echenique Mayra Luna R\u00e9feri: Ricardo Cayuela Vamos a ver qu\u00e9&#8230;<\/p>\n","protected":false},"author":1,"featured_media":0,"comment_status":"open","ping_status":"open","sticky":false,"template":"","format":"standard","meta":{"advanced_seo_description":"","jetpack_seo_html_title":"","jetpack_seo_noindex":false,"jetpack_post_was_ever_published":false,"_jetpack_newsletter_access":"","_jetpack_dont_email_post_to_subs":true,"_jetpack_newsletter_tier_id":0,"_jetpack_memberships_contains_paywalled_content":false,"_jetpack_memberships_contains_paid_content":false,"footnotes":"","jetpack_publicize_message":"","jetpack_publicize_feature_enabled":true,"jetpack_social_post_already_shared":false,"jetpack_social_options":{"image_generator_settings":{"template":"highway","default_image_id":0,"font":"","enabled":false},"version":2}},"categories":[14],"tags":[43,17,22,25,198,257,258,2855,2856,498,533],"class_list":["post-292","post","type-post","status-publish","format-standard","hentry","category-sin-clasificar","tag-almadia","tag-amistades","tag-cuento","tag-escritores","tag-escritores-mexicanos","tag-grageas","tag-grandes-hits","tag-literatura","tag-publicaciones","tag-sergio-gaut-vel-hartman","tag-tryno-maldonado"],"jetpack_publicize_connections":[],"jetpack_featured_media_url":"","jetpack_shortlink":"https:\/\/wp.me\/pjEhq-4I","jetpack_sharing_enabled":true,"_links":{"self":[{"href":"https:\/\/www.lashistorias.com.mx\/index.php\/wp-json\/wp\/v2\/posts\/292","targetHints":{"allow":["GET"]}}],"collection":[{"href":"https:\/\/www.lashistorias.com.mx\/index.php\/wp-json\/wp\/v2\/posts"}],"about":[{"href":"https:\/\/www.lashistorias.com.mx\/index.php\/wp-json\/wp\/v2\/types\/post"}],"author":[{"embeddable":true,"href":"https:\/\/www.lashistorias.com.mx\/index.php\/wp-json\/wp\/v2\/users\/1"}],"replies":[{"embeddable":true,"href":"https:\/\/www.lashistorias.com.mx\/index.php\/wp-json\/wp\/v2\/comments?post=292"}],"version-history":[{"count":4,"href":"https:\/\/www.lashistorias.com.mx\/index.php\/wp-json\/wp\/v2\/posts\/292\/revisions"}],"predecessor-version":[{"id":5784,"href":"https:\/\/www.lashistorias.com.mx\/index.php\/wp-json\/wp\/v2\/posts\/292\/revisions\/5784"}],"wp:attachment":[{"href":"https:\/\/www.lashistorias.com.mx\/index.php\/wp-json\/wp\/v2\/media?parent=292"}],"wp:term":[{"taxonomy":"category","embeddable":true,"href":"https:\/\/www.lashistorias.com.mx\/index.php\/wp-json\/wp\/v2\/categories?post=292"},{"taxonomy":"post_tag","embeddable":true,"href":"https:\/\/www.lashistorias.com.mx\/index.php\/wp-json\/wp\/v2\/tags?post=292"}],"curies":[{"name":"wp","href":"https:\/\/api.w.org\/{rel}","templated":true}]}}