{"id":2822,"date":"2009-04-15T11:59:16","date_gmt":"2009-04-15T16:59:16","guid":{"rendered":"http:\/\/www.lashistorias.com.mx\/?p=2822"},"modified":"2016-10-26T10:23:08","modified_gmt":"2016-10-26T15:23:08","slug":"los-esclavos-se-presenta-en-radio","status":"publish","type":"post","link":"https:\/\/www.lashistorias.com.mx\/index.php\/los-esclavos-se-presenta-en-radio\/","title":{"rendered":"<em>Los esclavos<\/em> se presenta en radio"},"content":{"rendered":"<p>El programa <em>Sonograf\u00eda<\/em> de <a href=\"http:\/\/www.edomexico.gob.mx\/portalgem\/tvmex\/\">Radio Mexiquense<\/a> transmitir\u00e1 un especial ma\u00f1ana, de 16:00 a 18:00 horas (hora del centro de M\u00e9xico): una presentaci\u00f3n virtual de <em>Los esclavos<\/em>. Entre varios fragmentos de la novela, conversaremos sobre la misma y habr\u00e1 la posibilidad de que los escuchas interact\u00faen, pregunten, env\u00eden mensajes; adem\u00e1s, como el programa es de m\u00fasica, me dejar\u00e1n poner los discos&#8230; o seleccionar los MP3, o como queramos decirle. La lista ser\u00e1 (espero) interesante: sin duda, al menos una o dos de las piezas ser\u00e1n reconocidas por muchas personas, y una o dos m\u00e1s no se han transmitido nunca. Los invito a escuchar.<\/p>\n<p>Se puede sintonizar la estaci\u00f3n en el 91.7 de FM en la ciudad de Toluca y sus alrededores; por Internet, la direcci\u00f3n para o\u00edr (requiere Real Player) es <a href=\"rtsp:\/\/radiomexiquense.edomexico.gob.mx\/broadcast\/radio917.rm\">rtsp:\/\/radiomexiquense.edomexico.gob.mx\/broadcast\/radio917.rm<\/a>.<\/p>\n<p>Gracias a mi querida amiga Elisenda Dom\u00ednguez por esta oportunidad tan inesperada.<\/p>\n","protected":false},"excerpt":{"rendered":"<p>&#8230;en un programa de dos horas con m\u00fasica, textos y m\u00e1s, ma\u00f1ana jueves a las 16:00. Todos los detalles en la nota.<\/p>\n","protected":false},"author":1,"featured_media":0,"comment_status":"open","ping_status":"open","sticky":false,"template":"","format":"standard","meta":{"advanced_seo_description":"","jetpack_seo_html_title":"","jetpack_seo_noindex":false,"jetpack_post_was_ever_published":false,"_jetpack_newsletter_access":"","_jetpack_dont_email_post_to_subs":true,"_jetpack_newsletter_tier_id":0,"_jetpack_memberships_contains_paywalled_content":false,"_jetpack_memberships_contains_paid_content":false,"footnotes":"","jetpack_publicize_message":"","jetpack_publicize_feature_enabled":true,"jetpack_social_post_already_shared":false,"jetpack_social_options":{"image_generator_settings":{"template":"highway","default_image_id":0,"font":"","enabled":false},"version":2}},"categories":[3],"tags":[43,570,8,2855,1055,10,12,2856,1252,1253],"class_list":["post-2822","post","type-post","status-publish","format-standard","hentry","category-lo-nuevo","tag-almadia","tag-breves","tag-internet","tag-literatura","tag-los-esclavos","tag-novela","tag-presentaciones","tag-publicaciones","tag-radio-mexiquense","tag-sonografia"],"jetpack_publicize_connections":[],"jetpack_featured_media_url":"","jetpack_shortlink":"https:\/\/wp.me\/pjEhq-Jw","jetpack_sharing_enabled":true,"_links":{"self":[{"href":"https:\/\/www.lashistorias.com.mx\/index.php\/wp-json\/wp\/v2\/posts\/2822","targetHints":{"allow":["GET"]}}],"collection":[{"href":"https:\/\/www.lashistorias.com.mx\/index.php\/wp-json\/wp\/v2\/posts"}],"about":[{"href":"https:\/\/www.lashistorias.com.mx\/index.php\/wp-json\/wp\/v2\/types\/post"}],"author":[{"embeddable":true,"href":"https:\/\/www.lashistorias.com.mx\/index.php\/wp-json\/wp\/v2\/users\/1"}],"replies":[{"embeddable":true,"href":"https:\/\/www.lashistorias.com.mx\/index.php\/wp-json\/wp\/v2\/comments?post=2822"}],"version-history":[{"count":4,"href":"https:\/\/www.lashistorias.com.mx\/index.php\/wp-json\/wp\/v2\/posts\/2822\/revisions"}],"predecessor-version":[{"id":5889,"href":"https:\/\/www.lashistorias.com.mx\/index.php\/wp-json\/wp\/v2\/posts\/2822\/revisions\/5889"}],"wp:attachment":[{"href":"https:\/\/www.lashistorias.com.mx\/index.php\/wp-json\/wp\/v2\/media?parent=2822"}],"wp:term":[{"taxonomy":"category","embeddable":true,"href":"https:\/\/www.lashistorias.com.mx\/index.php\/wp-json\/wp\/v2\/categories?post=2822"},{"taxonomy":"post_tag","embeddable":true,"href":"https:\/\/www.lashistorias.com.mx\/index.php\/wp-json\/wp\/v2\/tags?post=2822"}],"curies":[{"name":"wp","href":"https:\/\/api.w.org\/{rel}","templated":true}]}}