{"id":267,"date":"2007-12-31T03:36:02","date_gmt":"2007-12-31T09:36:02","guid":{"rendered":"http:\/\/www.lashistorias.com.mx\/blog\/?p=308"},"modified":"2016-10-26T10:24:12","modified_gmt":"2016-10-26T15:24:12","slug":"feliz-2008","status":"publish","type":"post","link":"https:\/\/www.lashistorias.com.mx\/index.php\/feliz-2008\/","title":{"rendered":"Feliz 2008"},"content":{"rendered":"<p>Gracias a todos, para empezar, por venir hasta este sitio, dejarle comentarios, enlazarlo y en general darle vida: ese es de mis regalos para estas fiestas, y es uno que aprecio mucho.<\/p>\n<p>Para despedir este a\u00f1o, o darle la bienvenida al que llega (supongo que no muchos de ustedes ver\u00e1n esto el 31 de diciembre), les dejo algunos hallazgos, empezando por el siguiente: \u00abJo\u017ein z Ba\u017ein\u00bb, una canci\u00f3n de Ivan Ml\u00e1dek y su grupo, interpretada para la televisi\u00f3n estatal de la antigua Checoslovaquia en 1978. El t\u00edtulo quiere decir algo como \u00abPepe el del pantano\u00bb, pero no tengo idea de qu\u00e9 dir\u00e1 la letra. Tal vez no hace tanta falta:<\/p>\n[fusion_builder_container hundred_percent=\u00bbyes\u00bb overflow=\u00bbvisible\u00bb][fusion_builder_row][fusion_builder_column type=\u00bb1_1&#8243; background_position=\u00bbleft top\u00bb background_color=\u00bb\u00bb border_size=\u00bb\u00bb border_color=\u00bb\u00bb border_style=\u00bbsolid\u00bb spacing=\u00bbyes\u00bb background_image=\u00bb\u00bb background_repeat=\u00bbno-repeat\u00bb padding=\u00bb\u00bb margin_top=\u00bb0px\u00bb margin_bottom=\u00bb0px\u00bb class=\u00bb\u00bb id=\u00bb\u00bb animation_type=\u00bb\u00bb animation_speed=\u00bb0.3&#8243; animation_direction=\u00bbleft\u00bb hide_on_mobile=\u00bbno\u00bb center_content=\u00bbno\u00bb min_height=\u00bbnone\u00bb]<span class=\"embed-youtube\" style=\"text-align:center; display: block;\"><iframe loading=\"lazy\" class=\"youtube-player\" width=\"1140\" height=\"642\" src=\"https:\/\/www.youtube.com\/embed\/S3tG1X5ewAg?version=3&#038;rel=1&#038;showsearch=0&#038;showinfo=1&#038;iv_load_policy=1&#038;fs=1&#038;hl=es-ES&#038;autohide=2&#038;wmode=transparent\" allowfullscreen=\"true\" style=\"border:0;\" sandbox=\"allow-scripts allow-same-origin allow-popups allow-presentation allow-popups-to-escape-sandbox\"><\/iframe><\/span>\n<p><em>(esto estaba, de entre todos los sitios posibles, en el sitio de <a href=\"http:\/\/www.warrenellis.com\">Warren Ellis<\/a>)<\/em><\/p>\n<p>Y ahora lo dem\u00e1s:<br \/>\n<!--more-->1. Primero, <em>El hombre orquesta<\/em> (1900), un breve corto del gran Georges M\u00e9li\u00e8s.<\/p>\n<span class=\"embed-youtube\" style=\"text-align:center; display: block;\"><iframe loading=\"lazy\" class=\"youtube-player\" width=\"1140\" height=\"642\" src=\"https:\/\/www.youtube.com\/embed\/gaaY2eQ1Lv4?version=3&#038;rel=1&#038;showsearch=0&#038;showinfo=1&#038;iv_load_policy=1&#038;fs=1&#038;hl=es-ES&#038;autohide=2&#038;wmode=transparent\" allowfullscreen=\"true\" style=\"border:0;\" sandbox=\"allow-scripts allow-same-origin allow-popups allow-presentation allow-popups-to-escape-sandbox\"><\/iframe><\/span>\n<p>2. Luego, <em>Los Kiriki, acr\u00f3batas japoneses<\/em> (1907), de Segundo de Chom\u00f3n, que este a\u00f1o hizo sufrir a los participantes de Caza de Letras (pero esa es otra historia):<\/p>\n<span class=\"embed-youtube\" style=\"text-align:center; display: block;\"><iframe loading=\"lazy\" class=\"youtube-player\" width=\"1140\" height=\"642\" src=\"https:\/\/www.youtube.com\/embed\/GfbpDOSVSRo?version=3&#038;rel=1&#038;showsearch=0&#038;showinfo=1&#038;iv_load_policy=1&#038;fs=1&#038;hl=es-ES&#038;autohide=2&#038;wmode=transparent\" allowfullscreen=\"true\" style=\"border:0;\" sandbox=\"allow-scripts allow-same-origin allow-popups allow-presentation allow-popups-to-escape-sandbox\"><\/iframe><\/span>\n<p>3. De los archivos de <a href=\"http:\/\/www.youtube.com\/profile?user=TheMotionBrigades\">The Motion Brigades<\/a>, <em>Retrato infiel<\/em> (1981) de Ewa Bibanska.<\/p>\n<span class=\"embed-youtube\" style=\"text-align:center; display: block;\"><iframe loading=\"lazy\" class=\"youtube-player\" width=\"1140\" height=\"642\" src=\"https:\/\/www.youtube.com\/embed\/J6ndueUkjZI?version=3&#038;rel=1&#038;showsearch=0&#038;showinfo=1&#038;iv_load_policy=1&#038;fs=1&#038;hl=es-ES&#038;autohide=2&#038;wmode=transparent\" allowfullscreen=\"true\" style=\"border:0;\" sandbox=\"allow-scripts allow-same-origin allow-popups allow-presentation allow-popups-to-escape-sandbox\"><\/iframe><\/span>\n<p>4. Y por \u00faltimo, de la misma fuente, <em>Los astronautas<\/em> (1959) un corto en dos partes de Walerian Borowczyk y Chris Marker, con una mezcla de t\u00e9cnicas de lo m\u00e1s interesante:<\/p>\n<p>I.<br \/>\n<span class=\"embed-youtube\" style=\"text-align:center; display: block;\"><iframe loading=\"lazy\" class=\"youtube-player\" width=\"1140\" height=\"642\" src=\"https:\/\/www.youtube.com\/embed\/1b6eSg1R5UM?version=3&#038;rel=1&#038;showsearch=0&#038;showinfo=1&#038;iv_load_policy=1&#038;fs=1&#038;hl=es-ES&#038;autohide=2&#038;wmode=transparent\" allowfullscreen=\"true\" style=\"border:0;\" sandbox=\"allow-scripts allow-same-origin allow-popups allow-presentation allow-popups-to-escape-sandbox\"><\/iframe><\/span>\n<p>II.<br \/>\n<span class=\"embed-youtube\" style=\"text-align:center; display: block;\"><iframe loading=\"lazy\" class=\"youtube-player\" width=\"1140\" height=\"642\" src=\"https:\/\/www.youtube.com\/embed\/mdrP-4x4Czs?version=3&#038;rel=1&#038;showsearch=0&#038;showinfo=1&#038;iv_load_policy=1&#038;fs=1&#038;hl=es-ES&#038;autohide=2&#038;wmode=transparent\" allowfullscreen=\"true\" style=\"border:0;\" sandbox=\"allow-scripts allow-same-origin allow-popups allow-presentation allow-popups-to-escape-sandbox\"><\/iframe><\/span>\n<p>Divi\u00e9rtanse y disfruten donde est\u00e9n. Que, sin importar c\u00f3mo haya sido este a\u00f1o, 2008 sea mejor. Hasta pronto.[\/fusion_builder_column][\/fusion_builder_row][\/fusion_builder_container]\n","protected":false},"excerpt":{"rendered":"<p>Gracias a todos, para empezar, por venir hasta este sitio, dejarle comentarios, enlazarlo y en general darle vida: ese es de mis regalos para estas fiestas, y es uno que aprecio mucho. Para despedir este a\u00f1o, o darle la bienvenida al que llega (supongo que no muchos de ustedes ver\u00e1n esto el 31 de diciembre),&#8230;<\/p>\n","protected":false},"author":1,"featured_media":0,"comment_status":"open","ping_status":"open","sticky":false,"template":"","format":"standard","meta":{"advanced_seo_description":"","jetpack_seo_html_title":"","jetpack_seo_noindex":false,"jetpack_post_was_ever_published":false,"_jetpack_newsletter_access":"","_jetpack_dont_email_post_to_subs":true,"_jetpack_newsletter_tier_id":0,"_jetpack_memberships_contains_paywalled_content":false,"_jetpack_memberships_contains_paid_content":false,"footnotes":"","jetpack_publicize_message":"","jetpack_publicize_feature_enabled":true,"jetpack_social_post_already_shared":false,"jetpack_social_options":{"image_generator_settings":{"template":"highway","default_image_id":0,"font":"","enabled":false},"version":2}},"categories":[14],"tags":[52,97,2860,111,211,224,6,249,282,297,2863,494,522,16,548,549],"class_list":["post-267","post","type-post","status-publish","format-standard","hentry","category-sin-clasificar","tag-animacion","tag-chris-marker","tag-cine","tag-cortometraje","tag-ewa-bibanska","tag-feliz-2008","tag-general","tag-georges-melies","tag-humor","tag-ivan-mladek","tag-musica","tag-segundo-de-chomon","tag-the-motion-brigades","tag-video","tag-walerian-borowczyk","tag-warren-ellis"],"jetpack_publicize_connections":[],"jetpack_featured_media_url":"","jetpack_shortlink":"https:\/\/wp.me\/pjEhq-4j","jetpack_sharing_enabled":true,"_links":{"self":[{"href":"https:\/\/www.lashistorias.com.mx\/index.php\/wp-json\/wp\/v2\/posts\/267","targetHints":{"allow":["GET"]}}],"collection":[{"href":"https:\/\/www.lashistorias.com.mx\/index.php\/wp-json\/wp\/v2\/posts"}],"about":[{"href":"https:\/\/www.lashistorias.com.mx\/index.php\/wp-json\/wp\/v2\/types\/post"}],"author":[{"embeddable":true,"href":"https:\/\/www.lashistorias.com.mx\/index.php\/wp-json\/wp\/v2\/users\/1"}],"replies":[{"embeddable":true,"href":"https:\/\/www.lashistorias.com.mx\/index.php\/wp-json\/wp\/v2\/comments?post=267"}],"version-history":[{"count":5,"href":"https:\/\/www.lashistorias.com.mx\/index.php\/wp-json\/wp\/v2\/posts\/267\/revisions"}],"predecessor-version":[{"id":12909,"href":"https:\/\/www.lashistorias.com.mx\/index.php\/wp-json\/wp\/v2\/posts\/267\/revisions\/12909"}],"wp:attachment":[{"href":"https:\/\/www.lashistorias.com.mx\/index.php\/wp-json\/wp\/v2\/media?parent=267"}],"wp:term":[{"taxonomy":"category","embeddable":true,"href":"https:\/\/www.lashistorias.com.mx\/index.php\/wp-json\/wp\/v2\/categories?post=267"},{"taxonomy":"post_tag","embeddable":true,"href":"https:\/\/www.lashistorias.com.mx\/index.php\/wp-json\/wp\/v2\/tags?post=267"}],"curies":[{"name":"wp","href":"https:\/\/api.w.org\/{rel}","templated":true}]}}