{"id":25,"date":"2005-12-13T00:44:46","date_gmt":"2005-12-13T06:44:46","guid":{"rendered":"http:\/\/www.lashistorias.com.mx\/blog\/?p=38"},"modified":"2016-10-26T10:25:04","modified_gmt":"2016-10-26T15:25:04","slug":"maaaaaaal-tercera-parte","status":"publish","type":"post","link":"https:\/\/www.lashistorias.com.mx\/index.php\/maaaaaaal-tercera-parte\/","title":{"rendered":"Maaaaaaal (tercera parte)"},"content":{"rendered":"<p>Este fragmento de Arthur Machen (proviene de <em>El pueblo blanco<\/em>, de 1898) me parece uno de los mejores y m\u00e1s l\u00facidos comentarios sobre el \u00abmal\u00bb que me ha tocado leer:<!--more--><\/p>\n<blockquote><p><img decoding=\"async\" src=\"https:\/\/www.lashistorias.com.mx\/blog\/wp-content\/machen1.jpg\" alt=\"Arthur Machen\" \/>Los grandes, tanto en el bien como en el mal, son los que abandonan las copias imperfectas y se dirigen a los originales perfectos. Para mi no existe la menor duda, los mas excelsos entre los santos jam\u00e1s hicieron \u00abuna buena acci\u00f3n\u00bb, en el sentido com\u00fan de la palabra. Por el contrario existen hombres que han descendido hasta el fondo de los abismos del mal, y que en toda su vida, no han cometido lo que vosotros llam\u00e1is una \u00abmala acci\u00f3n\u00bb.<br \/>\n(\u2026)<br \/>\nLa santidad exige un esfuerzo igualmente grande, o poco menos, pero es un esfuerzo que se realiza por caminos que eran anta\u00f1o naturales. Se trata de volver a encontrar el \u00e9xtasis que conoci\u00f3 el hombre antes de la ca\u00edda. En cambio el pecado es una tentativa de obtener un \u00e9xtasis y un saber que no existen y que jam\u00e1s han sido dados al hombre y el que lo intenta se convierte en demonio. Ya le he dicho que el simple asesino no es necesariamente un pecador. Esto es cierto, pero el pecador es a veces asesino. Pienso en Gilles de Rais, por ejemplo. Considere que, si el bien y el mal est\u00e1n igualmente fuera del alcance del hombre contempor\u00e1neo, del hombre corriente, social y civilizado, el mal lo esta en un sentido mucho mas profundo. El santo se esfuerza en recobrar un don que ha perdido; el pecador persigue algo que no ha pose\u00eddo jam\u00e1s.<\/p><\/blockquote>\n<p>Muy pocos, entre los escritores actuales, se interesan de verdad por semejantes alturas y semejantes simas. El mal, contra lo que creen, no es el espect\u00e1culo s\u00f3rdido al que damos ese nombre. Y este error &#8211;no otros que ellos celebran&#8211; es de los signos verdaderos de la mediocridad de nuestro tiempo.<\/p>\n<div><img decoding=\"async\" src=\"https:\/\/www.lashistorias.com.mx\/blog\/wp-content\/machen2.jpg\" alt=\"La firma de Arthur Machen\" \/><\/div>\n<p>(Nota: he tomado las im\u00e1genes de esta nota de <a href=\"http:\/\/www.spamula.net\/blog\" target=\"_blank\"><em>Giornale Nuovo<\/em><\/a>, una bit\u00e1cora muy interesante que acabo de descubrir. De all\u00ed he tomado tambi\u00e9n la direcci\u00f3n de la <a href=\"http:\/\/www.machensoc.demon.co.uk\/\" target=\"_blank\">Sociedad de Amigos<\/a> de Machen, un grupo &#8211;ingl\u00e9s&#8211; dedicado a agrupar a los admiradores m\u00e1s apasionados del escritor.)<\/p>\n","protected":false},"excerpt":{"rendered":"<p>Este fragmento de Arthur Machen (proviene de El pueblo blanco, de 1898) me parece uno de los mejores y m\u00e1s l\u00facidos comentarios sobre el \u00abmal\u00bb que me ha tocado leer:<\/p>\n","protected":false},"author":1,"featured_media":0,"comment_status":"open","ping_status":"open","sticky":false,"template":"","format":"standard","meta":{"advanced_seo_description":"","jetpack_seo_html_title":"","jetpack_seo_noindex":false,"jetpack_post_was_ever_published":false,"_jetpack_newsletter_access":"","_jetpack_dont_email_post_to_subs":true,"_jetpack_newsletter_tier_id":0,"_jetpack_memberships_contains_paywalled_content":false,"_jetpack_memberships_contains_paid_content":false,"footnotes":"","jetpack_publicize_message":"","jetpack_publicize_feature_enabled":true,"jetpack_social_post_already_shared":false,"jetpack_social_options":{"image_generator_settings":{"template":"highway","default_image_id":0,"font":"","enabled":false},"version":2}},"categories":[14],"tags":[65,106,184,25,253,2855,364,377,11],"class_list":["post-25","post","type-post","status-publish","format-standard","hentry","category-sin-clasificar","tag-arthur-machen","tag-conformismo","tag-errores","tag-escritores","tag-giornale-nuovo","tag-literatura","tag-literatura-y-mal","tag-mal","tag-opiniones"],"jetpack_publicize_connections":[],"jetpack_featured_media_url":"","jetpack_shortlink":"https:\/\/wp.me\/pjEhq-p","jetpack_sharing_enabled":true,"_links":{"self":[{"href":"https:\/\/www.lashistorias.com.mx\/index.php\/wp-json\/wp\/v2\/posts\/25","targetHints":{"allow":["GET"]}}],"collection":[{"href":"https:\/\/www.lashistorias.com.mx\/index.php\/wp-json\/wp\/v2\/posts"}],"about":[{"href":"https:\/\/www.lashistorias.com.mx\/index.php\/wp-json\/wp\/v2\/types\/post"}],"author":[{"embeddable":true,"href":"https:\/\/www.lashistorias.com.mx\/index.php\/wp-json\/wp\/v2\/users\/1"}],"replies":[{"embeddable":true,"href":"https:\/\/www.lashistorias.com.mx\/index.php\/wp-json\/wp\/v2\/comments?post=25"}],"version-history":[{"count":3,"href":"https:\/\/www.lashistorias.com.mx\/index.php\/wp-json\/wp\/v2\/posts\/25\/revisions"}],"predecessor-version":[{"id":6050,"href":"https:\/\/www.lashistorias.com.mx\/index.php\/wp-json\/wp\/v2\/posts\/25\/revisions\/6050"}],"wp:attachment":[{"href":"https:\/\/www.lashistorias.com.mx\/index.php\/wp-json\/wp\/v2\/media?parent=25"}],"wp:term":[{"taxonomy":"category","embeddable":true,"href":"https:\/\/www.lashistorias.com.mx\/index.php\/wp-json\/wp\/v2\/categories?post=25"},{"taxonomy":"post_tag","embeddable":true,"href":"https:\/\/www.lashistorias.com.mx\/index.php\/wp-json\/wp\/v2\/tags?post=25"}],"curies":[{"name":"wp","href":"https:\/\/api.w.org\/{rel}","templated":true}]}}