{"id":248,"date":"2007-10-19T07:38:36","date_gmt":"2007-10-19T12:38:36","guid":{"rendered":"http:\/\/www.lashistorias.com.mx\/blog\/?p=282"},"modified":"2016-10-26T10:24:16","modified_gmt":"2016-10-26T15:24:16","slug":"primera-lista-de-libros-de-cuentos","status":"publish","type":"post","link":"https:\/\/www.lashistorias.com.mx\/index.php\/primera-lista-de-libros-de-cuentos\/","title":{"rendered":"Primera lista de libros de cuentos"},"content":{"rendered":"<div><img decoding=\"async\" src=\"https:\/\/www.lashistorias.com.mx\/blog\/wp-content\/2007\/10\/bolano.jpg\" alt=\"Roberto Bola\u00f1o\" \/><br \/>\n<span style=\"font-size:80%;\">El m\u00e1s popular (hasta hoy): Roberto Bola\u00f1o<\/span><\/div>\n<p>Hola a todos&#8230; Como promet\u00ed hace poco, he aqu\u00ed los primeros resultados preliminares de <a href=\"https:\/\/www.lashistorias.com.mx\/blog\/?p=197\">la encuesta<\/a> que se abri\u00f3 hace alg\u00fan tiempo en esta bit\u00e1cora para buscar los mejores libros de cuentos latinoamericanos de los \u00faltimos treinta a\u00f1os (1978-2007). Agradezco a todos los interesados que han dejado sus propuestas hasta el momento y los invito a seguir recomendando sus t\u00edtulos y autores predilectos aqu\u00ed mismo, o bien en la <a href=\"https:\/\/www.lashistorias.com.mx\/blog\/?p=197#comments\">secci\u00f3n de comentarios<\/a> de la nota original. Por supuesto, esta lista que estamos armando es arbitraria y subjetiva&#8230;, pero de eso se trata. Y estoy seguro de que muchos de nosotros hemos encontrado sugerencias muy interesantes y que no conoc\u00edamos.<\/p>\n<p>Les recuerdo una vez m\u00e1s: la idea es <a href=\"https:\/\/www.lashistorias.com.mx\/blog\/?p=197#comments\">proponer<\/a> libros de los \u00faltimos treinta a\u00f1os, hechos por escritores de nuestros pa\u00edses. Cuando se mencione m\u00e1s de una vez el mismo libro, se consignar\u00e1 cada propuesta como un \u00abvoto\u00bb (lo que no implica que el libro m\u00e1s votado sea necesariamente \u00abel mejor\u00bb).<\/p>\n<p>Y los resultados, hasta el momento, son:<\/p>\n<p><!--more--><strong>6 votos<\/strong><br \/>\n* Roberto Bola\u00f1o, <em>Putas asesinas<\/em><\/p>\n<p><strong>4 votos<\/strong><br \/>\n* Roberto Bola\u00f1o, <em>Llamadas telef\u00f3nicas<\/em><\/p>\n<p><strong>3 votos<\/strong><br \/>\n* \u00c1lvaro Enrigue, <em>Hipotermia<\/em><br \/>\n* Emiliano Gonz\u00e1lez, <em>Los sue\u00f1os de la bella durmiente<\/em><br \/>\n* Ang\u00e9lica Gorodischer, <em>Kalpa imperial<\/em><\/p>\n<p><strong>2 votos<\/strong><br \/>\n* \u00d3scar de la Borbolla, <em>Las vocales malditas<\/em><br \/>\n* Sergio Pitol, <em>Vals de Mefisto<\/em><\/p>\n<p><strong>1 voto<\/strong><br \/>\n* Jos\u00e9 Agust\u00edn, <em>No hay censura<\/em><br \/>\n* Mauricio Bares, Rub\u00e9n Bonet, Pepe Rojo y J. M. Serv\u00edn, <em>Me ves y sufres<\/em><br \/>\n* Adolfo Bioy Casares, <em>M\u00e1scaras venecianas y otros cuentos<\/em><br \/>\n* Adolfo Bioy Casares, <em>Una mu\u00f1eca rusa<\/em><br \/>\n* Abelardo Castillo, <em>Cuentos completos<\/em><br \/>\n* Jos\u00e9 de la Colina, <em>Portarrelatos<\/em><br \/>\n* Jaime Collyer, <em>La bestia en casa <\/em><br \/>\n* Salvador Elizondo, <em>Camera lucida<\/em><br \/>\n* Guillermo Fadanelli, <em>Comprar\u00e9 un rifle<\/em><br \/>\n* Guillermo Fadanelli, <em>Terlenka<\/em><br \/>\n* Rubem Fonseca, <em>La cofrad\u00eda de los espadas<\/em><br \/>\n* Rodrigo Fres\u00e1n, <em>La velocidad de las cosas<\/em><br \/>\n* Gabriel Garc\u00eda M\u00e1rquez, <em>12 cuentos peregrinos<\/em><br \/>\n* Francisco Hinojosa, <em>Informe negro<\/em><br \/>\n* Mayra Inzunza (comp.), <em>Nov\u00edsimos cuentos de la Rep\u00fablica Mexicana<\/em><br \/>\n* B\u00e1rbara Jacobs, <em>Doce cuentos en contra<\/em><br \/>\n* Mario Levrero, <em>Aguas salobres<\/em><br \/>\n* Tryno Maldonado, <em>Temas y variaciones <\/em><br \/>\n* H\u00e9ctor Manjarrez, <em>No todos los hombres son rom\u00e1nticos<\/em><br \/>\n* Fabio Mor\u00e1bito, <em>Grieta de fatiga <\/em><br \/>\n* Jos\u00e9 Emilio Pacheco, <em>La sangre de Medusa<\/em><br \/>\n* Ignacio Padilla, Eloy Urroz y Jorge Volpi, <em>Tres bosquejos del mal<\/em><br \/>\n* Eduardo Antonio Parra, <em>Los l\u00edmites de la noche<\/em><br \/>\n* Ricardo Piglia, <em>Nombre falso<\/em><br \/>\n* Julio Ram\u00f3n Ribeyro, <em>La palabra del mudo<\/em><br \/>\n* Santiago Roncagliolo, <em>Crecer es un oficio triste<\/em><br \/>\n* Guillermo Samperio, <em>Cuentos completos<\/em><br \/>\n* Esther Seligson, <em>Simiente<\/em><br \/>\n* Ana Mar\u00eda Shua, <em>La sue\u00f1era<\/em><br \/>\n* Pablo Soler Frost, <em>Birmania<\/em><br \/>\n* Paco Ignacio Taibo II, <em>El regreso de la verdadera ara\u00f1a<\/em><br \/>\n* Francisco Tario, <em>Cuentos completos<\/em><br \/>\n* Alejandro Toledo (comp.), <em>El Hilo del Minotauro<\/em><br \/>\n* David Toscana, <em>Historias de lontananza<\/em><br \/>\n* Xavier Velasco, <em>El materialismo hist\u00e9rico<\/em><br \/>\n* Juan Villoro, <em>La casa pierde<\/em><\/p>\n<p>Tres escritores fueron mencionados sin dar t\u00edtulo de libro: Alejo Carpentier, In\u00e9s Arredondo y Enrique Serna.<\/p>\n<p>Por \u00faltimo, quiero agradecer a quienes mencionaron mis propios trabajos (aunque, por supuesto, no puedo poner esos t\u00edtulos en la lista) y dejar enlaces a notas sobre dos libros que quedaron fuera de las fechas propuestas pero que me parecen de lo m\u00e1s interesante:<\/p>\n<p>* Demetrio Aguilera Malta, Joaqu\u00edn Gallegos Lara y Enrique Gil Gilbert, <a href=\"http:\/\/www.edym.com\/books\/esp\/LitIAsXX\/sevan.htm\"><em>Los que se van<\/em><\/a><br \/>\n* Baldomero Lillo, <em>Sub Terra<\/em><\/p>\n<p>Sigamos en esto. Muchos saludos.<\/p>\n","protected":false},"excerpt":{"rendered":"<p>El m\u00e1s popular (hasta hoy): Roberto Bola\u00f1o Hola a todos&#8230; Como promet\u00ed hace poco, he aqu\u00ed los primeros resultados preliminares de la encuesta que se abri\u00f3 hace alg\u00fan tiempo en esta bit\u00e1cora para buscar los mejores libros de cuentos latinoamericanos de los \u00faltimos treinta a\u00f1os (1978-2007). Agradezco a todos los interesados que han dejado sus&#8230;<\/p>\n","protected":false},"author":1,"featured_media":0,"comment_status":"open","ping_status":"open","sticky":false,"template":"","format":"standard","meta":{"advanced_seo_description":"","jetpack_seo_html_title":"","jetpack_seo_noindex":false,"jetpack_post_was_ever_published":false,"_jetpack_newsletter_access":"","_jetpack_dont_email_post_to_subs":true,"_jetpack_newsletter_tier_id":0,"_jetpack_memberships_contains_paywalled_content":false,"_jetpack_memberships_contains_paid_content":false,"footnotes":"","jetpack_publicize_message":"","jetpack_publicize_feature_enabled":true,"jetpack_social_post_already_shared":false,"jetpack_social_options":{"image_generator_settings":{"template":"highway","default_image_id":0,"font":"","enabled":false},"version":2}},"categories":[14],"tags":[30,33,71,48,51,75,18,118,22,126,145,170,171,176,25,190,207,215,234,235,242,261,262,272,284,300,303,320,321,322,323,326,330,2855,380,385,387,970,11,423,427,428,432,469,478,482,483,487,486,489,490,499,533,556],"class_list":["post-248","post","type-post","status-publish","format-standard","hentry","category-sin-clasificar","tag-abelardo-castillo","tag-adolfo-bioy-casares","tag-alvaro-enrigue","tag-ana-maria-shua","tag-angelica-gorodischer","tag-barbara-jacobs","tag-blogosfera","tag-cuentistas","tag-cuento","tag-david-toscana","tag-eduardo-antonio-parra","tag-eloy-urroz","tag-emiliano-gonzalez","tag-encuestas","tag-escritores","tag-escritores-en-espanol","tag-esther-seligson","tag-fabio-morabito","tag-francisco-hinojosa","tag-francisco-tario","tag-gabriel-garcia-marquez","tag-guillermo-fadanelli","tag-guillermo-samperio","tag-hector-manjarrez","tag-ignacio-padilla","tag-j-m-servin","tag-jaime-collyer","tag-jorge-volpi","tag-jose-agustin","tag-jose-de-la-colina","tag-jose-emilio-pacheco","tag-juan-villoro","tag-julio-ramon-ribeyro","tag-literatura","tag-mario-levrero","tag-mauricio-bares","tag-mayra-inzunza","tag-notas-recomendadas","tag-opiniones","tag-oscar-de-la-borbolla","tag-pablo-soler-frost","tag-paco-ignacio-taibo-ii","tag-pepe-rojo","tag-recomendaciones","tag-ricardo-piglia","tag-roberto-bolano","tag-rodrigo-fresan","tag-rubem-fonseca","tag-ruben-bonet","tag-salvador-elizondo","tag-santiago-roncagliolo","tag-sergio-pitol","tag-tryno-maldonado","tag-xavier-velasco"],"jetpack_publicize_connections":[],"jetpack_featured_media_url":"","jetpack_shortlink":"https:\/\/wp.me\/pjEhq-40","jetpack_sharing_enabled":true,"_links":{"self":[{"href":"https:\/\/www.lashistorias.com.mx\/index.php\/wp-json\/wp\/v2\/posts\/248","targetHints":{"allow":["GET"]}}],"collection":[{"href":"https:\/\/www.lashistorias.com.mx\/index.php\/wp-json\/wp\/v2\/posts"}],"about":[{"href":"https:\/\/www.lashistorias.com.mx\/index.php\/wp-json\/wp\/v2\/types\/post"}],"author":[{"embeddable":true,"href":"https:\/\/www.lashistorias.com.mx\/index.php\/wp-json\/wp\/v2\/users\/1"}],"replies":[{"embeddable":true,"href":"https:\/\/www.lashistorias.com.mx\/index.php\/wp-json\/wp\/v2\/comments?post=248"}],"version-history":[{"count":6,"href":"https:\/\/www.lashistorias.com.mx\/index.php\/wp-json\/wp\/v2\/posts\/248\/revisions"}],"predecessor-version":[{"id":6034,"href":"https:\/\/www.lashistorias.com.mx\/index.php\/wp-json\/wp\/v2\/posts\/248\/revisions\/6034"}],"wp:attachment":[{"href":"https:\/\/www.lashistorias.com.mx\/index.php\/wp-json\/wp\/v2\/media?parent=248"}],"wp:term":[{"taxonomy":"category","embeddable":true,"href":"https:\/\/www.lashistorias.com.mx\/index.php\/wp-json\/wp\/v2\/categories?post=248"},{"taxonomy":"post_tag","embeddable":true,"href":"https:\/\/www.lashistorias.com.mx\/index.php\/wp-json\/wp\/v2\/tags?post=248"}],"curies":[{"name":"wp","href":"https:\/\/api.w.org\/{rel}","templated":true}]}}