{"id":246,"date":"2007-10-15T12:04:31","date_gmt":"2007-10-15T17:04:31","guid":{"rendered":"http:\/\/www.lashistorias.com.mx\/blog\/?p=276"},"modified":"2016-10-26T10:24:17","modified_gmt":"2016-10-26T15:24:17","slug":"los-endemoniados-i","status":"publish","type":"post","link":"https:\/\/www.lashistorias.com.mx\/index.php\/los-endemoniados-i\/","title":{"rendered":"Los endemoniados (I)"},"content":{"rendered":"<div><img decoding=\"async\" src=\"https:\/\/www.lashistorias.com.mx\/blog\/wp-content\/2007\/10\/escriba.jpg\" alt=\"escriba.jpg\" \/><br \/>\n<span style=\"font-size:80%;\">[fusion_builder_container hundred_percent=\u00bbyes\u00bb overflow=\u00bbvisible\u00bb][fusion_builder_row][fusion_builder_column type=\u00bb1_1&#8243; background_position=\u00bbleft top\u00bb background_color=\u00bb\u00bb border_size=\u00bb\u00bb border_color=\u00bb\u00bb border_style=\u00bbsolid\u00bb spacing=\u00bbyes\u00bb background_image=\u00bb\u00bb background_repeat=\u00bbno-repeat\u00bb padding=\u00bb\u00bb margin_top=\u00bb0px\u00bb margin_bottom=\u00bb0px\u00bb class=\u00bb\u00bb id=\u00bb\u00bb animation_type=\u00bb\u00bb animation_speed=\u00bb0.3&#8243; animation_direction=\u00bbleft\u00bb hide_on_mobile=\u00bbno\u00bb center_content=\u00bbno\u00bb min_height=\u00bbnone\u00bb][\u00bfEs \u00e9ste <a href=\"http:\/\/estadis.eluniversal.com.mx\/ciudad\/87164.html\">el poeta can\u00edbal de la Colonia Guerrero<\/a>?]<\/span><\/div>\n<p>Ayer, aunque con m\u00e1s una hora de retraso, tuvo lugar la mesa redonda sobre narrativa e internet en la Feria del Libro del Z\u00f3calo. No estuvo mal (y me dio mucho gusto ver, entre otros amigos, a <a href=\"http:\/\/www.cazadeletras.unam.mx\/blog\/08\">Fernanda Melchor<\/a>, <a href=\"http:\/\/www.cazadeletras.unam.mx\/blog\/06\">Oliver Davidson<\/a> y <a href=\"http:\/\/www.cazadeletras.unam.mx\/blog\/04\">Dora M\u00e1rquez<\/a>, a quienes conoc\u00ed virtualmente durante el concurso Caza de Letras) pero se dijeron varias cosas con las que no estoy de acuerdo. Sobre todo, lugares comunes de nuestra \u00e9poca en relaci\u00f3n con la escritura. Por ejemplo:<\/p>\n<ul>\n<li>Que si es pretencioso, de poco gusto, afirmar que se es escritor, y son mejores los escritos de personas no especializadas que \u00abofrecen algo de su propia vida\u00bb.<\/li>\n<li>Que si toda escritura es narcisista y la publicaci\u00f3n en la red revela (m\u00e1s claramente que la otra, se entiende) c\u00f3mo todos tienen algo que decir pero no ning\u00fan deseo de escuchar (leer) a otros.<\/li>\n<li>Que si todas estas actividades (escribir, leer) son impropias, \u00abalejadas\u00bb de la gente \u00abnormal\u00bb, porque son \u00abmuy dif\u00edciles\u00bb.<\/li>\n<\/ul>\n<p>Yo iba a responder a algo de esto, pero al acercarse el final de la mesa, cuando hab\u00eda la oportunidad de dar \u00abopiniones finales y conclusiones\u00bb, la tercera de las ideas ya mencionadas se nos apareci\u00f3 en la forma una se\u00f1ora del p\u00fablico, que se lanz\u00f3 a una diatriba de varios minutos sobre c\u00f3mo los libros de ahora tienen cada vez m\u00e1s dif\u00edciles las palabras, y qu\u00e9 feo leerlas y no entenderlas, y qu\u00e9 feo tambi\u00e9n el saber que se tendr\u00eda que ir a un diccionario para saber qu\u00e9 dicen. \u00ab\u00a1Y esas palabras\u00bb, remat\u00f3, \u00abson diab\u00f3licas! \u00a1Del demonio!\u00bb El moderador, asustado, le dijo que se tomar\u00eda en cuenta su comentario. Ella volvi\u00f3 a empezar. Alguien comenz\u00f3 a aplaudirle, no s\u00e9 por qu\u00e9, y as\u00ed se termin\u00f3 la conversaci\u00f3n.<br \/>\n(La puntilla: cuando me iba, una persona me abord\u00f3 para saludarme, pero tambi\u00e9n para decirme que un libro m\u00edo le hab\u00eda parecido con muchas palabras \u00abdemasiado complicadas\u00bb para ella.)<br \/>\nNo pude responder a nada de esto en su momento, como ya dije. Lo har\u00e9 aqu\u00ed, pronto. Entretanto, \u00bfqu\u00e9 opinan ustedes?[\/fusion_builder_column][\/fusion_builder_row][\/fusion_builder_container]\n","protected":false},"excerpt":{"rendered":"<p>[fusion_builder_container hundred_percent=\u00bbyes\u00bb overflow=\u00bbvisible\u00bb][fusion_builder_row][fusion_builder_column type=\u00bb1_1&#8243; background_position=\u00bbleft top\u00bb background_color=\u00bb\u00bb border_size=\u00bb\u00bb border_color=\u00bb\u00bb border_style=\u00bbsolid\u00bb spacing=\u00bbyes\u00bb background_image=\u00bb\u00bb background_repeat=\u00bbno-repeat\u00bb padding=\u00bb\u00bb margin_top=\u00bb0px\u00bb margin_bottom=\u00bb0px\u00bb class=\u00bb\u00bb id=\u00bb\u00bb animation_type=\u00bb\u00bb animation_speed=\u00bb0.3&#8243; animation_direction=\u00bbleft\u00bb hide_on_mobile=\u00bbno\u00bb center_content=\u00bbno\u00bb min_height=\u00bbnone\u00bb][\u00bfEs \u00e9ste el poeta can\u00edbal de la Colonia Guerrero?] Ayer, aunque con m\u00e1s una hora de retraso, tuvo lugar la mesa redonda sobre narrativa e internet en la Feria del Libro del&#8230;<\/p>\n","protected":false},"author":1,"featured_media":0,"comment_status":"open","ping_status":"open","sticky":false,"template":"","format":"standard","meta":{"advanced_seo_description":"","jetpack_seo_html_title":"","jetpack_seo_noindex":false,"jetpack_post_was_ever_published":false,"_jetpack_newsletter_access":"","_jetpack_dont_email_post_to_subs":true,"_jetpack_newsletter_tier_id":0,"_jetpack_memberships_contains_paywalled_content":false,"_jetpack_memberships_contains_paid_content":false,"footnotes":"","jetpack_publicize_message":"","jetpack_publicize_feature_enabled":true,"jetpack_social_post_already_shared":false,"jetpack_social_options":{"image_generator_settings":{"template":"highway","default_image_id":0,"font":"","enabled":false},"version":2}},"categories":[1520],"tags":[18,135,163,25,204,205,26,8,2855,11,442],"class_list":["post-246","post","type-post","status-publish","format-standard","hentry","category-cuaderno","tag-blogosfera","tag-discusion","tag-el-poeta-canibal","tag-escritores","tag-escritura-y-politica","tag-escritura-y-vida","tag-historia-y-testimonio","tag-internet","tag-literatura","tag-opiniones","tag-polemica"],"jetpack_publicize_connections":[],"jetpack_featured_media_url":"","jetpack_shortlink":"https:\/\/wp.me\/pjEhq-3Y","jetpack_sharing_enabled":true,"_links":{"self":[{"href":"https:\/\/www.lashistorias.com.mx\/index.php\/wp-json\/wp\/v2\/posts\/246","targetHints":{"allow":["GET"]}}],"collection":[{"href":"https:\/\/www.lashistorias.com.mx\/index.php\/wp-json\/wp\/v2\/posts"}],"about":[{"href":"https:\/\/www.lashistorias.com.mx\/index.php\/wp-json\/wp\/v2\/types\/post"}],"author":[{"embeddable":true,"href":"https:\/\/www.lashistorias.com.mx\/index.php\/wp-json\/wp\/v2\/users\/1"}],"replies":[{"embeddable":true,"href":"https:\/\/www.lashistorias.com.mx\/index.php\/wp-json\/wp\/v2\/comments?post=246"}],"version-history":[{"count":6,"href":"https:\/\/www.lashistorias.com.mx\/index.php\/wp-json\/wp\/v2\/posts\/246\/revisions"}],"predecessor-version":[{"id":12917,"href":"https:\/\/www.lashistorias.com.mx\/index.php\/wp-json\/wp\/v2\/posts\/246\/revisions\/12917"}],"wp:attachment":[{"href":"https:\/\/www.lashistorias.com.mx\/index.php\/wp-json\/wp\/v2\/media?parent=246"}],"wp:term":[{"taxonomy":"category","embeddable":true,"href":"https:\/\/www.lashistorias.com.mx\/index.php\/wp-json\/wp\/v2\/categories?post=246"},{"taxonomy":"post_tag","embeddable":true,"href":"https:\/\/www.lashistorias.com.mx\/index.php\/wp-json\/wp\/v2\/tags?post=246"}],"curies":[{"name":"wp","href":"https:\/\/api.w.org\/{rel}","templated":true}]}}