{"id":2422,"date":"2009-02-20T09:08:40","date_gmt":"2009-02-20T15:08:40","guid":{"rendered":"http:\/\/www.lashistorias.com.mx\/?p=2422"},"modified":"2011-10-20T13:47:19","modified_gmt":"2011-10-20T18:47:19","slug":"actualizaciones-del-20209","status":"publish","type":"post","link":"https:\/\/www.lashistorias.com.mx\/index.php\/actualizaciones-del-20209\/","title":{"rendered":"Actualizaciones del 20\/2\/09"},"content":{"rendered":"<p>Nuevamente se agregan enlaces a la <a href=\"https:\/\/www.lashistorias.com.mx\/index.php\/poe-2009\/\">p\u00e1gina principal<\/a> del proyecto Poe 2009: una traducci\u00f3n r\u00edtmica de \u00abEl cuervo\u00bb de Carlos Manuel Cruz Meza, m\u00e1s un ensayo suyo sobre Poe presentado en el reciente <em>Poe-loquio<\/em> de la Facultad de Filosof\u00eda y Letras de la UNAM; tambi\u00e9n, un elogio de Fernando Savater y un resumen de las pol\u00e9micas contra Poe (incluyendo la diatriba de Harold Bloom) hecho por Christopher Dom\u00ednguez Michael.<\/p>\n<p>La convocatoria a participar en este proyecto <a href=\"https:\/\/www.lashistorias.com.mx\/index.php\/archivo\/convocatoria-poe-2009\/\">sigue abierta<\/a>.<\/p>\n","protected":false},"excerpt":{"rendered":"<p>Tres ensayos y una nueva traducci\u00f3n se agregan a la p\u00e1gina principal del proyecto Poe.<\/p>\n","protected":false},"author":1,"featured_media":0,"comment_status":"open","ping_status":"open","sticky":false,"template":"","format":"standard","meta":{"advanced_seo_description":"","jetpack_seo_html_title":"","jetpack_seo_noindex":false,"jetpack_post_was_ever_published":false,"_jetpack_newsletter_access":"","_jetpack_dont_email_post_to_subs":false,"_jetpack_newsletter_tier_id":0,"_jetpack_memberships_contains_paywalled_content":false,"_jetpack_memberships_contains_paid_content":false,"footnotes":"","jetpack_publicize_message":"","jetpack_publicize_feature_enabled":true,"jetpack_social_post_already_shared":false,"jetpack_social_options":{"image_generator_settings":{"template":"highway","default_image_id":0,"font":"","enabled":false},"version":2}},"categories":[3],"tags":[1126,570,616,98,142,1080,24,25,1168,7,2855,914,440,1169],"class_list":["post-2422","post","type-post","status-publish","format-standard","hentry","category-lo-nuevo","tag-articulo","tag-breves","tag-carlos-manuel-cruz-meza","tag-christopher-dominguez-michael","tag-edgar-allan-poe","tag-el-cuervo","tag-ensayo","tag-escritores","tag-fernando-savater","tag-hallazgos","tag-literatura","tag-poe2009","tag-poesia","tag-traduccion"],"jetpack_publicize_connections":[],"jetpack_featured_media_url":"","jetpack_shortlink":"https:\/\/wp.me\/pjEhq-D4","jetpack_sharing_enabled":true,"_links":{"self":[{"href":"https:\/\/www.lashistorias.com.mx\/index.php\/wp-json\/wp\/v2\/posts\/2422","targetHints":{"allow":["GET"]}}],"collection":[{"href":"https:\/\/www.lashistorias.com.mx\/index.php\/wp-json\/wp\/v2\/posts"}],"about":[{"href":"https:\/\/www.lashistorias.com.mx\/index.php\/wp-json\/wp\/v2\/types\/post"}],"author":[{"embeddable":true,"href":"https:\/\/www.lashistorias.com.mx\/index.php\/wp-json\/wp\/v2\/users\/1"}],"replies":[{"embeddable":true,"href":"https:\/\/www.lashistorias.com.mx\/index.php\/wp-json\/wp\/v2\/comments?post=2422"}],"version-history":[{"count":5,"href":"https:\/\/www.lashistorias.com.mx\/index.php\/wp-json\/wp\/v2\/posts\/2422\/revisions"}],"predecessor-version":[{"id":8393,"href":"https:\/\/www.lashistorias.com.mx\/index.php\/wp-json\/wp\/v2\/posts\/2422\/revisions\/8393"}],"wp:attachment":[{"href":"https:\/\/www.lashistorias.com.mx\/index.php\/wp-json\/wp\/v2\/media?parent=2422"}],"wp:term":[{"taxonomy":"category","embeddable":true,"href":"https:\/\/www.lashistorias.com.mx\/index.php\/wp-json\/wp\/v2\/categories?post=2422"},{"taxonomy":"post_tag","embeddable":true,"href":"https:\/\/www.lashistorias.com.mx\/index.php\/wp-json\/wp\/v2\/tags?post=2422"}],"curies":[{"name":"wp","href":"https:\/\/api.w.org\/{rel}","templated":true}]}}