{"id":2408,"date":"2009-02-18T21:49:26","date_gmt":"2009-02-19T03:49:26","guid":{"rendered":"http:\/\/www.lashistorias.com.mx\/?p=2408"},"modified":"2010-03-05T15:59:58","modified_gmt":"2010-03-05T21:59:58","slug":"dos-presentaciones-en-la-feria-de-mineria","status":"publish","type":"post","link":"https:\/\/www.lashistorias.com.mx\/index.php\/dos-presentaciones-en-la-feria-de-mineria\/","title":{"rendered":"Dos presentaciones en la Feria de Miner\u00eda"},"content":{"rendered":"<p>Los invito a dos presentaciones en las que estar\u00e9 durante la <a href=\"http:\/\/feria.mineria.unam.mx\/\">Feria del Libro del Palacio de Miner\u00eda<\/a>. Ambas, desde luego, ser\u00e1n en el Palacio, que se encuentra en Tacuba #5, en el Centro Hist\u00f3rico de la ciudad de M\u00e9xico.<\/p>\n<p>Primero, el domingo 22, a las 13:00 horas, en el Sal\u00f3n de la Academia de Ingenier\u00eda presentaremos <em>La corredora de Cuemanco<\/em>, el nuevo libro de cuentos de M\u00f3nica Lav\u00edn: una serie de historias sobre desencuentros, crisis y extra\u00f1os hallazgos en la vida cotidiana. Lo publica la editorial Punto de Lectura.<\/p>\n<p>Y luego, el s\u00e1bado 28 a las 17:00, en el Auditorio 4, Francisco Haghenbeck y yo presentaremos <em>Ojos de lagarto<\/em>, la nueva novela de Bef (o Bernardo Fern\u00e1ndez): un libro que mezcla la novela hist\u00f3rica con la ciencia ficci\u00f3n y varios otros ingredientes de manera interesant\u00edsima. Este libro est\u00e1 publicado por Planeta.<\/p>\n<p>En ambas presentaciones, los autores estar\u00e1n disponibles para responder preguntas y autografiar sus libros. Si les interesa, nos vemos all\u00e1.<\/p>\n","protected":false},"excerpt":{"rendered":"<p>Los nuevos libros de M\u00f3nica Lav\u00edn y Bef se presentan durante la Feria; si est\u00e1n interesados en conocerlos (o si simplemente andar\u00e1n por all\u00e1), quedan invitados.<\/p>\n","protected":false},"author":1,"featured_media":0,"comment_status":"open","ping_status":"open","sticky":false,"template":"","format":"standard","meta":{"advanced_seo_description":"","jetpack_seo_html_title":"","jetpack_seo_noindex":false,"jetpack_post_was_ever_published":false,"_jetpack_newsletter_access":"","_jetpack_dont_email_post_to_subs":false,"_jetpack_newsletter_tier_id":0,"_jetpack_memberships_contains_paywalled_content":false,"_jetpack_memberships_contains_paid_content":false,"footnotes":"","jetpack_publicize_message":"","jetpack_publicize_feature_enabled":true,"jetpack_social_post_already_shared":false,"jetpack_social_options":{"image_generator_settings":{"template":"highway","default_image_id":0,"font":"","enabled":false},"version":2}},"categories":[3],"tags":[17,77,570,22,1162,2855,899,10,1163,1160,12,1161],"class_list":["post-2408","post","type-post","status-publish","format-standard","hentry","category-lo-nuevo","tag-amistades","tag-bef","tag-breves","tag-cuento","tag-la-corredora-de-cuemanco","tag-literatura","tag-monica-lavin","tag-novela","tag-ojos-de-lagarto","tag-planeta","tag-presentaciones","tag-punto-de-lectura"],"jetpack_publicize_connections":[],"jetpack_featured_media_url":"","jetpack_shortlink":"https:\/\/wp.me\/pjEhq-CQ","jetpack_sharing_enabled":true,"_links":{"self":[{"href":"https:\/\/www.lashistorias.com.mx\/index.php\/wp-json\/wp\/v2\/posts\/2408","targetHints":{"allow":["GET"]}}],"collection":[{"href":"https:\/\/www.lashistorias.com.mx\/index.php\/wp-json\/wp\/v2\/posts"}],"about":[{"href":"https:\/\/www.lashistorias.com.mx\/index.php\/wp-json\/wp\/v2\/types\/post"}],"author":[{"embeddable":true,"href":"https:\/\/www.lashistorias.com.mx\/index.php\/wp-json\/wp\/v2\/users\/1"}],"replies":[{"embeddable":true,"href":"https:\/\/www.lashistorias.com.mx\/index.php\/wp-json\/wp\/v2\/comments?post=2408"}],"version-history":[{"count":5,"href":"https:\/\/www.lashistorias.com.mx\/index.php\/wp-json\/wp\/v2\/posts\/2408\/revisions"}],"predecessor-version":[{"id":5899,"href":"https:\/\/www.lashistorias.com.mx\/index.php\/wp-json\/wp\/v2\/posts\/2408\/revisions\/5899"}],"wp:attachment":[{"href":"https:\/\/www.lashistorias.com.mx\/index.php\/wp-json\/wp\/v2\/media?parent=2408"}],"wp:term":[{"taxonomy":"category","embeddable":true,"href":"https:\/\/www.lashistorias.com.mx\/index.php\/wp-json\/wp\/v2\/categories?post=2408"},{"taxonomy":"post_tag","embeddable":true,"href":"https:\/\/www.lashistorias.com.mx\/index.php\/wp-json\/wp\/v2\/tags?post=2408"}],"curies":[{"name":"wp","href":"https:\/\/api.w.org\/{rel}","templated":true}]}}