{"id":240,"date":"2007-09-29T08:07:15","date_gmt":"2007-09-29T13:07:15","guid":{"rendered":"http:\/\/www.lashistorias.com.mx\/blog\/?p=269"},"modified":"2016-10-26T10:24:18","modified_gmt":"2016-10-26T15:24:18","slug":"aqui-nadie-sabe-escribir","status":"publish","type":"post","link":"https:\/\/www.lashistorias.com.mx\/index.php\/aqui-nadie-sabe-escribir\/","title":{"rendered":"Aqu\u00ed nadie sabe escribir"},"content":{"rendered":"<p>Una discusi\u00f3n sobre periodismo en la red (y la extra\u00f1a, poco amigable y <a href=\"http:\/\/pellejos.blogspot.com\/2007\/09\/ndigo-ni-tan-dinmica-ni-tn-vangurdista.html\">cuestionada<\/a> revista electr\u00f3nica <em>Reporte Indigo<\/em>) se entabl\u00f3 a partir de <a href=\"http:\/\/alt1040.com\/archivo\/2007\/09\/20\/reporte-indigo\/\">esta nota<\/a> y <a href=\"http:\/\/alt1040.com\/archivo\/2007\/09\/24\/reporte-indigo-y-la-importancia-de-ser-relevante-para-los-buscadores\/\">esta  otra<\/a> en <a href=\"http:\/\/alt1040.com\">Alt1040<\/a>, bit\u00e1cora sobre tecnolog\u00eda. En los comentarios de la segunda nota suced\u00eda lo habitual: algunos escrib\u00edan contra el autor &#8211;Eduardo Arcos&#8211;, otros a su favor, y por todos lados volaban descalificaciones, exabruptos, sermones. Varios de los textos, como tambi\u00e9n ocurre, se refer\u00edan a la capacidad de los comentaristas para expresarse (o a su falta de ella).<\/p>\n<p>Pero lo escrito por<!--more--> <a href=\"http:\/\/alt1040.com\/archivo\/2007\/09\/24\/reporte-indigo-y-la-importancia-de-ser-relevante-para-los-buscadores\/#comment-189215\">Laurita Lim\u00f3n<\/a> merece la palma (como se dec\u00eda antes):<\/p>\n<blockquote><p>Qu\u00e9 pendejos los que se defienden criticando la ortograf\u00eda del otro, m\u00e1s all\u00e1 del contenido de sus comentarios.<\/p>\n<p>\u00a1\u00a1NADIE AQU\u00cd SABE ESCRIBIR!! As\u00ed que d\u00e9jense de payasadas.<\/p><\/blockquote>\n<p><span>[fusion_builder_container hundred_percent=\u00bbyes\u00bb overflow=\u00bbvisible\u00bb][fusion_builder_row][fusion_builder_column type=\u00bb1_1&#8243; background_position=\u00bbleft top\u00bb background_color=\u00bb\u00bb border_size=\u00bb\u00bb border_color=\u00bb\u00bb border_style=\u00bbsolid\u00bb spacing=\u00bbyes\u00bb background_image=\u00bb\u00bb background_repeat=\u00bbno-repeat\u00bb padding=\u00bb\u00bb margin_top=\u00bb0px\u00bb margin_bottom=\u00bb0px\u00bb class=\u00bb\u00bb id=\u00bb\u00bb animation_type=\u00bb\u00bb animation_speed=\u00bb0.3&#8243; animation_direction=\u00bbleft\u00bb hide_on_mobile=\u00bbno\u00bb center_content=\u00bbno\u00bb min_height=\u00bbnone\u00bb][Nota de las 9:19 de la ma\u00f1ana: qu\u00e9 barbaridad, el comentario preciso que acabo de citar fue borrado del sitio. L\u00e1stima.]<\/span><\/p>\n<p>Borrado o no, entiendo que se trataba de un llamado a la sensatez, pero algunas de sus implicaciones me asustan. Me explico con algunas preguntas que me parecen de lo m\u00e1s interesante:<\/p>\n<ol>\n<li>Quienes participan en la discusi\u00f3n \u00bfapoyar\u00e1n a L. L.?<\/li>\n<li>\u00bfLa criticar\u00e1n?<\/li>\n<li>\u00bfLe dar\u00e1n la raz\u00f3n con verg\u00fcenza?<\/li>\n<li>\u00bfLe dar\u00e1n la raz\u00f3n con alivio?<\/li>\n<li>\u00bfSe preguntar\u00e1n qu\u00e9 significa exactamente no saber escribir?<\/li>\n<li>\u00bfSe preguntar\u00e1n (en caso de que admitan no saber) si algo les falta?<\/li>\n<\/ol>\n[\/fusion_builder_column][\/fusion_builder_row][\/fusion_builder_container]\n","protected":false},"excerpt":{"rendered":"<p>Una discusi\u00f3n sobre periodismo en la red (y la extra\u00f1a, poco amigable y cuestionada revista electr\u00f3nica Reporte Indigo) se entabl\u00f3 a partir de esta nota y esta otra en Alt1040, bit\u00e1cora sobre tecnolog\u00eda. En los comentarios de la segunda nota suced\u00eda lo habitual: algunos escrib\u00edan contra el autor &#8211;Eduardo Arcos&#8211;, otros a su favor, y&#8230;<\/p>\n","protected":false},"author":1,"featured_media":0,"comment_status":"open","ping_status":"open","sticky":false,"template":"","format":"standard","meta":{"advanced_seo_description":"","jetpack_seo_html_title":"","jetpack_seo_noindex":false,"jetpack_post_was_ever_published":false,"_jetpack_newsletter_access":"","_jetpack_dont_email_post_to_subs":true,"_jetpack_newsletter_tier_id":0,"_jetpack_memberships_contains_paywalled_content":false,"_jetpack_memberships_contains_paid_content":false,"footnotes":"","jetpack_publicize_message":"","jetpack_publicize_feature_enabled":true,"jetpack_social_post_already_shared":false,"jetpack_social_options":{"image_generator_settings":{"template":"highway","default_image_id":0,"font":"","enabled":false},"version":2}},"categories":[1520],"tags":[44,18,135,6,8,11,447],"class_list":["post-240","post","type-post","status-publish","format-standard","hentry","category-cuaderno","tag-alt1040","tag-blogosfera","tag-discusion","tag-general","tag-internet","tag-opiniones","tag-prejuicios"],"jetpack_publicize_connections":[],"jetpack_featured_media_url":"","jetpack_shortlink":"https:\/\/wp.me\/pjEhq-3S","jetpack_sharing_enabled":true,"_links":{"self":[{"href":"https:\/\/www.lashistorias.com.mx\/index.php\/wp-json\/wp\/v2\/posts\/240","targetHints":{"allow":["GET"]}}],"collection":[{"href":"https:\/\/www.lashistorias.com.mx\/index.php\/wp-json\/wp\/v2\/posts"}],"about":[{"href":"https:\/\/www.lashistorias.com.mx\/index.php\/wp-json\/wp\/v2\/types\/post"}],"author":[{"embeddable":true,"href":"https:\/\/www.lashistorias.com.mx\/index.php\/wp-json\/wp\/v2\/users\/1"}],"replies":[{"embeddable":true,"href":"https:\/\/www.lashistorias.com.mx\/index.php\/wp-json\/wp\/v2\/comments?post=240"}],"version-history":[{"count":3,"href":"https:\/\/www.lashistorias.com.mx\/index.php\/wp-json\/wp\/v2\/posts\/240\/revisions"}],"predecessor-version":[{"id":12919,"href":"https:\/\/www.lashistorias.com.mx\/index.php\/wp-json\/wp\/v2\/posts\/240\/revisions\/12919"}],"wp:attachment":[{"href":"https:\/\/www.lashistorias.com.mx\/index.php\/wp-json\/wp\/v2\/media?parent=240"}],"wp:term":[{"taxonomy":"category","embeddable":true,"href":"https:\/\/www.lashistorias.com.mx\/index.php\/wp-json\/wp\/v2\/categories?post=240"},{"taxonomy":"post_tag","embeddable":true,"href":"https:\/\/www.lashistorias.com.mx\/index.php\/wp-json\/wp\/v2\/tags?post=240"}],"curies":[{"name":"wp","href":"https:\/\/api.w.org\/{rel}","templated":true}]}}