{"id":239,"date":"2007-09-27T13:57:56","date_gmt":"2007-09-27T18:57:56","guid":{"rendered":"http:\/\/www.lashistorias.com.mx\/blog\/?p=268"},"modified":"2016-10-26T10:24:18","modified_gmt":"2016-10-26T15:24:18","slug":"ganadores-de-septiembre-y-avisos-especiales","status":"publish","type":"post","link":"https:\/\/www.lashistorias.com.mx\/index.php\/ganadores-de-septiembre-y-avisos-especiales\/","title":{"rendered":"Ganadores de septiembre (y avisos especiales)"},"content":{"rendered":"<p>Hola a todos. Velozmente, los avisos:<\/p>\n<p>a) Por celebrar el segundo aniversario de esta bit\u00e1cora, el concurso de octubre ser\u00e1 especial, de modo que prep\u00e1rense e inviten a sus amistades.<\/p>\n<p>b) Inv\u00edtenlos tambi\u00e9n, si est\u00e1n en el D.F., a la Cineteca Nacional, que este domingo a las 17:00 proyectar\u00e1 <em>The Nomi Song<\/em>, documental sobre el extra\u00f1o y enorme Klaus Nomi, ya conocido por los lectores de esta bit\u00e1cora. Si van, all\u00e1 nos vemos. (Y gracias al Sub por la noticia.)<\/p>\n<p>c) Recomendaci\u00f3n s\u00fabita: no se pierdan <em><a href=\"http:\/\/www.ghandi.com.mx\/Gandhi\/Libros\/productDetail.cfm?prodId=317234&amp;emp=buscape\">La noche es luz de un sol negro<\/a><\/em>, primer libro de cuentos de <a href=\"http:\/\/rasabadu.blogspot.com\">Edgar Omar Avil\u00e9s<\/a>, no s\u00f3lo amigo querido sino cuentista muy talentoso. Lo ha publicado la editorial Ficticia.<\/p>\n<p>Ahora s\u00ed: el ganador del concurso de septiembre es<\/p>\n<p><!--more-->&#8230; Steppenwolf por su <a href=\"https:\/\/www.lashistorias.com.mx\/blog\/?p=185#comment-37147\">cuento sobre nubes y \u00e1ngeles<\/a>. Recibe la primera menci\u00f3n la <a href=\"https:\/\/www.lashistorias.com.mx\/blog\/?p=185#comment-36993\">tercera versi\u00f3n propuesta<\/a> por Minerva, y hay tambi\u00e9n menciones para los textos de <a href=\"https:\/\/www.lashistorias.com.mx\/blog\/?p=185#comment-38394\">Sub<\/a>, <a href=\"https:\/\/www.lashistorias.com.mx\/blog\/?p=185#comment-38416\">Felipe Huerta<\/a>, <a href=\"https:\/\/www.lashistorias.com.mx\/blog\/?p=185#comment-37770\">Fer<\/a> y <a href=\"https:\/\/www.lashistorias.com.mx\/blog\/?p=185#comment-36968\">Marco A. Vel\u00e1zquez Lozano<\/a>. Por \u00faltimo, una menci\u00f3n especial va para el texto de <a href=\"https:\/\/www.lashistorias.com.mx\/blog\/?p=185#comment-37908\">Rip van Winkle<\/a>, un <em>collage<\/em> muy interesante a partir de fragmentos de Roberto Bola\u00f1o. Muchas gracias a todos por participar y nos leemos en unos d\u00edas.<\/p>\n<p>Y ahora, m\u00fasica:<\/p>\n<div>[fusion_builder_container hundred_percent=\u00bbyes\u00bb overflow=\u00bbvisible\u00bb][fusion_builder_row][fusion_builder_column type=\u00bb1_1&#8243; background_position=\u00bbleft top\u00bb background_color=\u00bb\u00bb border_size=\u00bb\u00bb border_color=\u00bb\u00bb border_style=\u00bbsolid\u00bb spacing=\u00bbyes\u00bb background_image=\u00bb\u00bb background_repeat=\u00bbno-repeat\u00bb padding=\u00bb\u00bb margin_top=\u00bb0px\u00bb margin_bottom=\u00bb0px\u00bb class=\u00bb\u00bb id=\u00bb\u00bb animation_type=\u00bb\u00bb animation_speed=\u00bb0.3&#8243; animation_direction=\u00bbleft\u00bb hide_on_mobile=\u00bbno\u00bb center_content=\u00bbno\u00bb min_height=\u00bbnone\u00bb]<span class=\"embed-youtube\" style=\"text-align:center; display: block;\"><iframe loading=\"lazy\" class=\"youtube-player\" width=\"1140\" height=\"642\" src=\"https:\/\/www.youtube.com\/embed\/uKYpepxGkyY?version=3&#038;rel=1&#038;showsearch=0&#038;showinfo=1&#038;iv_load_policy=1&#038;fs=1&#038;hl=es-ES&#038;autohide=2&#038;wmode=transparent\" allowfullscreen=\"true\" style=\"border:0;\" sandbox=\"allow-scripts allow-same-origin allow-popups allow-presentation allow-popups-to-escape-sandbox\"><\/iframe><\/span><\/div>\n[\/fusion_builder_column][\/fusion_builder_row][\/fusion_builder_container]\n","protected":false},"excerpt":{"rendered":"<p>Hola a todos. Velozmente, los avisos: a) Por celebrar el segundo aniversario de esta bit\u00e1cora, el concurso de octubre ser\u00e1 especial, de modo que prep\u00e1rense e inviten a sus amistades. b) Inv\u00edtenlos tambi\u00e9n, si est\u00e1n en el D.F., a la Cineteca Nacional, que este domingo a las 17:00 proyectar\u00e1 The Nomi Song, documental sobre el&#8230;<\/p>\n","protected":false},"author":1,"featured_media":0,"comment_status":"open","ping_status":"open","sticky":false,"template":"","format":"standard","meta":{"advanced_seo_description":"","jetpack_seo_html_title":"","jetpack_seo_noindex":false,"jetpack_post_was_ever_published":false,"_jetpack_newsletter_access":"","_jetpack_dont_email_post_to_subs":true,"_jetpack_newsletter_tier_id":0,"_jetpack_memberships_contains_paywalled_content":false,"_jetpack_memberships_contains_paid_content":false,"footnotes":"","jetpack_publicize_message":"","jetpack_publicize_feature_enabled":true,"jetpack_social_post_already_shared":false,"jetpack_social_options":{"image_generator_settings":{"template":"highway","default_image_id":0,"font":"","enabled":false},"version":2}},"categories":[557],"tags":[2860,2865,21,143,335,344,397,497,16],"class_list":["post-239","post","type-post","status-publish","format-standard","hentry","category-concurso","tag-cine","tag-concurso","tag-convocatorias","tag-edgar-omar-aviles","tag-klaus-nomi","tag-la-noche-es-luz-de-un-sol-negro","tag-minificcion","tag-septiembre","tag-video"],"jetpack_publicize_connections":[],"jetpack_featured_media_url":"","jetpack_shortlink":"https:\/\/wp.me\/pjEhq-3R","jetpack_sharing_enabled":true,"_links":{"self":[{"href":"https:\/\/www.lashistorias.com.mx\/index.php\/wp-json\/wp\/v2\/posts\/239","targetHints":{"allow":["GET"]}}],"collection":[{"href":"https:\/\/www.lashistorias.com.mx\/index.php\/wp-json\/wp\/v2\/posts"}],"about":[{"href":"https:\/\/www.lashistorias.com.mx\/index.php\/wp-json\/wp\/v2\/types\/post"}],"author":[{"embeddable":true,"href":"https:\/\/www.lashistorias.com.mx\/index.php\/wp-json\/wp\/v2\/users\/1"}],"replies":[{"embeddable":true,"href":"https:\/\/www.lashistorias.com.mx\/index.php\/wp-json\/wp\/v2\/comments?post=239"}],"version-history":[{"count":4,"href":"https:\/\/www.lashistorias.com.mx\/index.php\/wp-json\/wp\/v2\/posts\/239\/revisions"}],"predecessor-version":[{"id":12920,"href":"https:\/\/www.lashistorias.com.mx\/index.php\/wp-json\/wp\/v2\/posts\/239\/revisions\/12920"}],"wp:attachment":[{"href":"https:\/\/www.lashistorias.com.mx\/index.php\/wp-json\/wp\/v2\/media?parent=239"}],"wp:term":[{"taxonomy":"category","embeddable":true,"href":"https:\/\/www.lashistorias.com.mx\/index.php\/wp-json\/wp\/v2\/categories?post=239"},{"taxonomy":"post_tag","embeddable":true,"href":"https:\/\/www.lashistorias.com.mx\/index.php\/wp-json\/wp\/v2\/tags?post=239"}],"curies":[{"name":"wp","href":"https:\/\/api.w.org\/{rel}","templated":true}]}}