{"id":2209,"date":"2009-01-29T12:55:01","date_gmt":"2009-01-29T18:55:01","guid":{"rendered":"http:\/\/www.lashistorias.com.mx\/?p=2209"},"modified":"2011-10-20T13:47:40","modified_gmt":"2011-10-20T18:47:40","slug":"convocatoria-al-premio-de-cuento-juan-jose-arreola-2009","status":"publish","type":"post","link":"https:\/\/www.lashistorias.com.mx\/index.php\/convocatoria-al-premio-de-cuento-juan-jose-arreola-2009\/","title":{"rendered":"Convocatoria al Premio de Cuento \u00abJuan Jos\u00e9 Arreola\u00bb 2009"},"content":{"rendered":"<p>Reci\u00e9n llegada a mi correo electr\u00f3nico, la copio aqu\u00ed para los posibles interesados:<\/p>\n<blockquote><p><strong>Convocatoria al  VIII Concurso Nacional de Cuento \u201cJuan Jos\u00e9 Arreola\u201d<\/strong><\/p>\n<p>Bases:<\/p>\n<p>1.  Podr\u00e1n participar todos los escritores mexicanos por nacimiento que residan en el pa\u00eds y que env\u00eden un volumen  in\u00e9dito de cuentos en espa\u00f1ol, con una extensi\u00f3n m\u00ednima de 80 (ochenta) cuartillas y una m\u00e1xima de 120 (ciento veinte).<\/p>\n<p>2.    El premio es \u00fanico e indivisible y consta de $ 75,000 (setenta y cinco mil pesos 00\/100 MN) en efectivo y un diploma,  as\u00ed como la publicaci\u00f3n del libro por la Universidad de Guadalajara.<\/p>\n<p>3.    Los trabajos deber\u00e1n presentarse por triplicado, firmados con seud\u00f3nimo, escritos a m\u00e1quina o computadora con letra de doce puntos con fuente Times, a doble espacio, en papel tama\u00f1o carta y por una sola cara. Los manuscritos deber\u00e1n presentarse sin im\u00e1genes y engargolados.<\/p>\n<p>4.    Adjunto al trabajo, un sobre cerrado e identificado con el nombre de la obra y el seud\u00f3nimo, deber\u00e1n enviar su nombre, domicilio, n\u00famero telef\u00f3nico, n\u00famero de celular y, de contar con ellos, n\u00famero de fax y direcci\u00f3n de correo electr\u00f3nico, as\u00ed como una ficha curricular.<\/p>\n<p>5.   Los trabajos deber\u00e1n ser enviados a alguna de las siguientes direcciones: Centro Universitario del Sur. Coordinaci\u00f3n de Extensi\u00f3n, edificio \u201cD\u201d Rector\u00eda, Planta Baja, Prolongaci\u00f3n Col\u00f3n S\/N o a Casa del Arte, Col\u00f3n 143, centro, ambas en Cd. Guzm\u00e1n, Mpio. de Zapotl\u00e1n el Grande Jalisco C.P. 49000 Tel\u00e9fono (01 341) 575 22 22. Extensiones: 6019, 6096, Fax: 6076. O a la Coordinaci\u00f3n de Artes Esc\u00e9nicas y Literatura, Sim\u00f3n Bol\u00edvar 194 C.P. 44140 col. Americana, Guadalajara Jalisco. Tel\u00e9fonos (0133) 30 44 43 20, con terminaciones del 21 al 23<\/p>\n<p>6.    El periodo de recepci\u00f3n de los trabajos queda abierto a partir de la publicaci\u00f3n de la presente convocatoria y cierra el d\u00eda 30 de abril de 2009 a las 19:00 horas. En el caso de aquellos remitidos por correo, se aceptar\u00e1n solamente en los que se acrediten que el matasellos de la oficina postal de origen, no exceda la fecha de cierre de la convocatoria.<\/p>\n<p>7.    Se contar\u00e1 con un jurado de preselecci\u00f3n integrado por acad\u00e9micos y escritores de distinguida trayectoria, quienes seleccionar\u00e1n los trabajos que se pasar\u00e1n a manos del jurado final.<\/p>\n<p>8.    El jurado final estar\u00e1 integrado por tres escritores de reconocido prestigio a nivel nacional y sus nombres ser\u00e1n dados a conocer en el momento de emitirse el fallo.<\/p>\n<p>9.    No podr\u00e1n participar: a) Trabajos que se encuentren participando en otros concursos en espera de dictamen, b) Autores que hayan recibido el premio en emisiones pasadas, c) Obras que hayan sido premiadas en otros concursos, d) Personal adscrito a la Secretar\u00eda de Vinculaci\u00f3n y Difusi\u00f3n Cultural del CUAAD.<\/p>\n<p>10.  El comit\u00e9 organizador estar\u00e1 facultado para descalificar cualquier trabajo que no cumpla con los requisitos requeridos en la presente convocatoria.<\/p>\n<p>11.  No se devolver\u00e1n los originales ni las copias de los trabajos no premiados, los cuales ser\u00e1n destruidos, con el objeto de proteger los derechos de autor.<\/p>\n<p>12.  El trabajo que resulte ganador ser\u00e1 publicado por la Universidad de Guadalajara.<\/p>\n<p>13.  Una vez que el jurado haya deliberado y emitido el fallo, que ser\u00e1 inapelable, se proceder\u00e1 a la apertura de la plica de identificaci\u00f3n de quien resulte ganador, el d\u00eda 28 de agosto de 2009, y de inmediato le ser\u00e1 notificado, as\u00ed como divulgado a trav\u00e9s de la prensa local y nacional<\/p>\n<p>14.  El premio puede ser declarado desierto si el jurado final considera que los trabajos no re\u00fanen los requisitos de calidad.<\/p>\n<p>15.  Los organizadores cubrir\u00e1n los gastos de transportaci\u00f3n, hospedaje y alimentaci\u00f3n del ganador para que asista a la ceremonia de premiaci\u00f3n en el Centro Universitario del Sur, en Cd. Guzm\u00e1n Mpio. de Zapotl\u00e1n el Grande, Jalisco, el d\u00eda 23 de septiembre de 2009 y,  posteriormente, la presentaci\u00f3n del libro en el marco de la XXII Feria Internacional del Libro, en Guadalajara, Jalisco.<\/p>\n<p>16.  El comit\u00e9 organizador est\u00e1 facultado para resolver los casos no previstos en la presente convocatoria.<\/p>\n<p>Guadalajara, Jalisco, diciembre de 2008<\/p><\/blockquote>\n","protected":false},"excerpt":{"rendered":"<p>Reci\u00e9n llegada a mi correo electr\u00f3nico, la copio aqu\u00ed para los posibles interesados: Convocatoria al VIII Concurso Nacional de Cuento \u201cJuan Jos\u00e9 Arreola\u201d Bases: 1. Podr\u00e1n participar todos los escritores mexicanos por nacimiento que residan en el pa\u00eds y que env\u00eden un volumen in\u00e9dito de cuentos en espa\u00f1ol, con una extensi\u00f3n m\u00ednima de 80 (ochenta)&#8230;<\/p>\n","protected":false},"author":1,"featured_media":0,"comment_status":"open","ping_status":"open","sticky":false,"template":"","format":"standard","meta":{"advanced_seo_description":"","jetpack_seo_html_title":"","jetpack_seo_noindex":false,"jetpack_post_was_ever_published":false,"_jetpack_newsletter_access":"","_jetpack_dont_email_post_to_subs":false,"_jetpack_newsletter_tier_id":0,"_jetpack_memberships_contains_paywalled_content":false,"_jetpack_memberships_contains_paid_content":false,"footnotes":"","jetpack_publicize_message":"","jetpack_publicize_feature_enabled":true,"jetpack_social_post_already_shared":false,"jetpack_social_options":{"image_generator_settings":{"template":"highway","default_image_id":0,"font":"","enabled":false},"version":2}},"categories":[3],"tags":[570,818,21,22,6,357,2855,1097,1098],"class_list":["post-2209","post","type-post","status-publish","format-standard","hentry","category-lo-nuevo","tag-breves","tag-concursos","tag-convocatorias","tag-cuento","tag-general","tag-libros-de-cuentos","tag-literatura","tag-premio-juan-jose-arreola","tag-universidad-de-guadalajara"],"jetpack_publicize_connections":[],"jetpack_featured_media_url":"","jetpack_shortlink":"https:\/\/wp.me\/pjEhq-zD","jetpack_sharing_enabled":true,"_links":{"self":[{"href":"https:\/\/www.lashistorias.com.mx\/index.php\/wp-json\/wp\/v2\/posts\/2209","targetHints":{"allow":["GET"]}}],"collection":[{"href":"https:\/\/www.lashistorias.com.mx\/index.php\/wp-json\/wp\/v2\/posts"}],"about":[{"href":"https:\/\/www.lashistorias.com.mx\/index.php\/wp-json\/wp\/v2\/types\/post"}],"author":[{"embeddable":true,"href":"https:\/\/www.lashistorias.com.mx\/index.php\/wp-json\/wp\/v2\/users\/1"}],"replies":[{"embeddable":true,"href":"https:\/\/www.lashistorias.com.mx\/index.php\/wp-json\/wp\/v2\/comments?post=2209"}],"version-history":[{"count":7,"href":"https:\/\/www.lashistorias.com.mx\/index.php\/wp-json\/wp\/v2\/posts\/2209\/revisions"}],"predecessor-version":[{"id":8397,"href":"https:\/\/www.lashistorias.com.mx\/index.php\/wp-json\/wp\/v2\/posts\/2209\/revisions\/8397"}],"wp:attachment":[{"href":"https:\/\/www.lashistorias.com.mx\/index.php\/wp-json\/wp\/v2\/media?parent=2209"}],"wp:term":[{"taxonomy":"category","embeddable":true,"href":"https:\/\/www.lashistorias.com.mx\/index.php\/wp-json\/wp\/v2\/categories?post=2209"},{"taxonomy":"post_tag","embeddable":true,"href":"https:\/\/www.lashistorias.com.mx\/index.php\/wp-json\/wp\/v2\/tags?post=2209"}],"curies":[{"name":"wp","href":"https:\/\/api.w.org\/{rel}","templated":true}]}}