{"id":2205,"date":"2009-01-28T12:05:11","date_gmt":"2009-01-28T18:05:11","guid":{"rendered":"http:\/\/www.lashistorias.com.mx\/?p=2205"},"modified":"2010-03-05T15:48:54","modified_gmt":"2010-03-05T21:48:54","slug":"este-viernes-entrevista-en-esfera-informativa","status":"publish","type":"post","link":"https:\/\/www.lashistorias.com.mx\/index.php\/este-viernes-entrevista-en-esfera-informativa\/","title":{"rendered":"Este viernes, entrevista en Esfera Informativa"},"content":{"rendered":"<p>El noticiero Esfera Informativa de la estaci\u00f3n <a href=\"http:\/\/www.conceptoradial.com\/\">Concepto Radial<\/a> (del Tecnol\u00f3gico de Monterrey, campus Ciudad de M\u00e9xico) transmitir\u00e1 una breve entrevista que grabamos sobre la obra de Poe. La transmisi\u00f3n ser\u00e1 este viernes 30 a las 13:00 horas y se puede <a href=\"rtsp:\/\/67.192.180.182\/broadcast\/conceptoradial.rm\">escuchar por Internet<\/a> (requiere Real Player). Gracias a Laura Yaniz.<\/p>\n","protected":false},"excerpt":{"rendered":"<p>Una entrevista sobre Edgar Allan Poe se transmitir\u00e1 este viernes por la estaci\u00f3n Concepto Radial. Aqu\u00ed los datos.<\/p>\n","protected":false},"author":1,"featured_media":0,"comment_status":"open","ping_status":"open","sticky":false,"template":"","format":"standard","meta":{"advanced_seo_description":"","jetpack_seo_html_title":"","jetpack_seo_noindex":false,"jetpack_post_was_ever_published":false,"_jetpack_newsletter_access":"","_jetpack_dont_email_post_to_subs":false,"_jetpack_newsletter_tier_id":0,"_jetpack_memberships_contains_paywalled_content":false,"_jetpack_memberships_contains_paid_content":false,"footnotes":"","jetpack_publicize_message":"","jetpack_publicize_feature_enabled":true,"jetpack_social_post_already_shared":false,"jetpack_social_options":{"image_generator_settings":{"template":"highway","default_image_id":0,"font":"","enabled":false},"version":2}},"categories":[3],"tags":[570,1094,179,25,1095,8,2855,1096,1093],"class_list":["post-2205","post","type-post","status-publish","format-standard","hentry","category-lo-nuevo","tag-breves","tag-concepto-radial","tag-entrevista","tag-escritores","tag-esfera-informativa","tag-internet","tag-literatura","tag-radio","tag-tecnologico-de-monterrey"],"jetpack_publicize_connections":[],"jetpack_featured_media_url":"","jetpack_shortlink":"https:\/\/wp.me\/pjEhq-zz","jetpack_sharing_enabled":true,"_links":{"self":[{"href":"https:\/\/www.lashistorias.com.mx\/index.php\/wp-json\/wp\/v2\/posts\/2205","targetHints":{"allow":["GET"]}}],"collection":[{"href":"https:\/\/www.lashistorias.com.mx\/index.php\/wp-json\/wp\/v2\/posts"}],"about":[{"href":"https:\/\/www.lashistorias.com.mx\/index.php\/wp-json\/wp\/v2\/types\/post"}],"author":[{"embeddable":true,"href":"https:\/\/www.lashistorias.com.mx\/index.php\/wp-json\/wp\/v2\/users\/1"}],"replies":[{"embeddable":true,"href":"https:\/\/www.lashistorias.com.mx\/index.php\/wp-json\/wp\/v2\/comments?post=2205"}],"version-history":[{"count":3,"href":"https:\/\/www.lashistorias.com.mx\/index.php\/wp-json\/wp\/v2\/posts\/2205\/revisions"}],"predecessor-version":[{"id":5732,"href":"https:\/\/www.lashistorias.com.mx\/index.php\/wp-json\/wp\/v2\/posts\/2205\/revisions\/5732"}],"wp:attachment":[{"href":"https:\/\/www.lashistorias.com.mx\/index.php\/wp-json\/wp\/v2\/media?parent=2205"}],"wp:term":[{"taxonomy":"category","embeddable":true,"href":"https:\/\/www.lashistorias.com.mx\/index.php\/wp-json\/wp\/v2\/categories?post=2205"},{"taxonomy":"post_tag","embeddable":true,"href":"https:\/\/www.lashistorias.com.mx\/index.php\/wp-json\/wp\/v2\/tags?post=2205"}],"curies":[{"name":"wp","href":"https:\/\/api.w.org\/{rel}","templated":true}]}}