{"id":2173,"date":"2009-01-28T07:43:23","date_gmt":"2009-01-28T12:43:23","guid":{"rendered":"http:\/\/www.lashistorias.com.mx\/?p=2173"},"modified":"2016-10-26T10:23:22","modified_gmt":"2016-10-26T15:23:22","slug":"mi-personaje-inolvidable-iv","status":"publish","type":"post","link":"https:\/\/www.lashistorias.com.mx\/index.php\/mi-personaje-inolvidable-iv\/","title":{"rendered":"Mi personaje inolvidable (IV)"},"content":{"rendered":"<p>Para cerrar la serie de este mes, otro caso (aproximadamente) de la vida real:<\/p>\n<p>Desde que vine a la ciudad de M\u00e9xico, he vivido en seis o siete direcciones distintas. En una de muchas mudanzas, hab\u00eda decidido deshacerme de un sof\u00e1-cama en el que hab\u00eda dormido por algunos a\u00f1os pero ya estaba horriblemente maltratado, lleno de agujeros y con m\u00e1s costuras rotas que intactas. Una vecina, a la que llamar\u00e9 la se\u00f1ora F., me dijo que, pese a su estado, le interesar\u00eda tenerlo. Mi pareja de entonces y yo fuimos a dejar el sof\u00e1 en el departamento de la se\u00f1ora F., que era un cuarto de azotea, amontonado entre otros seis o siete que no tendr\u00edan m\u00e1s de cuarenta metros cuadrados cada uno: aquella era una zona \u00abde bajo precio\u00bb como las que se pueden hallar en muchos edificios de la ciudad.<\/p>\n<p>Al entrar, no s\u00f3lo descubrimos que el mueble iba a ocupar casi la totalidad de la \u00absala\u00bb: de inmediato, para ir de la \u00fanica rec\u00e1mara a la cocina, pasaron, caminando sobre el sill\u00f3n, dos adolescentes que yo ya hab\u00eda visto anteriormente en el edificio. Eran, supimos, los hijos de la se\u00f1ora F. \u00c9l se llamaba Antares y ten\u00eda 13 a\u00f1os; ella, Stephanie, ten\u00eda 12. La imagen que conservo de los dos es la de su paso por el sof\u00e1: ella delante, \u00e9l atr\u00e1s, luchando por mantener el equilibrio pese a que el coj\u00edn, hecho de esponja forrada, se hund\u00eda bajo sus pies. \u00c9l llevaba pantalones cortos, la cabeza rapada y una camiseta que le quedaba enorme. Ella tra\u00eda unos pantalones recortados de mezclilla, el pelo largo y mojado y una camiseta igual a la de su hermano.<\/p>\n<p>Digo que esto es aproximadamente fidedigno porque el hijo de la se\u00f1ora F. se llamaba como otra estrella y la hija ten\u00eda otro nombre anglosaj\u00f3n, y adem\u00e1s he cambiado otros detalles. Pero otra cosa cierta es que, por mucho tiempo, quise hacer al menos un cuento a partir de la imagen de los dos hermanos y de sus muchos otros detalles (el color indeterminado de la pared tras ellos, la huella de una cucaracha aplastada cerca del piso, el hecho de que era una noche de viernes y hac\u00eda un calor sofocante) y nunca pude. Ahora regalo la imagen a quien quiera usarla.<\/p>\n","protected":false},"excerpt":{"rendered":"<p>\u00daltimo de una serie sobre creaci\u00f3n de personajes. Esta secci\u00f3n se actualiza, casi sin fallar, los mi\u00e9rcoles.<\/p>\n","protected":false},"author":1,"featured_media":0,"comment_status":"open","ping_status":"open","sticky":false,"template":"","format":"standard","meta":{"advanced_seo_description":"","jetpack_seo_html_title":"","jetpack_seo_noindex":false,"jetpack_post_was_ever_published":false,"_jetpack_newsletter_access":"","_jetpack_dont_email_post_to_subs":true,"_jetpack_newsletter_tier_id":0,"_jetpack_memberships_contains_paywalled_content":false,"_jetpack_memberships_contains_paid_content":false,"footnotes":"","jetpack_publicize_message":"","jetpack_publicize_feature_enabled":true,"jetpack_social_post_already_shared":false,"jetpack_social_options":{"image_generator_settings":{"template":"highway","default_image_id":0,"font":"","enabled":false},"version":2}},"categories":[15],"tags":[116,2858],"class_list":["post-2173","post","type-post","status-publish","format-standard","hentry","category-taller-literario","tag-creacion-de-personajes","tag-taller-literario"],"jetpack_publicize_connections":[],"jetpack_featured_media_url":"","jetpack_shortlink":"https:\/\/wp.me\/pjEhq-z3","jetpack_sharing_enabled":true,"_links":{"self":[{"href":"https:\/\/www.lashistorias.com.mx\/index.php\/wp-json\/wp\/v2\/posts\/2173","targetHints":{"allow":["GET"]}}],"collection":[{"href":"https:\/\/www.lashistorias.com.mx\/index.php\/wp-json\/wp\/v2\/posts"}],"about":[{"href":"https:\/\/www.lashistorias.com.mx\/index.php\/wp-json\/wp\/v2\/types\/post"}],"author":[{"embeddable":true,"href":"https:\/\/www.lashistorias.com.mx\/index.php\/wp-json\/wp\/v2\/users\/1"}],"replies":[{"embeddable":true,"href":"https:\/\/www.lashistorias.com.mx\/index.php\/wp-json\/wp\/v2\/comments?post=2173"}],"version-history":[{"count":4,"href":"https:\/\/www.lashistorias.com.mx\/index.php\/wp-json\/wp\/v2\/posts\/2173\/revisions"}],"predecessor-version":[{"id":3171,"href":"https:\/\/www.lashistorias.com.mx\/index.php\/wp-json\/wp\/v2\/posts\/2173\/revisions\/3171"}],"wp:attachment":[{"href":"https:\/\/www.lashistorias.com.mx\/index.php\/wp-json\/wp\/v2\/media?parent=2173"}],"wp:term":[{"taxonomy":"category","embeddable":true,"href":"https:\/\/www.lashistorias.com.mx\/index.php\/wp-json\/wp\/v2\/categories?post=2173"},{"taxonomy":"post_tag","embeddable":true,"href":"https:\/\/www.lashistorias.com.mx\/index.php\/wp-json\/wp\/v2\/tags?post=2173"}],"curies":[{"name":"wp","href":"https:\/\/api.w.org\/{rel}","templated":true}]}}