{"id":2157,"date":"2009-01-21T08:30:34","date_gmt":"2009-01-21T13:30:34","guid":{"rendered":"http:\/\/www.lashistorias.com.mx\/?p=2157"},"modified":"2016-10-26T10:23:23","modified_gmt":"2016-10-26T15:23:23","slug":"mi-personaje-inolvidable-iii","status":"publish","type":"post","link":"https:\/\/www.lashistorias.com.mx\/index.php\/mi-personaje-inolvidable-iii\/","title":{"rendered":"Mi personaje inolvidable (III)"},"content":{"rendered":"<p>Para m\u00ed, el creador del surrealismo fue un compa\u00f1ero de la secundaria.<\/p>\n<p>Era el siglo XX y estaba de moda <em>La bamba<\/em>, la pel\u00edcula de Luis Valdez, as\u00ed como la versi\u00f3n de Los Lobos de la versi\u00f3n de Ritchie Valens de la <a href=\"http:\/\/es.wikipedia.org\/wiki\/La_bamba\">canci\u00f3n tradicional<\/a>. Un d\u00eda, en un receso, me quej\u00e9 de que la letra de la versi\u00f3n de Valens\/Los Lobos (\u00abay arriba y arriba \/ por ti ser\u00e9\u00bb) era rid\u00edcula pues se com\u00eda <a href=\"http:\/\/www.folklorico.com\/bailes\/veracruz\/sintesis-veracruz.html\">versos de la original<\/a>. Mi amigo comenz\u00f3 a burlarse, cantando uno despu\u00e9s de otro pedazos todav\u00eda m\u00e1s remotos de <em>La bamba<\/em>, y entre las tonter\u00edas a las que lleg\u00f3 estaba la siguiente: \u00abpara ser marinero se necesita \/ una poca de bamba y una escalera \/ yo no soy escalera \/ por ti ser\u00e9, por ti ser\u00e9, por ti ser\u00e9\u00bb.<\/p>\n<div align=center><img loading=\"lazy\" decoding=\"async\" src=\"https:\/\/www.lashistorias.com.mx\/wp-content\/uploads\/2009\/01\/la-bamba-los-lobos.jpg\" alt=\"La Bamba\" title=\"La Bamba\" width=\"300\" height=\"300\" class=\"alignnone size-full wp-image-2158\" \/><\/div>\n<p>\u00bfSe creer\u00e1 cu\u00e1nto me fascin\u00f3 aquello? La frase era una fantas\u00eda absolutamente absurda, irresponsable, loca. \u00bfPara qu\u00e9 la escalera? \u00bfY qui\u00e9n quer\u00eda tanto a ese otro que quer\u00eda ser marinero como para convertirse en una? \u00bfY c\u00f3mo? Evidentemente, no la olvid\u00e9. Y supe del \u00ab<a href=\"http:\/\/es.wikipedia.org\/wiki\/Los_Cantos_de_Maldoror\">encuentro fortuito en una mesa de disecci\u00f3n de una m\u00e1quina de coser y un paraguas<\/a>\u00bb (aquella frase del Conde de Lautr\u00e9amont retomada por los surrealistas) s\u00f3lo hasta algunos a\u00f1os despu\u00e9s&#8230;<\/p>\n<p>Mi amigo s\u00ed lleg\u00f3 a olvidar lo que hab\u00eda dicho. Y luego salimos de la secundaria y nunca m\u00e1s volv\u00ed a verlo. Me pregunto qu\u00e9 habr\u00e1 sido de \u00e9l. Tal vez no sea un insulto imaginar su vida posterior en una peque\u00f1a historia (o m\u00e1s de una vida posterior en m\u00e1s de una peque\u00f1a historia): crearle una biograf\u00eda imaginaria a partir del \u00fanico detalle que he mencionado, es decir, de su imaginaci\u00f3n, que juntaba t\u00e9rminos y conceptos con la misma valent\u00eda que el Conde de Lautr\u00e9amont pero m\u00e1s de un siglo despu\u00e9s&#8230;<\/p>\n","protected":false},"excerpt":{"rendered":"<p>Un ejercicio m\u00e1s de creaci\u00f3n de personajes. Esta secci\u00f3n se actualiza (casi sin fallar) los mi\u00e9rcoles.<\/p>\n","protected":false},"author":1,"featured_media":0,"comment_status":"open","ping_status":"open","sticky":false,"template":"","format":"standard","meta":{"advanced_seo_description":"","jetpack_seo_html_title":"","jetpack_seo_noindex":false,"jetpack_post_was_ever_published":false,"_jetpack_newsletter_access":"","_jetpack_dont_email_post_to_subs":true,"_jetpack_newsletter_tier_id":0,"_jetpack_memberships_contains_paywalled_content":false,"_jetpack_memberships_contains_paid_content":false,"footnotes":"","jetpack_publicize_message":"","jetpack_publicize_feature_enabled":true,"jetpack_social_post_already_shared":false,"jetpack_social_options":{"image_generator_settings":{"template":"highway","default_image_id":0,"font":"","enabled":false},"version":2}},"categories":[15],"tags":[1082,1085,1083,515,2858],"class_list":["post-2157","post","type-post","status-publish","format-standard","hentry","category-taller-literario","tag-la-bamba","tag-lautreamont","tag-los-lobos","tag-surrealismo","tag-taller-literario"],"jetpack_publicize_connections":[],"jetpack_featured_media_url":"","jetpack_shortlink":"https:\/\/wp.me\/pjEhq-yN","jetpack_sharing_enabled":true,"_links":{"self":[{"href":"https:\/\/www.lashistorias.com.mx\/index.php\/wp-json\/wp\/v2\/posts\/2157","targetHints":{"allow":["GET"]}}],"collection":[{"href":"https:\/\/www.lashistorias.com.mx\/index.php\/wp-json\/wp\/v2\/posts"}],"about":[{"href":"https:\/\/www.lashistorias.com.mx\/index.php\/wp-json\/wp\/v2\/types\/post"}],"author":[{"embeddable":true,"href":"https:\/\/www.lashistorias.com.mx\/index.php\/wp-json\/wp\/v2\/users\/1"}],"replies":[{"embeddable":true,"href":"https:\/\/www.lashistorias.com.mx\/index.php\/wp-json\/wp\/v2\/comments?post=2157"}],"version-history":[{"count":4,"href":"https:\/\/www.lashistorias.com.mx\/index.php\/wp-json\/wp\/v2\/posts\/2157\/revisions"}],"predecessor-version":[{"id":3173,"href":"https:\/\/www.lashistorias.com.mx\/index.php\/wp-json\/wp\/v2\/posts\/2157\/revisions\/3173"}],"wp:attachment":[{"href":"https:\/\/www.lashistorias.com.mx\/index.php\/wp-json\/wp\/v2\/media?parent=2157"}],"wp:term":[{"taxonomy":"category","embeddable":true,"href":"https:\/\/www.lashistorias.com.mx\/index.php\/wp-json\/wp\/v2\/categories?post=2157"},{"taxonomy":"post_tag","embeddable":true,"href":"https:\/\/www.lashistorias.com.mx\/index.php\/wp-json\/wp\/v2\/tags?post=2157"}],"curies":[{"name":"wp","href":"https:\/\/api.w.org\/{rel}","templated":true}]}}