{"id":2046,"date":"2009-01-14T16:00:05","date_gmt":"2009-01-14T22:00:05","guid":{"rendered":"http:\/\/www.lashistorias.com.mx\/?p=2046"},"modified":"2010-03-05T15:48:55","modified_gmt":"2010-03-05T21:48:55","slug":"homenajes-en-la-casa-poe","status":"publish","type":"post","link":"https:\/\/www.lashistorias.com.mx\/index.php\/homenajes-en-la-casa-poe\/","title":{"rendered":"Homenajes en la Casa Poe"},"content":{"rendered":"<p>Mi amigo Roberto Coria, organizador y promotor del grupo Cad\u00e1ver Exquisito, env\u00eda la siguiente invitaci\u00f3n: con motivo del bicentenario de Edgar Allan Poe, el grupo abrir\u00e1 su nueva sede, que llevar\u00e1 precisamente el nombre de Casa Poe, y celebrar\u00e1 con una serie muy nutrida de actividades para todo p\u00fablico alrededor del autor de <em>Los cr\u00edmenes de la calle Morgue<\/em>. Yo tendr\u00e9 el gusto de estar en una mesa redonda titulada \u00abTodos somos Poe\u00bb el viernes 23&#8230;, pero la informaci\u00f3n completa es la que sigue. Ojal\u00e1 nos encontremos all\u00e1.<\/p>\n<blockquote><p>El pr\u00f3ximo lunes 19 de enero se cumplir\u00e1n 200 a\u00f1os del nacimiento de Edgar Allan Poe, padre de la literatura moderna, fundador de la novela policiaca, transformador de las leyes tradicionales del relato y la composici\u00f3n po\u00e9tica. Con tal motivo organizaremos \u00a0a lo largo del a\u00f1o varias actividades para recordarlo, iniciando con un Homenaje de una semana que arrancar\u00e1 el lunes 19 de enero de 2008, a partir de las 17 horas, en la Casa Poe, ubicada en Zacatecas 142 A, en la Colonia Roma.<br \/>\n<strong><\/strong><\/p>\n<p><strong>Homenaje a Edgar Allan Poe<\/strong><br \/>\n<em>Programa<\/em><\/p>\n<p><em><\/em><br \/>\nLUNES 19<br \/>\n18:00 hrs. Proyecci\u00f3n de <em>La ca\u00edda de la casa Usher <\/em>(1960), de Roger Corman. Presentada por Francisco de Le\u00f3n.<br \/>\n19:30 hrs. Presentaci\u00f3n de Casa Poe y el homenaje, por Vicente Quirarte.<br \/>\n20:15 hrs. Conferencia. \u00abEdgar Allan Poe, un retrato desde la desesperaci\u00f3n\u00bb, por Roberto <span class=\"nfakPe\">Coria<\/span>.<br \/>\n21:00 hrs. Lectura con Guillermo Henry, dirigida por Eduardo Ruiz Savi\u00f1\u00f3n.<\/p>\n<p>MARTES 20<br \/>\n18:00 hrs. Conferencia. \u00abLos alumnos de Poe. I. El miedo\u00bb. Lectura de <em>Los ni\u00f1os de paja <\/em>de Bernardo Esquinca en voz de su autor<br \/>\n19:15 hrs. Conferencia. \u00abEdgar Allan Poe en M\u00e9xico\u00bb, por Vicente Quirarte y Lilia Vieyra.<br \/>\n20:30 hrs. Cortometraje <em>El coraz\u00f3n delator<\/em>, presentado por Francisco de Le\u00f3n.<br \/>\n21:00 hrs. Lectura. <em>La ca\u00edda de la casa Usher<\/em>, dirigida por Eduardo Ruiz Savi\u00f1\u00f3n. Con Elena de Haro, Nicol\u00e1s Ni\u00f1ez y Guillermo Henry.<\/p>\n<p>MIERCOLES 21<br \/>\n18:00 hrs. Proyecci\u00f3n de <em>El pozo y el p\u00e9ndulo<\/em> (1961), de Roger Corman. Presentada por Francisco de Le\u00f3n<br \/>\n19:45 hrs. Conferencia. \u00abEdgar Allan Poe y el cuento contempor\u00e1neo\u00bb, por Lauro Zavala.<br \/>\n21:00 hrs. Lectura. <em>El hombre que coleccionaba a Poe<\/em>, de Robert Bloch, con Guillermo Henry y Abraham Feria, dirigida por Eduardo Ruiz Savi\u00f1\u00f3n.<\/p>\n<p>JUEVES 22<br \/>\n18:00 hrs. Conferencia. \u00abLos alumnos de Poe. II. El deseo\u00bb. Lectura de cuentos del libro colectivo <em>Infidelidades<\/em>, en voz de sus autores.<br \/>\n19:30 hrs. Conferencia. \u00abEdgar Allan Poe, detective\u00bb, \u00a0por Francisco de Le\u00f3n.<br \/>\n21:00 hrs. Lecturas con Guillermo Henry, dirigida por Eduardo Ruiz Savi\u00f1\u00f3n.<\/p>\n<p>VIERNES 23<br \/>\n18:00 hrs. Proyecci\u00f3n de <em>Los cr\u00edmenes de la calle Morgue<\/em> (1986), de Jeannot Szwarc. Presentada por Roberto <span class=\"nfakPe\">Coria<\/span>.<br \/>\n19:45hrs. Mesa redonda. \u00abTodos somos Poe\u00bb, \u00a0moderada por Vicente Quirarte, con Alberto Chimal, Emiliano Gonz\u00e1lez y otros invitados (lista completa por confirmar).<br \/>\n21:00 hrs. Lecturas. \u00abLos alumnos de Poe. III. La poes\u00eda\u00bb. Lectura de distintas versiones del poema \u00abEl cuervo\u00bb de Edgar Allan Poe, con Guillermo Henry, dirigida por Eduardo Ruiz Savi\u00f1\u00f3n.<\/p>\n<p>SABADO 24<br \/>\n12:00 hrs. \u00abEdgar Allan Poe para ni\u00f1os\u00bb (lectura de cuentos), con Ana Luisa Campos.<br \/>\n13:00 hrs. Proyecci\u00f3n de pel\u00edculas basadas en Poe.<br \/>\n<em>Los cr\u00edmenes de la calle Morgue.<\/em> Dir. Robert Florey, Estados Unidos, 1932, 61 min. Con Bela Lugosi<br \/>\n<em>El gato negro. <\/em>Dir. Edgar G. Ulmer. Estados Unidos, 1934, 65 min. Con Bela Lugosi y Boris Karloff<br \/>\n<em>El cuervo. <\/em>Dir. Roger Corman, Estados Unidos, 1963, 86 min. Con Vincent Price, Peter Lorre, Boris Karloff y Jack Nicholson.<br \/>\n<em>The black cat. <\/em>Dir. Stuart Gordon, Estados Unidos, 2006, 42 min. Con Jeffrey Combs **En ingl\u00e9s.<br \/>\n18:00 hrs. Conferencia. \u00abPoe y el cine\u00bb, con Rafael Avi\u00f1a.<br \/>\n19:15 hrs. Ceremonia de clausura.<span style=\"color: #888888;\"><br \/>\n<\/span><\/p><\/blockquote>\n<p>El programa Testigos del crimen, conducido por Roberto, puede escucharse desde <a href=\"http:\/\/frecuenciacero.com.mx\/testigosdelcrimen\/\">esta p\u00e1gina<\/a>.<\/p>\n","protected":false},"excerpt":{"rendered":"<p>Invitaci\u00f3n especial: una serie de homenajes a Poe en la ciudad de M\u00e9xico, con lecturas, conferencias, cine y mucho m\u00e1s, a partir del 19 de enero.<\/p>\n","protected":false},"author":1,"featured_media":0,"comment_status":"open","ping_status":"open","sticky":false,"template":"","format":"standard","meta":{"advanced_seo_description":"","jetpack_seo_html_title":"","jetpack_seo_noindex":false,"jetpack_post_was_ever_published":false,"_jetpack_newsletter_access":"","_jetpack_dont_email_post_to_subs":false,"_jetpack_newsletter_tier_id":0,"_jetpack_memberships_contains_paywalled_content":false,"_jetpack_memberships_contains_paid_content":false,"footnotes":"","jetpack_publicize_message":"","jetpack_publicize_feature_enabled":true,"jetpack_social_post_already_shared":false,"jetpack_social_options":{"image_generator_settings":{"template":"highway","default_image_id":0,"font":"","enabled":false},"version":2}},"categories":[3],"tags":[17,570,1060,1064,2860,22,142,171,25,1061,6,2855,914,12,1062,960,1063,1059],"class_list":["post-2046","post","type-post","status-publish","format-standard","hentry","category-lo-nuevo","tag-amistades","tag-breves","tag-cadaver-exquisito","tag-casa-poe","tag-cine","tag-cuento","tag-edgar-allan-poe","tag-emiliano-gonzalez","tag-escritores","tag-francisco-de-leon","tag-general","tag-literatura","tag-poe2009","tag-presentaciones","tag-rafael-avina","tag-roberto-coria","tag-roger-corman","tag-vicente-quirarte"],"jetpack_publicize_connections":[],"jetpack_featured_media_url":"","jetpack_shortlink":"https:\/\/wp.me\/pjEhq-x0","jetpack_sharing_enabled":true,"_links":{"self":[{"href":"https:\/\/www.lashistorias.com.mx\/index.php\/wp-json\/wp\/v2\/posts\/2046","targetHints":{"allow":["GET"]}}],"collection":[{"href":"https:\/\/www.lashistorias.com.mx\/index.php\/wp-json\/wp\/v2\/posts"}],"about":[{"href":"https:\/\/www.lashistorias.com.mx\/index.php\/wp-json\/wp\/v2\/types\/post"}],"author":[{"embeddable":true,"href":"https:\/\/www.lashistorias.com.mx\/index.php\/wp-json\/wp\/v2\/users\/1"}],"replies":[{"embeddable":true,"href":"https:\/\/www.lashistorias.com.mx\/index.php\/wp-json\/wp\/v2\/comments?post=2046"}],"version-history":[{"count":12,"href":"https:\/\/www.lashistorias.com.mx\/index.php\/wp-json\/wp\/v2\/posts\/2046\/revisions"}],"predecessor-version":[{"id":5735,"href":"https:\/\/www.lashistorias.com.mx\/index.php\/wp-json\/wp\/v2\/posts\/2046\/revisions\/5735"}],"wp:attachment":[{"href":"https:\/\/www.lashistorias.com.mx\/index.php\/wp-json\/wp\/v2\/media?parent=2046"}],"wp:term":[{"taxonomy":"category","embeddable":true,"href":"https:\/\/www.lashistorias.com.mx\/index.php\/wp-json\/wp\/v2\/categories?post=2046"},{"taxonomy":"post_tag","embeddable":true,"href":"https:\/\/www.lashistorias.com.mx\/index.php\/wp-json\/wp\/v2\/tags?post=2046"}],"curies":[{"name":"wp","href":"https:\/\/api.w.org\/{rel}","templated":true}]}}